{"id":73977,"date":"2015-10-22T19:16:14","date_gmt":"2015-10-22T22:16:14","guid":{"rendered":"http:\/\/www.24baires.com\/?p=73977"},"modified":"2015-10-22T19:16:14","modified_gmt":"2015-10-22T22:16:14","slug":"amia-ex-titular-de-side-se-nego-a-declarar-en-el-juicio-por-encubrimiento","status":"publish","type":"post","link":"http:\/\/www.24baires.com\/?p=73977","title":{"rendered":"AMIA: Ex titular de SIDE se neg\u00f3 a declarar en el juicio por encubrimiento"},"content":{"rendered":"<p><img data-recalc-dims=\"1\" loading=\"lazy\" decoding=\"async\" class=\"aligncenter size-full wp-image-46084\" src=\"https:\/\/i0.wp.com\/www.24baires.com\/wp-content\/uploads\/2014\/05\/Atentado_AMIA.jpg?resize=560%2C373\" alt=\"Atentado_AMIA\" width=\"560\" height=\"373\" srcset=\"https:\/\/i0.wp.com\/www.24baires.com\/wp-content\/uploads\/2014\/05\/Atentado_AMIA.jpg?w=560 560w, https:\/\/i0.wp.com\/www.24baires.com\/wp-content\/uploads\/2014\/05\/Atentado_AMIA.jpg?resize=300%2C199 300w\" sizes=\"auto, (max-width: 560px) 100vw, 560px\" \/>Hugo Anzorreguy ejerci\u00f3 su derecho de permanecer callado por recomendaci\u00f3n de su m\u00e9dico. Est\u00e1 acusado de desviar la investigaci\u00f3n que segu\u00eda la pista seria en el atentado a la mutual jud\u00eda.<!--more--><\/p>\n<p>El ex titular de la SIDE durante el menemismo Hugo Anzorreguy se neg\u00f3 este jueves a declarar en el juicio que se le sigue por el encubrimiento del atentado contra la AMIA.<\/p>\n<p>El ex funcionario, de 77 a\u00f1os, dijo que no recordaba su n\u00famero de DNI, y luego el tribunal comenz\u00f3 la lectura de un escrito que el ex jefe de la SIDE hab\u00eda presentado durante la investigaci\u00f3n del caso.<br \/>\nEsta semana el Tribunal resolvi\u00f3 que Anzorreguy estaba en condiciones de prestar declaraci\u00f3n indagatoria en base al informe de los peritos m\u00e9dicos que concluyeron que \u00abse encuentra en condiciones ps\u00edquicas de comprender los motivos y las implicancias de estar sometido a proceso\u00bb.<\/p>\n<p>Sin embargo, Anzorreguy, se neg\u00f3 a responder preguntas. Est\u00e1 acusado del desv\u00edo de la investigaci\u00f3n que apuntaba a un empresario de origen sirio, Alberto Kanoore Edul, con supuestas vinculaciones con el entonces presidente Carlos Menem.<\/p>\n<p>Tambi\u00e9n por el pago de 400.000 d\u00f3lares de fondos reservados al ex reducidor de autos Carlos Telleld\u00edn, acusado en este juicio, para que apuntara a polic\u00edas de la bonaerense, encabezados por Juan Jos\u00e9 Ribelli, que terminaron absueltos.<\/p>\n","protected":false},"excerpt":{"rendered":"<p>Hugo Anzorreguy ejerci\u00f3 su derecho de permanecer callado por recomendaci\u00f3n de su m\u00e9dico. Est\u00e1 acusado de desviar la investigaci\u00f3n que segu\u00eda la pista seria en el atentado a la mutual jud\u00eda.<\/p>\n","protected":false},"author":8,"featured_media":0,"comment_status":"open","ping_status":"open","sticky":false,"template":"","format":"standard","meta":{"_jetpack_newsletter_access":"","_jetpack_dont_email_post_to_subs":false,"_jetpack_newsletter_tier_id":0,"_jetpack_memberships_contains_paywalled_content":false,"_jetpack_memberships_contains_paid_content":false,"footnotes":""},"categories":[51],"tags":[],"class_list":["post-73977","post","type-post","status-publish","format-standard","hentry","category-politica"],"jetpack_shortlink":"https:\/\/wp.me\/p2JWE0-jfb","jetpack-related-posts":[{"id":64088,"url":"http:\/\/www.24baires.com\/?p=64088","url_meta":{"origin":73977,"position":0},"title":"El juicio por encubrimiento por la causa AMIA comenzar\u00e1 el 6 de agosto","author":"GB","date":"10\/04\/2015","format":false,"excerpt":"La fecha fue fijada por el Tribunal Oral Federal 2 de la Capital. Ser\u00e1n juzgados, entre otros, el ex presidente Carlos Menem, el entonces jefe de la Side, Hugo Anzorreguy. y el ex juez Juan Jos\u00e9 Galeano. El Tribunal Oral Federal 2 de la Capital fij\u00f3 la fecha del 6\u2026","rel":"","context":"En \u00abJUDICIALES\u00bb","block_context":{"text":"JUDICIALES","link":"http:\/\/www.24baires.com\/?cat=68"},"img":{"alt_text":"Atentado_AMIA","src":"https:\/\/i0.wp.com\/www.24baires.com\/wp-content\/uploads\/2014\/05\/Atentado_AMIA.jpg?resize=350%2C200","width":350,"height":200,"srcset":"https:\/\/i0.wp.com\/www.24baires.com\/wp-content\/uploads\/2014\/05\/Atentado_AMIA.jpg?resize=350%2C200 1x, https:\/\/i0.wp.com\/www.24baires.com\/wp-content\/uploads\/2014\/05\/Atentado_AMIA.jpg?resize=525%2C300 1.5x"},"classes":[]},{"id":64709,"url":"http:\/\/www.24baires.com\/?p=64709","url_meta":{"origin":73977,"position":1},"title":"Menem se notific\u00f3 en persona en el juicio por encubrimiento de la AMIA","author":"AF","date":"22\/04\/2015","format":false,"excerpt":"El actual senador Carlos Menem tuvo que concurrir en persona al sexto piso de los tribunales federales de Retiro, junto a sus abogados Omar Daer y Pedro Baldi, para quedar notificado del juicio oral en la causa donde qued\u00f3 procesado por encubrimiento. El ex presidente Carlos Menem se notific\u00f3 hoy\u2026","rel":"","context":"En \u00abLocales\u00bb","block_context":{"text":"Locales","link":"http:\/\/www.24baires.com\/?cat=38"},"img":{"alt_text":"","src":"","width":0,"height":0},"classes":[]},{"id":69955,"url":"http:\/\/www.24baires.com\/?p=69955","url_meta":{"origin":73977,"position":2},"title":"El jueves comenzar\u00e1 el juicio por encubrimiento de la causa Amia","author":"AF","date":"03\/08\/2015","format":false,"excerpt":"Ser\u00e1n juzgados el ex presidente Carlos Menem; el ex tituar de la SIDE, Hugo Anzorregui; el ex Juez Juan Jos\u00e9 Galeano; el ex titular de la DAIA, Rub\u00e9n Beraja y el ex comisario Jorge \"Fino\" Palacios, entre otros. El pr\u00f3ximo jueves comenzar\u00e1 el juicio oral por graves delitos cometidos durante\u2026","rel":"","context":"En \u00abJUDICIALES\u00bb","block_context":{"text":"JUDICIALES","link":"http:\/\/www.24baires.com\/?cat=68"},"img":{"alt_text":"","src":"","width":0,"height":0},"classes":[]},{"id":87133,"url":"http:\/\/www.24baires.com\/?p=87133","url_meta":{"origin":73977,"position":3},"title":"Denunciaron a Menem por falso testimonio en el causa por el atentado a la AMIA","author":"GB","date":"03\/09\/2016","format":false,"excerpt":"Los titulares de la Unidad Fiscal de Investigaci\u00f3n del atentado a la AMIA denunciaron por falso testimonio al ex presidente debido a las declaraciones que brind\u00f3 este a\u00f1o en el marco de la causa que investiga el ataque ocurrido en 1994. Aseguran que \"no s\u00e9\" y \"no recuerdo\" fueron las\u2026","rel":"","context":"En \u00abJUDICIALES\u00bb","block_context":{"text":"JUDICIALES","link":"http:\/\/www.24baires.com\/?cat=68"},"img":{"alt_text":"menem c","src":"https:\/\/i0.wp.com\/www.24baires.com\/wp-content\/uploads\/2016\/05\/menem-c.jpg?resize=350%2C200","width":350,"height":200,"srcset":"https:\/\/i0.wp.com\/www.24baires.com\/wp-content\/uploads\/2016\/05\/menem-c.jpg?resize=350%2C200 1x, https:\/\/i0.wp.com\/www.24baires.com\/wp-content\/uploads\/2016\/05\/menem-c.jpg?resize=525%2C300 1.5x"},"classes":[]},{"id":107035,"url":"http:\/\/www.24baires.com\/?p=107035","url_meta":{"origin":73977,"position":4},"title":"Absolvieron a Menem por el juicio por encubrimiento del atentado a la AMIA","author":"AF","date":"28\/02\/2019","format":false,"excerpt":"El ex presidente y actual senador fue absuelto en la causa por encubrimiento del atentado contra la AMIA. Este juicio oral se desarroll\u00f3 durante a\u00f1os ante la indiferencia casi total de los grande medios. El gobierno intent\u00f3 salvar a muchos de los imputados. El ex presidente y actual senador Carlos\u2026","rel":"","context":"En \u00abJUDICIALES\u00bb","block_context":{"text":"JUDICIALES","link":"http:\/\/www.24baires.com\/?cat=68"},"img":{"alt_text":"","src":"https:\/\/i0.wp.com\/www.24baires.com\/wp-content\/uploads\/2016\/05\/menem-c.jpg?resize=350%2C200","width":350,"height":200,"srcset":"https:\/\/i0.wp.com\/www.24baires.com\/wp-content\/uploads\/2016\/05\/menem-c.jpg?resize=350%2C200 1x, https:\/\/i0.wp.com\/www.24baires.com\/wp-content\/uploads\/2016\/05\/menem-c.jpg?resize=525%2C300 1.5x"},"classes":[]},{"id":79923,"url":"http:\/\/www.24baires.com\/?p=79923","url_meta":{"origin":73977,"position":5},"title":"Stiuso no declar\u00f3 y present\u00f3 un escrito en la causa por el atentado a la AMIA","author":"AF","date":"09\/03\/2016","format":false,"excerpt":"El ex director de operaciones de la SIDE dijo que evitaba declarar bajo juramento de verdad porque est\u00e1 imputado en una causa por supuesto \"encubrimiento\" del ataque y podr\u00eda quedar incriminado con sus dichos. El ex director de Operaciones de la SIDE, Antonio Stiuso, se present\u00f3 a declarar como testigo\u2026","rel":"","context":"En \u00abJUDICIALES\u00bb","block_context":{"text":"JUDICIALES","link":"http:\/\/www.24baires.com\/?cat=68"},"img":{"alt_text":"stiuso","src":"https:\/\/i0.wp.com\/www.24baires.com\/wp-content\/uploads\/2015\/10\/stiuso.jpg?resize=350%2C200","width":350,"height":200,"srcset":"https:\/\/i0.wp.com\/www.24baires.com\/wp-content\/uploads\/2015\/10\/stiuso.jpg?resize=350%2C200 1x, https:\/\/i0.wp.com\/www.24baires.com\/wp-content\/uploads\/2015\/10\/stiuso.jpg?resize=525%2C300 1.5x"},"classes":[]}],"jetpack_sharing_enabled":true,"jetpack_likes_enabled":true,"jetpack_featured_media_url":"","_links":{"self":[{"href":"http:\/\/www.24baires.com\/index.php?rest_route=\/wp\/v2\/posts\/73977","targetHints":{"allow":["GET"]}}],"collection":[{"href":"http:\/\/www.24baires.com\/index.php?rest_route=\/wp\/v2\/posts"}],"about":[{"href":"http:\/\/www.24baires.com\/index.php?rest_route=\/wp\/v2\/types\/post"}],"author":[{"embeddable":true,"href":"http:\/\/www.24baires.com\/index.php?rest_route=\/wp\/v2\/users\/8"}],"replies":[{"embeddable":true,"href":"http:\/\/www.24baires.com\/index.php?rest_route=%2Fwp%2Fv2%2Fcomments&post=73977"}],"version-history":[{"count":1,"href":"http:\/\/www.24baires.com\/index.php?rest_route=\/wp\/v2\/posts\/73977\/revisions"}],"predecessor-version":[{"id":73978,"href":"http:\/\/www.24baires.com\/index.php?rest_route=\/wp\/v2\/posts\/73977\/revisions\/73978"}],"wp:attachment":[{"href":"http:\/\/www.24baires.com\/index.php?rest_route=%2Fwp%2Fv2%2Fmedia&parent=73977"}],"wp:term":[{"taxonomy":"category","embeddable":true,"href":"http:\/\/www.24baires.com\/index.php?rest_route=%2Fwp%2Fv2%2Fcategories&post=73977"},{"taxonomy":"post_tag","embeddable":true,"href":"http:\/\/www.24baires.com\/index.php?rest_route=%2Fwp%2Fv2%2Ftags&post=73977"}],"curies":[{"name":"wp","href":"https:\/\/api.w.org\/{rel}","templated":true}]}}