{"id":73908,"date":"2015-10-21T18:30:43","date_gmt":"2015-10-21T21:30:43","guid":{"rendered":"http:\/\/www.24baires.com\/?p=73908"},"modified":"2015-10-22T10:48:52","modified_gmt":"2015-10-22T13:48:52","slug":"cristina-la-relacion-estrategica-con-rusia-va-a-seguir","status":"publish","type":"post","link":"http:\/\/www.24baires.com\/?p=73908","title":{"rendered":"Cristina: \u201cLa relaci\u00f3n estrat\u00e9gica con Rusia va a seguir\u201d"},"content":{"rendered":"<p><img data-recalc-dims=\"1\" loading=\"lazy\" decoding=\"async\" class=\"aligncenter size-full wp-image-70904\" src=\"https:\/\/i0.wp.com\/www.24baires.com\/wp-content\/uploads\/2015\/08\/cristina-cadena.jpg?resize=560%2C313\" alt=\"cristina cadena\" width=\"560\" height=\"313\" srcset=\"https:\/\/i0.wp.com\/www.24baires.com\/wp-content\/uploads\/2015\/08\/cristina-cadena.jpg?w=560 560w, https:\/\/i0.wp.com\/www.24baires.com\/wp-content\/uploads\/2015\/08\/cristina-cadena.jpg?resize=300%2C168 300w\" sizes=\"auto, (max-width: 560px) 100vw, 560px\" \/>La presidenta Cristina Fern\u00e1ndez de Kirchner se manifest\u00f3 \u201cmuy contenta\u201d con la conversaci\u00f3n que mantuvo con el presidente de la Federaci\u00f3n Rusa, Vladimir Putin, a trav\u00e9s de una videoconferencia, porque \u201chubo la confirmaci\u00f3n y la decisi\u00f3n\u201d de ambos mandatarios de que \u201cesta asociaci\u00f3n estrat\u00e9gica integral entre los dos pa\u00edses va a seguir\u201d, y sostuvo que Putin \u201cse ha convertido en un l\u00edder global en la lucha contra el terrorismo\u201d.<!--more--><\/p>\n<p>La mandataria agradeci\u00f3 adem\u00e1s a su par ruso \u201csus deseos de que habiendo elecciones del pr\u00f3ximo domingo en la Argentina haya mencionado la necesidad de seguir profundizando esta integraci\u00f3n\u201d y consider\u00f3 que \u201cesto va a ser as\u00ed porque nuestra fuerza pol\u00edtica va a seguir conduciendo los destinos de la Argentina\u201d.<\/p>\n<p>\u201cHay una raz\u00f3n muy sencilla: por los adelantos, porque la gente quiere progresar, porque lo que hemos podido construir en estos 12 a\u00f1os y medio, a partir de una Argentina que estaba literalmente destruida y devastada en el a\u00f1o 2003, a esta Argentina desendeudada, reindustrializada, con millones de puestos de trabajo, que est\u00e1 creciendo su actividad econ\u00f3mica pese a una Am\u00e9rica Latina que no crece\u201d, dijo.<\/p>\n<p>En declaraciones que formul\u00f3 en la residencia de Olivos al canal Russia Today (RT) en espa\u00f1ol, luego de la videoconferencia, la presidenta argentina elogi\u00f3 el discurso que pronunci\u00f3 Putin en la reciente Asamblea de las Naciones Unidas, al que calific\u00f3 como \u201cmuy sensato, y segundo muy sincero, donde habl\u00f3 de un doble est\u00e1ndar, y que hab\u00eda que tener una decisi\u00f3n real de combatir al terrorismo, pero a todos los terrorismo, porque no hay terrorismos buenos y terrorismos malos\u201d.<\/p>\n<p>Afirm\u00f3 en ese punto que \u201cla posici\u00f3n y la intervenci\u00f3n que tiene la Federaci\u00f3n Rusa en el combate contra el terrorismo que se ha apoderado de Medio Oriente, lo ha convertido a la vista de todo el mundo en un l\u00edder global en la lucha contra el terrorismo y creo que esto es muy bueno porque ayuda a combatir hipocres\u00edas, a que la gente pueda ver las cosa con mayor claridad\u201d.<\/p>\n<p>\u201cHasta tanto no se resuelva y no se reconozca de parte de todos los Estados la existencia del Estado Palestino, vamos a tener siempre a los que utilicen este argumento para desviar en acciones terroristas y quieran justificar cualquier cosa\u201d, dijo y reforz\u00f3: \u00abSi se quiere combatir en serio al terrorismo lo primero que se tiene que hacer es reconocer, todos los pa\u00edses de la ONU, al Estado Palestino como estado soberano\u201d.<\/p>\n<p>Destac\u00f3 luego en el marco de la conversaci\u00f3n con Putin \u201cesta suerte de articulaci\u00f3n sobre lo que es nuestra visi\u00f3n sobre el mundo, sobre las relaciones internacionales, sobre c\u00f3mo debe organizarse globalmente la diplomacia, porque ya no podemos tener una diplomacia de doble rasero, donde decimos una cosa y hacemos otra\u201d.<\/p>\n<p>\u201cMe llena de orgullo cuando el presidente Putin me dec\u00eda que en Rusia est\u00e1n comiendo carne bovina argentina, y los proyectos que tenemos en com\u00fan\u201d, indic\u00f3 y mencion\u00f3 \u201cChiuidos, Atucha VI., la asociaci\u00f3n que queremos hacer entre Gazprom e YPF, que est\u00e1 entre las 2.000 empresas m\u00e1s importantes del mundo y es la m\u00e1s importante de la Argentina\u201d.<\/p>\n<p>\u201cEsperemos y aspiramos a que se llegue a una buena articulaci\u00f3n en estas conversaciones con Gazprom, porque es muy importante\u201d, a\u00f1adi\u00f3 Cristina, quien destac\u00f3 que Putin tambi\u00e9n mencion\u00f3 \u201cla radicaci\u00f3n en el pa\u00eds para fabricar maquinaria para petr\u00f3leo con el expertise, el know how que tiene Rusia, que es uno de los principales productores de petr\u00f3leo y de gas de todo el mundo\u201d.<\/p>\n<p>Por otra parte, la presidenta argentina resalt\u00f3 la importancia que tiene el canal Russia Today, al que calific\u00f3 como \u201cun magn\u00edfico instrumento porque toda Am\u00e9rica Latina, salvo el caso de Telesur, que tambi\u00e9n es un paradigma de poder acceder a la informaci\u00f3n correcta y que existe a nivel internacional en nuestra regi\u00f3n, tiene el gran problema de las cadenas norteamericanas que informan lo que ellas quieren, informan, ocultan, y distorsionan\u201d.<\/p>\n","protected":false},"excerpt":{"rendered":"<p>La presidenta Cristina Fern\u00e1ndez de Kirchner se manifest\u00f3 \u201cmuy contenta\u201d con la conversaci\u00f3n que mantuvo con el presidente de la Federaci\u00f3n Rusa, Vladimir Putin, a trav\u00e9s de una videoconferencia, porque \u201chubo la confirmaci\u00f3n y la decisi\u00f3n\u201d de ambos mandatarios de que \u201cesta asociaci\u00f3n estrat\u00e9gica integral entre los dos pa\u00edses va a seguir\u201d, y sostuvo que Putin \u201cse ha convertido en [&#8230;]<\/p>\n","protected":false},"author":8,"featured_media":0,"comment_status":"open","ping_status":"open","sticky":false,"template":"","format":"standard","meta":{"_jetpack_newsletter_access":"","_jetpack_dont_email_post_to_subs":false,"_jetpack_newsletter_tier_id":0,"_jetpack_memberships_contains_paywalled_content":false,"_jetpack_memberships_contains_paid_content":false,"footnotes":""},"categories":[51],"tags":[],"class_list":["post-73908","post","type-post","status-publish","format-standard","hentry","category-politica"],"jetpack_shortlink":"https:\/\/wp.me\/p2JWE0-je4","jetpack-related-posts":[{"id":118457,"url":"http:\/\/www.24baires.com\/?p=118457","url_meta":{"origin":73908,"position":0},"title":"Alberto Fern\u00e1ndez viajar\u00e1 a Rusia y a China en febrero","author":"AF","date":"14\/01\/2022","format":false,"excerpt":"El Presidente realizar\u00e1 la gira el 3 y 4 de febrero pr\u00f3ximos. Primero visitar\u00e1 al l\u00edder ruso, tras lo cual se trasladar\u00e1 a China para asistir a la inauguraci\u00f3n de los Juegos Ol\u00edmpicos de Invierno en ese pa\u00eds. El presidente Alberto Fern\u00e1ndez mantendr\u00e1 una reuni\u00f3n con su par de Rusia,\u2026","rel":"","context":"En \u00abPol\u00edtica\u00bb","block_context":{"text":"Pol\u00edtica","link":"http:\/\/www.24baires.com\/?cat=51"},"img":{"alt_text":"","src":"https:\/\/i0.wp.com\/www.24baires.com\/wp-content\/uploads\/2022\/01\/61b3e113f3a2e_900.jpg?resize=350%2C200","width":350,"height":200,"srcset":"https:\/\/i0.wp.com\/www.24baires.com\/wp-content\/uploads\/2022\/01\/61b3e113f3a2e_900.jpg?resize=350%2C200 1x, https:\/\/i0.wp.com\/www.24baires.com\/wp-content\/uploads\/2022\/01\/61b3e113f3a2e_900.jpg?resize=525%2C300 1.5x"},"classes":[]},{"id":103555,"url":"http:\/\/www.24baires.com\/?p=103555","url_meta":{"origin":73908,"position":1},"title":"Macri se manifest\u00f3 en contra de las marchas contra la militarizaci\u00f3n del pa\u00eds","author":"AF","date":"26\/07\/2018","format":false,"excerpt":"El presidente ratific\u00f3 esta tarde el decreto para modificar las funciones de las Fuerzas Armadas.\"Queda claro que las Fuerzas Armadas no van a participar en la seguridad interior\", reiter\u00f3. El presidente Mauricio Macri ratific\u00f3 esta tarde el decreto para modificar las funciones de las Fuerzas Armadas y dijo que lo\u2026","rel":"","context":"En \u00abPol\u00edtica\u00bb","block_context":{"text":"Pol\u00edtica","link":"http:\/\/www.24baires.com\/?cat=51"},"img":{"alt_text":"","src":"https:\/\/i0.wp.com\/www.24baires.com\/wp-content\/uploads\/2018\/05\/macri-olivos.jpg?resize=350%2C200","width":350,"height":200,"srcset":"https:\/\/i0.wp.com\/www.24baires.com\/wp-content\/uploads\/2018\/05\/macri-olivos.jpg?resize=350%2C200 1x, https:\/\/i0.wp.com\/www.24baires.com\/wp-content\/uploads\/2018\/05\/macri-olivos.jpg?resize=525%2C300 1.5x"},"classes":[]},{"id":73849,"url":"http:\/\/www.24baires.com\/?p=73849","url_meta":{"origin":73908,"position":2},"title":"Cristina hablar\u00e1 el mi\u00e9rcoles por una videoconferencia con el presidente Putin","author":"GB","date":"20\/10\/2015","format":false,"excerpt":"Ser\u00e1 en ocasi\u00f3n de un nuevo aniversario del establecimiento de las relaciones diplom\u00e1ticas entre ambos pa\u00edses. Putin y Cristina se vieron por \u00faltima vez en abril de esta a\u00f1o cuando la mandataria visit\u00f3 Mosc\u00fa para firmar importantes acuerdos bilaterales. El vocero del gobierno ruso, Dmitri Peskov, adelant\u00f3 este martes que\u2026","rel":"","context":"En \u00abPol\u00edtica\u00bb","block_context":{"text":"Pol\u00edtica","link":"http:\/\/www.24baires.com\/?cat=51"},"img":{"alt_text":"putin cristina","src":"https:\/\/i0.wp.com\/www.24baires.com\/wp-content\/uploads\/2014\/07\/putin-cristina.jpg?resize=350%2C200","width":350,"height":200,"srcset":"https:\/\/i0.wp.com\/www.24baires.com\/wp-content\/uploads\/2014\/07\/putin-cristina.jpg?resize=350%2C200 1x, https:\/\/i0.wp.com\/www.24baires.com\/wp-content\/uploads\/2014\/07\/putin-cristina.jpg?resize=525%2C300 1.5x"},"classes":[]},{"id":73894,"url":"http:\/\/www.24baires.com\/?p=73894","url_meta":{"origin":73908,"position":3},"title":"En videoconferencia con Cristina, Putin destac\u00f3 que \u201cArgentina es su principal socio de la regi\u00f3n\u201d","author":"AF","date":"21\/10\/2015","format":false,"excerpt":"El presidente ruso resalt\u00f3 las relaciones de \"amistad y respeto mutuo\" con la Argentina. A su vez, la jefa de Estado ponder\u00f3 el v\u00ednculo estrat\u00e9gico entre ambas naciones. La comunicaci\u00f3n fue por los 130 a\u00f1os de las relaciones diplom\u00e1ticas. En una videoconferencia que mantuvo la presidenta Cristina Fern\u00e1ndez de Kirchner\u2026","rel":"","context":"En \u00abInternacionales\u00bb","block_context":{"text":"Internacionales","link":"http:\/\/www.24baires.com\/?cat=73"},"img":{"alt_text":"cristina put\u00edn","src":"https:\/\/i0.wp.com\/www.24baires.com\/wp-content\/uploads\/2014\/06\/cristina-put%C3%ADn.jpg?resize=350%2C200","width":350,"height":200,"srcset":"https:\/\/i0.wp.com\/www.24baires.com\/wp-content\/uploads\/2014\/06\/cristina-put%C3%ADn.jpg?resize=350%2C200 1x, https:\/\/i0.wp.com\/www.24baires.com\/wp-content\/uploads\/2014\/06\/cristina-put%C3%ADn.jpg?resize=525%2C300 1.5x"},"classes":[]},{"id":116853,"url":"http:\/\/www.24baires.com\/?p=116853","url_meta":{"origin":73908,"position":4},"title":"Alberto ratific\u00f3 que se vacunar\u00e1 a 330 mil personas antes de fin de a\u00f1o","author":"GB","date":"10\/12\/2020","format":false,"excerpt":"Alberto Fern\u00e1ndez confirm\u00f3 el acuerdo con Rusia. \"En enero se vacunar\u00e1n 5 millones de personas m\u00e1s y en febrero se completar\u00e1 el resto\", dijo. El presidente Alberto Fern\u00e1ndez afirm\u00f3 este jueves que el pa\u00eds contar\u00e1 con \"600 mil dosis de vacunas contra el coronavirus para vacunar a 330 mil personas\u2026","rel":"","context":"En \u00abPol\u00edtica\u00bb","block_context":{"text":"Pol\u00edtica","link":"http:\/\/www.24baires.com\/?cat=51"},"img":{"alt_text":"","src":"https:\/\/i0.wp.com\/www.24baires.com\/wp-content\/uploads\/2020\/07\/alberto-f.jpg?resize=350%2C200","width":350,"height":200,"srcset":"https:\/\/i0.wp.com\/www.24baires.com\/wp-content\/uploads\/2020\/07\/alberto-f.jpg?resize=350%2C200 1x, https:\/\/i0.wp.com\/www.24baires.com\/wp-content\/uploads\/2020\/07\/alberto-f.jpg?resize=525%2C300 1.5x"},"classes":[]},{"id":49740,"url":"http:\/\/www.24baires.com\/?p=49740","url_meta":{"origin":73908,"position":5},"title":"\u00abLos acuerdos firmados revelan el car\u00e1cter estrat\u00e9gico de nuestra relaci\u00f3n\u00bb","author":"AF","date":"12\/07\/2014","format":false,"excerpt":"La presidenta Cristina Fern\u00e1ndez de Kirchner afirm\u00f3 hoy que los acuerdos \"firmados revelan el car\u00e1cter estrat\u00e9gico de la relaci\u00f3n\" de la Argentina con la Federaci\u00f3n Rusa, y consider\u00f3 que \"los acontecimientos actuales revelan el acierto\" de las posturas que ambos pa\u00edses compartieron en la \u00faltima reuni\u00f3n del G20. Acompa\u00f1ada por\u2026","rel":"","context":"En \u00abInternacionales\u00bb","block_context":{"text":"Internacionales","link":"http:\/\/www.24baires.com\/?cat=73"},"img":{"alt_text":"","src":"https:\/\/i0.wp.com\/www.24baires.com\/wp-content\/uploads\/2014\/07\/putin-cristina.jpg?resize=350%2C200","width":350,"height":200,"srcset":"https:\/\/i0.wp.com\/www.24baires.com\/wp-content\/uploads\/2014\/07\/putin-cristina.jpg?resize=350%2C200 1x, https:\/\/i0.wp.com\/www.24baires.com\/wp-content\/uploads\/2014\/07\/putin-cristina.jpg?resize=525%2C300 1.5x"},"classes":[]}],"jetpack_sharing_enabled":true,"jetpack_likes_enabled":true,"jetpack_featured_media_url":"","_links":{"self":[{"href":"http:\/\/www.24baires.com\/index.php?rest_route=\/wp\/v2\/posts\/73908","targetHints":{"allow":["GET"]}}],"collection":[{"href":"http:\/\/www.24baires.com\/index.php?rest_route=\/wp\/v2\/posts"}],"about":[{"href":"http:\/\/www.24baires.com\/index.php?rest_route=\/wp\/v2\/types\/post"}],"author":[{"embeddable":true,"href":"http:\/\/www.24baires.com\/index.php?rest_route=\/wp\/v2\/users\/8"}],"replies":[{"embeddable":true,"href":"http:\/\/www.24baires.com\/index.php?rest_route=%2Fwp%2Fv2%2Fcomments&post=73908"}],"version-history":[{"count":1,"href":"http:\/\/www.24baires.com\/index.php?rest_route=\/wp\/v2\/posts\/73908\/revisions"}],"predecessor-version":[{"id":73909,"href":"http:\/\/www.24baires.com\/index.php?rest_route=\/wp\/v2\/posts\/73908\/revisions\/73909"}],"wp:attachment":[{"href":"http:\/\/www.24baires.com\/index.php?rest_route=%2Fwp%2Fv2%2Fmedia&parent=73908"}],"wp:term":[{"taxonomy":"category","embeddable":true,"href":"http:\/\/www.24baires.com\/index.php?rest_route=%2Fwp%2Fv2%2Fcategories&post=73908"},{"taxonomy":"post_tag","embeddable":true,"href":"http:\/\/www.24baires.com\/index.php?rest_route=%2Fwp%2Fv2%2Ftags&post=73908"}],"curies":[{"name":"wp","href":"https:\/\/api.w.org\/{rel}","templated":true}]}}