{"id":73902,"date":"2015-10-21T16:00:17","date_gmt":"2015-10-21T19:00:17","guid":{"rendered":"http:\/\/www.24baires.com\/?p=73902"},"modified":"2015-10-21T18:01:07","modified_gmt":"2015-10-21T21:01:07","slug":"scioli-aseguro-que-mantendra-los-subsidios-para-quienes-lo-necesitan","status":"publish","type":"post","link":"http:\/\/www.24baires.com\/?p=73902","title":{"rendered":"Scioli asegur\u00f3 que mantendr\u00e1 los subsidios para quienes \u00ablo necesitan\u00bb"},"content":{"rendered":"<p><img data-recalc-dims=\"1\" loading=\"lazy\" decoding=\"async\" class=\"aligncenter size-full wp-image-72134\" src=\"https:\/\/i0.wp.com\/www.24baires.com\/wp-content\/uploads\/2015\/09\/scioli1.jpg?resize=560%2C357\" alt=\"scioli\" width=\"560\" height=\"357\" srcset=\"https:\/\/i0.wp.com\/www.24baires.com\/wp-content\/uploads\/2015\/09\/scioli1.jpg?w=560 560w, https:\/\/i0.wp.com\/www.24baires.com\/wp-content\/uploads\/2015\/09\/scioli1.jpg?resize=300%2C191 300w\" sizes=\"auto, (max-width: 560px) 100vw, 560px\" \/>El candidato presidencial del FpV no descart\u00f3 modificar las escalas del Impuesto a las Ganancias, al definirse \u00ababierto a repensar todo lo que hace a darle cada vez m\u00e1s competitividad a la econom\u00eda\u00bb.<!--more--><\/p>\n<p>El candidato presidencial por el Frente para la Victoria, Daniel Scioli, advirti\u00f3 que, en caso de imponerse en los comicios del 25 de octubre, buscar\u00e1 \u00abbajar la inflaci\u00f3n sin afectar el crecimiento del pa\u00eds\u00bb, a trav\u00e9s de la \u00abmejora de la productividad y el aumento de la oferta\u00bb, y asegur\u00f3 que mantendr\u00e1 los subsidios para quienes los \u00abnecesitan\u00bb.<\/p>\n<p>En una entrevista con la agencia DyN, Scioli no descart\u00f3 modificar las escalas del Impuesto a las Ganancias, al definirse \u00ababierto a repensar todo lo que hace a darle cada vez m\u00e1s competitividad a la econom\u00eda\u00bb.<br \/>\nAsimismo, tampoco desestim\u00f3 cambios en el esquema de retenciones agropecuarias porque, dijo, analizar\u00e1 \u00abcultivo por cultivo de qu\u00e9 manera\u00bb puede \u00abmejorarse la competitividad\u00bb del sector.<br \/>\nAsimismo, Scioli opin\u00f3 sobre su rival Mauricio Macri y consider\u00f3 que tuvo \u00abun diagn\u00f3stico equivocado al pensar que la gente quer\u00eda un cambio total\u00bb, neg\u00f3 que vaya a ser un jefe de Estado \u00abde transici\u00f3n\u00bb y afirm\u00f3 que \u00abel partido pol\u00edtico s\u00f3lido\u00bb que lo respalda le da \u00abuna garant\u00eda de gobernabilidad e institucionalidad\u00bb.<\/p>\n<p>Revel\u00f3 tambi\u00e9n que su relaci\u00f3n con la presidenta Cristina Kirchner despu\u00e9s del 10 de diciembre ser\u00e1 \u00abmuy buena\u00bb y se consider\u00f3 como \u00abprofundamente integrador\u00bb al ser consultado sobre el trato que tendr\u00e1 con la organizaci\u00f3n kirchnerista \u00abLa Campera\u00bb.<br \/>\nCon Carlos Zannini, su compa\u00f1ero de f\u00f3rmula, dijo que tendr\u00e1 una relaci\u00f3n de \u00abcomplementaci\u00f3n y trabajo en equipo\u00bb, e insisti\u00f3 en su posici\u00f3n de \u00abgradualismo\u00bb en materia econ\u00f3mica.<br \/>\nTambi\u00e9n, consider\u00f3 que \u00abla divisi\u00f3n en la sociedad\u00bb la \u00abgeneran los que est\u00e1n queriendo volver al ajuste y la devaluaci\u00f3n, y deslegitimar las elecciones\u00bb.<\/p>\n<p>&nbsp;<\/p>\n<p>&nbsp;<\/p>\n<p>&nbsp;<\/p>\n<p>&nbsp;<\/p>\n<p>&nbsp;<\/p>\n<p>&nbsp;<\/p>\n<p>&nbsp;<\/p>\n<p>&nbsp;<\/p>\n<p>&nbsp;<\/p>\n<p>&nbsp;<\/p>\n","protected":false},"excerpt":{"rendered":"<p>El candidato presidencial del FpV no descart\u00f3 modificar las escalas del Impuesto a las Ganancias, al definirse \u00ababierto a repensar todo lo que hace a darle cada vez m\u00e1s competitividad a la econom\u00eda\u00bb.<\/p>\n","protected":false},"author":8,"featured_media":0,"comment_status":"open","ping_status":"open","sticky":false,"template":"","format":"standard","meta":{"_jetpack_newsletter_access":"","_jetpack_dont_email_post_to_subs":false,"_jetpack_newsletter_tier_id":0,"_jetpack_memberships_contains_paywalled_content":false,"_jetpack_memberships_contains_paid_content":false,"footnotes":""},"categories":[51],"tags":[],"class_list":["post-73902","post","type-post","status-publish","format-standard","hentry","category-politica"],"jetpack_shortlink":"https:\/\/wp.me\/p2JWE0-jdY","jetpack-related-posts":[{"id":74580,"url":"http:\/\/www.24baires.com\/?p=74580","url_meta":{"origin":73902,"position":0},"title":"\u00abSe enojan cuando descubrimos qu\u00e9 hay detr\u00e1s de la palabra cambio\u00bb","author":"GB","date":"03\/11\/2015","format":false,"excerpt":"El candidato presidencial del oficialismo recibi\u00f3 el respaldo del sindicalismo. Anunci\u00f3 la exenci\u00f3n del pago de Ganancias a las pymes que reinviertan en bienes de capital y garantiz\u00f3 que para marzo las reservas del BCRA se habr\u00e1n fortalecido en 20 mil millones de d\u00f3lares. El candidato a presidente de la\u2026","rel":"","context":"En \u00abPol\u00edtica\u00bb","block_context":{"text":"Pol\u00edtica","link":"http:\/\/www.24baires.com\/?cat=51"},"img":{"alt_text":"","src":"https:\/\/i0.wp.com\/www.24baires.com\/wp-content\/uploads\/2015\/11\/scioli-plataforma.jpg?resize=350%2C200","width":350,"height":200,"srcset":"https:\/\/i0.wp.com\/www.24baires.com\/wp-content\/uploads\/2015\/11\/scioli-plataforma.jpg?resize=350%2C200 1x, https:\/\/i0.wp.com\/www.24baires.com\/wp-content\/uploads\/2015\/11\/scioli-plataforma.jpg?resize=525%2C300 1.5x"},"classes":[]},{"id":120687,"url":"http:\/\/www.24baires.com\/?p=120687","url_meta":{"origin":73902,"position":1},"title":"El presidente electo asegur\u00f3 eliminaci\u00f3n de Ganancias y la reducci\u00f3n del IVA","author":"GB","date":"23\/11\/2023","format":false,"excerpt":"El presidente electo, Javier Milei, afirm\u00f3 que mantendr\u00e1 durante su gobierno la eliminaci\u00f3n del Impuesto a las Ganancias para la cuarta categor\u00eda y la reducci\u00f3n del IVA. Adem\u00e1s habl\u00f3 de su futuro Ministro de Econom\u00eda. Tras los recientes anuncios de Javier Milei, presidente electo, sobre las privatizaciones de empresas del\u2026","rel":"","context":"En \u00abConsumidores\u00bb","block_context":{"text":"Consumidores","link":"http:\/\/www.24baires.com\/?cat=78"},"img":{"alt_text":"","src":"https:\/\/i0.wp.com\/www.24baires.com\/wp-content\/uploads\/2023\/11\/milei.jpg?resize=350%2C200","width":350,"height":200,"srcset":"https:\/\/i0.wp.com\/www.24baires.com\/wp-content\/uploads\/2023\/11\/milei.jpg?resize=350%2C200 1x, https:\/\/i0.wp.com\/www.24baires.com\/wp-content\/uploads\/2023\/11\/milei.jpg?resize=525%2C300 1.5x, https:\/\/i0.wp.com\/www.24baires.com\/wp-content\/uploads\/2023\/11\/milei.jpg?resize=700%2C400 2x"},"classes":[]},{"id":120226,"url":"http:\/\/www.24baires.com\/?p=120226","url_meta":{"origin":73902,"position":2},"title":"Cristina recibi\u00f3 a Scioli: \u201cA seguir trabajando, que es lo que hay que hacer\u201d","author":"AF","date":"28\/06\/2023","format":false,"excerpt":"\"Hablamos mucho, con sinceridad y con el respeto de siempre. Me transmiti\u00f3 que su vocaci\u00f3n es ayudar y colaborar como un compa\u00f1ero m\u00e1s\", asegur\u00f3 a trav\u00e9s de las redes sociales la Vicepresidenta sobre el encuentro. La Vicepresidenta Cristina Fern\u00e1ndez de Kirchner public\u00f3 en redes sociales una foto con el embajador\u2026","rel":"","context":"En \u00abPol\u00edtica\u00bb","block_context":{"text":"Pol\u00edtica","link":"http:\/\/www.24baires.com\/?cat=51"},"img":{"alt_text":"","src":"https:\/\/i0.wp.com\/www.24baires.com\/wp-content\/uploads\/2023\/06\/WhatsApp-Image-2023-06-28-at-23.30.42.jpeg?resize=350%2C200","width":350,"height":200,"srcset":"https:\/\/i0.wp.com\/www.24baires.com\/wp-content\/uploads\/2023\/06\/WhatsApp-Image-2023-06-28-at-23.30.42.jpeg?resize=350%2C200 1x, https:\/\/i0.wp.com\/www.24baires.com\/wp-content\/uploads\/2023\/06\/WhatsApp-Image-2023-06-28-at-23.30.42.jpeg?resize=525%2C300 1.5x, https:\/\/i0.wp.com\/www.24baires.com\/wp-content\/uploads\/2023\/06\/WhatsApp-Image-2023-06-28-at-23.30.42.jpeg?resize=700%2C400 2x"},"classes":[]},{"id":120442,"url":"http:\/\/www.24baires.com\/?p=120442","url_meta":{"origin":73902,"position":3},"title":"Massa prometi\u00f3 la eliminaci\u00f3n del impuesto a las ganancias","author":"GB","date":"07\/09\/2023","format":false,"excerpt":"El ministro de Econom\u00eda, Sergio Massa, dijo que sacar\u00eda el impuesto a las Ganancias cuando sea presidente, aunque desliz\u00f3 que podr\u00eda ser antes. El ministro de Econom\u00eda y candidato presidencial de Uni\u00f3n por la Patria, Sergio Massa, anticip\u00f3 anoche que si llegara a ser presidente, eliminar\u00e1 el Impuesto a las\u2026","rel":"","context":"En \u00abEconom\u00eda\u00bb","block_context":{"text":"Econom\u00eda","link":"http:\/\/www.24baires.com\/?cat=45"},"img":{"alt_text":"","src":"https:\/\/i0.wp.com\/www.24baires.com\/wp-content\/uploads\/2023\/09\/massa.webp?resize=350%2C200","width":350,"height":200,"srcset":"https:\/\/i0.wp.com\/www.24baires.com\/wp-content\/uploads\/2023\/09\/massa.webp?resize=350%2C200 1x, https:\/\/i0.wp.com\/www.24baires.com\/wp-content\/uploads\/2023\/09\/massa.webp?resize=525%2C300 1.5x, https:\/\/i0.wp.com\/www.24baires.com\/wp-content\/uploads\/2023\/09\/massa.webp?resize=700%2C400 2x"},"classes":[]},{"id":65335,"url":"http:\/\/www.24baires.com\/?p=65335","url_meta":{"origin":73902,"position":4},"title":"Kicillof: \u00abSolamente el 10% que m\u00e1s gana paga Ganancias\u00bb","author":"AF","date":"05\/05\/2015","format":false,"excerpt":"El ministro de Econom\u00eda asegur\u00f3 que la modificaci\u00f3n que\u00a0se anunci\u00f3 ayer tiene un costo fiscal elevado\". La reforma implica una reducci\u00f3n en la escala del Impuesto a las Ganancias, lo que representar\u00e1 una mejora en el salario de bolsillo que rondar\u00e1 el 6 por ciento. El ministro de Econom\u00eda y\u2026","rel":"","context":"En \u00abEconom\u00eda\u00bb","block_context":{"text":"Econom\u00eda","link":"http:\/\/www.24baires.com\/?cat=45"},"img":{"alt_text":"","src":"","width":0,"height":0},"classes":[]},{"id":67166,"url":"http:\/\/www.24baires.com\/?p=67166","url_meta":{"origin":73902,"position":5},"title":"Rossi respald\u00f3 la candidatura de Randazzo","author":"GB","date":"06\/06\/2015","format":false,"excerpt":"El ministro del Interior y Transporte y precandidato presidencial, Florencio Randazzo, se mostr\u00f3 con el jefe de la cartera de Defensa, Agust\u00edn Rossi, quien respald\u00f3 su precandidatura, pero descart\u00f3 que esto sea un gui\u00f1o para blanquear a su compa\u00f1ero de f\u00f3rmula, al advertir que su vice \"lo va a definir\u2026","rel":"","context":"En \u00abElecciones 2015\u00bb","block_context":{"text":"Elecciones 2015","link":"http:\/\/www.24baires.com\/?cat=74"},"img":{"alt_text":"","src":"https:\/\/i0.wp.com\/www.24baires.com\/wp-content\/uploads\/2015\/06\/rossi-randazzo.jpg?resize=350%2C200","width":350,"height":200,"srcset":"https:\/\/i0.wp.com\/www.24baires.com\/wp-content\/uploads\/2015\/06\/rossi-randazzo.jpg?resize=350%2C200 1x, https:\/\/i0.wp.com\/www.24baires.com\/wp-content\/uploads\/2015\/06\/rossi-randazzo.jpg?resize=525%2C300 1.5x"},"classes":[]}],"jetpack_sharing_enabled":true,"jetpack_likes_enabled":true,"jetpack_featured_media_url":"","_links":{"self":[{"href":"http:\/\/www.24baires.com\/index.php?rest_route=\/wp\/v2\/posts\/73902","targetHints":{"allow":["GET"]}}],"collection":[{"href":"http:\/\/www.24baires.com\/index.php?rest_route=\/wp\/v2\/posts"}],"about":[{"href":"http:\/\/www.24baires.com\/index.php?rest_route=\/wp\/v2\/types\/post"}],"author":[{"embeddable":true,"href":"http:\/\/www.24baires.com\/index.php?rest_route=\/wp\/v2\/users\/8"}],"replies":[{"embeddable":true,"href":"http:\/\/www.24baires.com\/index.php?rest_route=%2Fwp%2Fv2%2Fcomments&post=73902"}],"version-history":[{"count":1,"href":"http:\/\/www.24baires.com\/index.php?rest_route=\/wp\/v2\/posts\/73902\/revisions"}],"predecessor-version":[{"id":73903,"href":"http:\/\/www.24baires.com\/index.php?rest_route=\/wp\/v2\/posts\/73902\/revisions\/73903"}],"wp:attachment":[{"href":"http:\/\/www.24baires.com\/index.php?rest_route=%2Fwp%2Fv2%2Fmedia&parent=73902"}],"wp:term":[{"taxonomy":"category","embeddable":true,"href":"http:\/\/www.24baires.com\/index.php?rest_route=%2Fwp%2Fv2%2Fcategories&post=73902"},{"taxonomy":"post_tag","embeddable":true,"href":"http:\/\/www.24baires.com\/index.php?rest_route=%2Fwp%2Fv2%2Ftags&post=73902"}],"curies":[{"name":"wp","href":"https:\/\/api.w.org\/{rel}","templated":true}]}}