{"id":73872,"date":"2015-10-21T10:30:28","date_gmt":"2015-10-21T13:30:28","guid":{"rendered":"http:\/\/www.24baires.com\/?p=73872"},"modified":"2015-10-22T10:48:46","modified_gmt":"2015-10-22T13:48:46","slug":"la-denuncia-es-un-invento-de-alonso-y-bullrich-cuyo-jefe-politico-esta-procesado-por-escuchas","status":"publish","type":"post","link":"http:\/\/www.24baires.com\/?p=73872","title":{"rendered":"\u201cLa denuncia es un invento de Alonso y Bullrich, cuyo jefe pol\u00edtico est\u00e1 procesado por escuchas\u201d"},"content":{"rendered":"<p><img data-recalc-dims=\"1\" loading=\"lazy\" decoding=\"async\" src=\"https:\/\/i0.wp.com\/www.24baires.com\/wp-content\/uploads\/2015\/08\/an%C3%ADbal-cierre.jpg?resize=560%2C370\" alt=\"an\u00edbal cierre\" width=\"560\" height=\"370\" class=\"aligncenter size-full wp-image-70083\" srcset=\"https:\/\/i0.wp.com\/www.24baires.com\/wp-content\/uploads\/2015\/08\/an%C3%ADbal-cierre.jpg?w=560 560w, https:\/\/i0.wp.com\/www.24baires.com\/wp-content\/uploads\/2015\/08\/an%C3%ADbal-cierre.jpg?resize=300%2C198 300w\" sizes=\"auto, (max-width: 560px) 100vw, 560px\" \/>An\u00edbal Fern\u00e1ndez se refiri\u00f3 as\u00ed a Laura Alonso y Patricia Bullrich del PRO, quienes denunciaron seguimiento de comunicaciones y record\u00f3 que Macri est\u00e1 procesado por escuchas ilegales. Anoche lo desminti\u00f3 la AFI.<!--more--><\/p>\n<p>El jefe de Gabinete y candidato a gobernador de la provincia de Buenos Aires por el FPV, An\u00edbal Fern\u00e1ndez, descart\u00f3 hoy cualquier responsabilidad del Gobierno con las supuestas escuchas ilegales a pol\u00edticos, periodistas y representantes de la far\u00e1ndula difundidas ayer en distintos medios de prensa y anunci\u00f3 que la Agencia Federal de Inteligencia (AFI) est\u00e1 a \u00abdisposici\u00f3n de la Justicia y ofrece toda la informaci\u00f3n posible\u00bb, adem\u00e1s de se\u00f1alar que \u00abno tiene absolutamente nada que ver\u00bb con los hechos.<\/p>\n<p>\u00abSobre este tema lo que les quiero decir es que el Gobierno se va a allanar a todo lo que solicite la Justicia para que se pueda investigar en cualquiera de las \u00e1reas que se pueda suponer que pueden haber tenido algo que ver con este tema como corresponde, porque as\u00ed tiene que ser\u00bb, dijo Fern\u00e1ndez.<\/p>\n<p>Como es habitual, el jefe de ministros habl\u00f3 esta ma\u00f1ana con la prensa, minutos despu\u00e9s de su ingreso a la Casa de Gobierno.<br \/>\nAnte la consulta sobre la denuncia de escuchas ilegales por parte de las diputadas del PRO Laura Alonso y Patricia Bullrich, el ministro coordinador respondi\u00f3: \u00abYa ha habido un comunicado anoche de la Agencia Federal de Inteligencia (AFI) en el cual sostiene que no tiene absolutamente nada que ver con esa informaci\u00f3n ni que hayan trabajado en tal sentido. Hay que recordar que la ley 25.520 deInteligencia proh\u00edbe expresamente trabajos de esa caracter\u00edsticas\u00bb, remarc\u00f3.<\/p>\n<p>A\u00f1adi\u00f3 que \u00ablo que uno pudo ver hasta el momento es que esa denuncia goza de cierta inconsistencia porque en alg\u00fan lugar hablan del ex precandidato a presidente (Jos\u00e9 Manuel) De la Sota, con lo cual se est\u00e1 infiriendo que estamos hablando despu\u00e9s del 9 de agosto, porque ya hab\u00edan pasado las elecciones PASO, y despu\u00e9s se habla de conjueces, cuando fue el 21 de abril la decisi\u00f3n de la Corte de no permitir la composici\u00f3n con la actual legislaci\u00f3n, con lo cual no se entiende muy bien todo eso, tiene m\u00e1s un color de otras caracter\u00edsticas&#8230;\u00bb.<\/p>\n<p>\u00abPero bueno, -dijo Fern\u00e1ndez- lo que les quiero decir es que lo que van a hacer cada una de las dependencias del Gobierno es ponerse a disposici\u00f3n de la Justicia para la investigaci\u00f3n como corresponde\u00bb.<\/p>\n<p>Fern\u00e1ndez consider\u00f3 que \u00abla verdad, creo que es un invento m\u00e1s de todos los que han hecho en estos a\u00f1os estas dos diputadas (del PRO, Patricia Bullrich y Laura Alonso) son las que blandieron el proyecto en contra de la presidenta (Cristina Fern\u00e1ndez de Kirchner) firmado por el doctor (Alberto) Nisman, que termin\u00f3 siendo un espanto y termin\u00f3 en un tacho de basura\u00bb.<\/p>\n<p>\u00abDespu\u00e9s continu\u00f3- fueron ellas las que lo llamaron 500 veces al doctor (Alberto) Nisman para que fuera a la C\u00e1mara de Diputados para agraviar al Gobierno tantas veces como sea posible. Pas\u00f3 la desgracia que pas\u00f3, pas\u00f3 lo que todos sabemos y que todos conocemos&#8230;\u00bb, agreg\u00f3.<\/p>\n<p>\u00abEsto no es la primera vez que pasa. Y se olvidan que el l\u00edder de su propia fuerza pol\u00edtica que es Mauricio Macri (candidato presidencial de Cambiemos) est\u00e1 procesado por escuchas ilegales; habr\u00eda que ir a buscar al especialista para preguntarle c\u00f3mo se hacen estas cosas. Y ahora, \u00bfresulta ser que las explicaciones las tenemos que dar nosotros?\u00bb, se pregunt\u00f3 Fern\u00e1ndez.<\/p>\n<p>El candidato a gobernador bonaerense por el FPV insisti\u00f3: \u00abY les repito, el Gobierno se va a allanar a todo lo que solicite la Justicia para que se pueda investigar en cualquiera de las \u00e1reas que se pueda suponer que pueden haber tenido algo que ver con este tema como corresponde, porque as\u00ed tiene que ser\u00bb.<\/p>\n<p>Reafirm\u00f3 que \u00aben todo esto no tienen nada que ver ni la Agencia Federal de Inteligencia ni ning\u00fan sector del Gobierno nacional y por estas mismas razones el titular de la AFI, (Oscar Parrilli) anoche lo dijo con toda claridad y que se allanaban a cualquier investigaci\u00f3n y que se ofrec\u00eda toda la colaboraci\u00f3n que se pod\u00eda ofrecer para que se demostrara que todo esto no nace de una gesti\u00f3n o de una acci\u00f3n del Gobierno ni de ning\u00fan \u00e1mbito oficial\u00bb.<\/p>\n","protected":false},"excerpt":{"rendered":"<p>An\u00edbal Fern\u00e1ndez se refiri\u00f3 as\u00ed a Laura Alonso y Patricia Bullrich del PRO, quienes denunciaron seguimiento de comunicaciones y record\u00f3 que Macri est\u00e1 procesado por escuchas ilegales. Anoche lo desminti\u00f3 la AFI.<\/p>\n","protected":false},"author":4,"featured_media":0,"comment_status":"open","ping_status":"open","sticky":false,"template":"","format":"standard","meta":{"_jetpack_newsletter_access":"","_jetpack_dont_email_post_to_subs":false,"_jetpack_newsletter_tier_id":0,"_jetpack_memberships_contains_paywalled_content":false,"_jetpack_memberships_contains_paid_content":false,"footnotes":""},"categories":[51],"tags":[],"class_list":["post-73872","post","type-post","status-publish","format-standard","hentry","category-politica"],"jetpack_shortlink":"https:\/\/wp.me\/p2JWE0-jdu","jetpack-related-posts":[{"id":73890,"url":"http:\/\/www.24baires.com\/?p=73890","url_meta":{"origin":73872,"position":0},"title":"La AFI neg\u00f3 escuchas y ofrece documentaci\u00f3n a la Justicia","author":"AF","date":"21\/10\/2015","format":false,"excerpt":"A trav\u00e9s de un comunicado, la Agencia Federal de Inteligencia aclar\u00f3 que no realiza \"ninguna tarea de interceptaciones telef\u00f3nicas o seguimientos de comunicaciones por cualquier medio\". Fue en respuesta a la denuncia de las diputadas del PRO Laura Alonso y Patricia Bullrich. La Agencia Federal de Inteligencia (AFI), dej\u00f3 en\u2026","rel":"","context":"En \u00abJUDICIALES\u00bb","block_context":{"text":"JUDICIALES","link":"http:\/\/www.24baires.com\/?cat=68"},"img":{"alt_text":"oscar parrilli","src":"https:\/\/i0.wp.com\/www.24baires.com\/wp-content\/uploads\/2014\/04\/oscar-parrilli.jpg?resize=350%2C200","width":350,"height":200,"srcset":"https:\/\/i0.wp.com\/www.24baires.com\/wp-content\/uploads\/2014\/04\/oscar-parrilli.jpg?resize=350%2C200 1x, https:\/\/i0.wp.com\/www.24baires.com\/wp-content\/uploads\/2014\/04\/oscar-parrilli.jpg?resize=525%2C300 1.5x"},"classes":[]},{"id":111411,"url":"http:\/\/www.24baires.com\/?p=111411","url_meta":{"origin":73872,"position":1},"title":"P\u00e9rez Corradi afirm\u00f3 que el Gobierno lo presion\u00f3 para incriminar a An\u00edbal Fern\u00e1ndez","author":"AF","date":"31\/07\/2019","format":false,"excerpt":"Desde el penal de Marcos Paz, sostuvo que la ministra de Seguridad, a trav\u00e9s de un agente de inteligencia, le hab\u00eda prometido beneficios si acusaba al ex jefe de Gabinete. Un nuevo esc\u00e1ndalo por presunta extorsi\u00f3n vuelve a involucrar a la ministra de Seguridad, Patricia Bullrich, y al de Justicia,\u2026","rel":"","context":"En \u00abJUDICIALES\u00bb","block_context":{"text":"JUDICIALES","link":"http:\/\/www.24baires.com\/?cat=68"},"img":{"alt_text":"","src":"https:\/\/i0.wp.com\/www.24baires.com\/wp-content\/uploads\/2016\/06\/ibar-p%C3%A9rez-corradi.jpg?resize=350%2C200","width":350,"height":200,"srcset":"https:\/\/i0.wp.com\/www.24baires.com\/wp-content\/uploads\/2016\/06\/ibar-p%C3%A9rez-corradi.jpg?resize=350%2C200 1x, https:\/\/i0.wp.com\/www.24baires.com\/wp-content\/uploads\/2016\/06\/ibar-p%C3%A9rez-corradi.jpg?resize=525%2C300 1.5x"},"classes":[]},{"id":108220,"url":"http:\/\/www.24baires.com\/?p=108220","url_meta":{"origin":73872,"position":2},"title":"Nuevos datos aportados a la causa de espionaje ilegal por el ex esp\u00eda arrepentido Barreiro","author":"AF","date":"16\/05\/2019","format":false,"excerpt":"Barreiro cont\u00f3 ante la Justicia c\u00f3mo operaba la banda de D'Alessio para la ministra Bullrich en casos de narcotr\u00e1fico, para Carri\u00f3 y Olivetto en casos de espionaje pol\u00edtico y para el fiscal Stornelli en la causa de los cuadernos. El ex esp\u00eda Hugo Rolando Barreiro dio m\u00e1s precisiones ante la\u2026","rel":"","context":"En \u00abJUDICIALES\u00bb","block_context":{"text":"JUDICIALES","link":"http:\/\/www.24baires.com\/?cat=68"},"img":{"alt_text":"","src":"https:\/\/i0.wp.com\/www.24baires.com\/wp-content\/uploads\/2019\/03\/ramos-padillaa.jpg?resize=350%2C200","width":350,"height":200,"srcset":"https:\/\/i0.wp.com\/www.24baires.com\/wp-content\/uploads\/2019\/03\/ramos-padillaa.jpg?resize=350%2C200 1x, https:\/\/i0.wp.com\/www.24baires.com\/wp-content\/uploads\/2019\/03\/ramos-padillaa.jpg?resize=525%2C300 1.5x"},"classes":[]},{"id":115273,"url":"http:\/\/www.24baires.com\/?p=115273","url_meta":{"origin":73872,"position":3},"title":"\u00abLa AFI de Mauricio Macri utiliz\u00f3 narcos para atentar contra funcionarios de su propio gobierno\u00bb","author":"AF","date":"08\/06\/2020","format":false,"excerpt":"Mientras iba a notificarse como v\u00edctima de espionaje ilegal, Cristina Kirchner carg\u00f3 contra la AFI de Macri y los que difundieron di\u00e1logos con Oscar Parrilli. La vicepresidenta Cristina Kirchner asegur\u00f3 que durante el gobierno de Mauricio Macri la Agencia Federal de Inteligencia (AFI) \"utiliz\u00f3 narcotraficantes para realizar atentados a funcionarios\u2026","rel":"","context":"En \u00abPol\u00edtica\u00bb","block_context":{"text":"Pol\u00edtica","link":"http:\/\/www.24baires.com\/?cat=51"},"img":{"alt_text":"","src":"https:\/\/i0.wp.com\/www.24baires.com\/wp-content\/uploads\/2019\/12\/cristina-plaza.jpg?resize=350%2C200","width":350,"height":200,"srcset":"https:\/\/i0.wp.com\/www.24baires.com\/wp-content\/uploads\/2019\/12\/cristina-plaza.jpg?resize=350%2C200 1x, https:\/\/i0.wp.com\/www.24baires.com\/wp-content\/uploads\/2019\/12\/cristina-plaza.jpg?resize=525%2C300 1.5x"},"classes":[]},{"id":111090,"url":"http:\/\/www.24baires.com\/?p=111090","url_meta":{"origin":73872,"position":4},"title":"Ramos Padilla denunci\u00f3 que Macri sab\u00eda de la \u00aboperaci\u00f3n escuchas\u00bb y pidi\u00f3 que lo llamen a declarar","author":"GB","date":"05\/07\/2019","format":false,"excerpt":"El juez de Dolores se defendi\u00f3 ante la Magistratura por la denuncia que impuls\u00f3 en su contra el Gobierno para frenar su investigaci\u00f3n en la causa por la banda de espionaje ilegal, extorsiones y operaciones pol\u00edticas. El magistrado destroz\u00f3 los argumentos de la llamada \"operaci\u00f3n PUF\" y exigi\u00f3 que declaren\u2026","rel":"","context":"En \u00abPol\u00edtica\u00bb","block_context":{"text":"Pol\u00edtica","link":"http:\/\/www.24baires.com\/?cat=51"},"img":{"alt_text":"","src":"https:\/\/i0.wp.com\/www.24baires.com\/wp-content\/uploads\/2019\/03\/ramos-padillaa.jpg?resize=350%2C200","width":350,"height":200,"srcset":"https:\/\/i0.wp.com\/www.24baires.com\/wp-content\/uploads\/2019\/03\/ramos-padillaa.jpg?resize=350%2C200 1x, https:\/\/i0.wp.com\/www.24baires.com\/wp-content\/uploads\/2019\/03\/ramos-padillaa.jpg?resize=525%2C300 1.5x"},"classes":[]},{"id":115139,"url":"http:\/\/www.24baires.com\/?p=115139","url_meta":{"origin":73872,"position":5},"title":"Investigan una denuncia por espionaje ilegal en el macrismo","author":"AF","date":"26\/05\/2020","format":false,"excerpt":"El caso ya est\u00e1 en manos de la Justicia Federal para que se averig\u00fce sobre casi un centenar de personas y entes que fueron el blanco del espionaje ilegal de la AFI en la gesti\u00f3n de Macri. La Justicia Federal ya investiga una denuncia por hechos de espionaje ilegal en\u2026","rel":"","context":"En \u00abJUDICIALES\u00bb","block_context":{"text":"JUDICIALES","link":"http:\/\/www.24baires.com\/?cat=68"},"img":{"alt_text":"","src":"https:\/\/i0.wp.com\/www.24baires.com\/wp-content\/uploads\/2019\/08\/macri.jpg?resize=350%2C200","width":350,"height":200,"srcset":"https:\/\/i0.wp.com\/www.24baires.com\/wp-content\/uploads\/2019\/08\/macri.jpg?resize=350%2C200 1x, https:\/\/i0.wp.com\/www.24baires.com\/wp-content\/uploads\/2019\/08\/macri.jpg?resize=525%2C300 1.5x"},"classes":[]}],"jetpack_sharing_enabled":true,"jetpack_likes_enabled":true,"jetpack_featured_media_url":"","_links":{"self":[{"href":"http:\/\/www.24baires.com\/index.php?rest_route=\/wp\/v2\/posts\/73872","targetHints":{"allow":["GET"]}}],"collection":[{"href":"http:\/\/www.24baires.com\/index.php?rest_route=\/wp\/v2\/posts"}],"about":[{"href":"http:\/\/www.24baires.com\/index.php?rest_route=\/wp\/v2\/types\/post"}],"author":[{"embeddable":true,"href":"http:\/\/www.24baires.com\/index.php?rest_route=\/wp\/v2\/users\/4"}],"replies":[{"embeddable":true,"href":"http:\/\/www.24baires.com\/index.php?rest_route=%2Fwp%2Fv2%2Fcomments&post=73872"}],"version-history":[{"count":1,"href":"http:\/\/www.24baires.com\/index.php?rest_route=\/wp\/v2\/posts\/73872\/revisions"}],"predecessor-version":[{"id":73873,"href":"http:\/\/www.24baires.com\/index.php?rest_route=\/wp\/v2\/posts\/73872\/revisions\/73873"}],"wp:attachment":[{"href":"http:\/\/www.24baires.com\/index.php?rest_route=%2Fwp%2Fv2%2Fmedia&parent=73872"}],"wp:term":[{"taxonomy":"category","embeddable":true,"href":"http:\/\/www.24baires.com\/index.php?rest_route=%2Fwp%2Fv2%2Fcategories&post=73872"},{"taxonomy":"post_tag","embeddable":true,"href":"http:\/\/www.24baires.com\/index.php?rest_route=%2Fwp%2Fv2%2Ftags&post=73872"}],"curies":[{"name":"wp","href":"https:\/\/api.w.org\/{rel}","templated":true}]}}