{"id":73859,"date":"2015-10-20T20:15:16","date_gmt":"2015-10-20T23:15:16","guid":{"rendered":"http:\/\/www.24baires.com\/?p=73859"},"modified":"2015-10-21T10:42:34","modified_gmt":"2015-10-21T13:42:34","slug":"cristina-y-scioli-se-reunen-con-gobernadores-de-provincias-petroleras","status":"publish","type":"post","link":"http:\/\/www.24baires.com\/?p=73859","title":{"rendered":"\u201cLo que se logr\u00f3 desde que se recuper\u00f3 YPF no fue magia, sino inversi\u00f3n y decisi\u00f3n pol\u00edtica\u00bb"},"content":{"rendered":"<p><img data-recalc-dims=\"1\" loading=\"lazy\" decoding=\"async\" class=\"aligncenter size-full wp-image-71658\" src=\"https:\/\/i0.wp.com\/www.24baires.com\/wp-content\/uploads\/2015\/09\/cristina-energia.jpg?resize=560%2C373\" alt=\"cristina energia\" width=\"560\" height=\"373\" srcset=\"https:\/\/i0.wp.com\/www.24baires.com\/wp-content\/uploads\/2015\/09\/cristina-energia.jpg?w=560 560w, https:\/\/i0.wp.com\/www.24baires.com\/wp-content\/uploads\/2015\/09\/cristina-energia.jpg?resize=300%2C200 300w\" sizes=\"auto, (max-width: 560px) 100vw, 560px\" \/>La Presidenta enumer\u00f3 hoy los logros desde que la petrolera pas\u00f3 manos del Estado, entre los que se encuentra una producci\u00f3n de gas que creci\u00f3 30 por ciento en gas y 12,2 por ciento en petr\u00f3leo. Y recalc\u00f3 que \u201cla articulaci\u00f3n entre el mercado y el Estado\u201d.<!--more--><\/p>\n<p>Al encabezar un acto junto a Daniel Scioli y los 10 gobernadores de provincias petroleras, la jefa de Estado pidi\u00f3 \u2013en esa l\u00ednea- a los empresarios que \u201cno se enojen porque el Estado siempre es necesario y mientras est\u00e9 majado desde los intereses de los argentino, tienen que estar tranquilos\u201d.<br \/>\n\u201c<br \/>\nSi uno escucha a los empresarios devenidos candidatos, advierte que no hab\u00eda una inclinaci\u00f3n a ser libre mercadistas sino una intencionalidad pol\u00edtica\u201d, subray\u00f3.<\/p>\n<p>En ese sentido, asever\u00f3 que no est\u00e1 mal que tengan una idea contrapuesta al Gobierno sino que \u201cel problema es cuando se disfrazan de libremercadistas y no dicen que est\u00e1n con determinado sector pol\u00edtico\u201d.<\/p>\n<p>La presidenta Cristina Fern\u00e1ndez de Kirchner, junto al gobernador bonaerense Daniel Scioli, mantuvo un encuentro con los diez gobernadores que integran la Organizaci\u00f3n Federal de Estados Productores de Hidrocarburos (OFEPHI).<\/p>\n<p>Participaron los gobernadores Mart\u00edn Buzzi (Chubut), Gildo Insfr\u00e1n (Formosa), Eduardo Fellner (Jujuy), Oscar Jorge (La Pampa), Francisco P\u00e9rez (Mendoza), Jorge Sapag (Neuqu\u00e9n), Alberto Weretilneck (R\u00edo Negro), Juan Manuel Urtubey (Salta), Daniel Peralta (Santa Cruz) y Fabiana R\u00edos (Tierra del Fuego).<\/p>\n","protected":false},"excerpt":{"rendered":"<p>La Presidenta enumer\u00f3 hoy los logros desde que la petrolera pas\u00f3 manos del Estado, entre los que se encuentra una producci\u00f3n de gas que creci\u00f3 30 por ciento en gas y 12,2 por ciento en petr\u00f3leo. Y recalc\u00f3 que \u201cla articulaci\u00f3n entre el mercado y el Estado\u201d.<\/p>\n","protected":false},"author":8,"featured_media":0,"comment_status":"open","ping_status":"open","sticky":false,"template":"","format":"standard","meta":{"_jetpack_newsletter_access":"","_jetpack_dont_email_post_to_subs":false,"_jetpack_newsletter_tier_id":0,"_jetpack_memberships_contains_paywalled_content":false,"_jetpack_memberships_contains_paid_content":false,"footnotes":""},"categories":[51],"tags":[],"class_list":["post-73859","post","type-post","status-publish","format-standard","hentry","category-politica"],"jetpack_shortlink":"https:\/\/wp.me\/p2JWE0-jdh","jetpack-related-posts":[{"id":110794,"url":"http:\/\/www.24baires.com\/?p=110794","url_meta":{"origin":73859,"position":0},"title":"Petroleros aument\u00f3 del 43 por ciento y bono de 28 mil pesos","author":"GB","date":"14\/06\/2019","format":false,"excerpt":"El acuerdo salarial alcanza a trabajadores de Axion, Shell, Dapsa, Trafigura, Refinor, Refipampa, entre otras. Mientras la inflaci\u00f3n hace estragos y se proyecta m\u00e1s de 40 por ciento anual, la Federaci\u00f3n de Petroleros logr\u00f3 cerrar un acuerdo salarial que rompe el techo en comparaci\u00f3n con otros gremios. De esa manera,\u2026","rel":"","context":"En \u00abPol\u00edtica\u00bb","block_context":{"text":"Pol\u00edtica","link":"http:\/\/www.24baires.com\/?cat=51"},"img":{"alt_text":"","src":"https:\/\/i0.wp.com\/www.24baires.com\/wp-content\/uploads\/2015\/01\/petr%C3%B3leo.jpg?resize=350%2C200","width":350,"height":200,"srcset":"https:\/\/i0.wp.com\/www.24baires.com\/wp-content\/uploads\/2015\/01\/petr%C3%B3leo.jpg?resize=350%2C200 1x, https:\/\/i0.wp.com\/www.24baires.com\/wp-content\/uploads\/2015\/01\/petr%C3%B3leo.jpg?resize=525%2C300 1.5x"},"classes":[]},{"id":120631,"url":"http:\/\/www.24baires.com\/?p=120631","url_meta":{"origin":73859,"position":1},"title":"Kicillof: \u00abLa provincia de Buenos Aires quiere ser protagonista del boom petrolero de la Argentina\u201d","author":"GB","date":"08\/11\/2023","format":false,"excerpt":"El gobernador de la provincia de Buenos Aires, Axel Kicillof, expres\u00f3 su compromiso en acelerar el desarrollo energ\u00e9tico en la regi\u00f3n y su inter\u00e9s en que la provincia sea un actor clave en el auge petrolero en el pa\u00eds. Durante un encuentro con empresarios del Club del Petr\u00f3leo, en el\u2026","rel":"","context":"En \u00abProvincia\u00bb","block_context":{"text":"Provincia","link":"http:\/\/www.24baires.com\/?cat=40"},"img":{"alt_text":"","src":"https:\/\/i0.wp.com\/www.24baires.com\/wp-content\/uploads\/2023\/11\/kicilloff.jpeg?resize=350%2C200","width":350,"height":200,"srcset":"https:\/\/i0.wp.com\/www.24baires.com\/wp-content\/uploads\/2023\/11\/kicilloff.jpeg?resize=350%2C200 1x, https:\/\/i0.wp.com\/www.24baires.com\/wp-content\/uploads\/2023\/11\/kicilloff.jpeg?resize=525%2C300 1.5x, https:\/\/i0.wp.com\/www.24baires.com\/wp-content\/uploads\/2023\/11\/kicilloff.jpeg?resize=700%2C400 2x"},"classes":[]},{"id":111634,"url":"http:\/\/www.24baires.com\/?p=111634","url_meta":{"origin":73859,"position":2},"title":"Macri dio marcha atr\u00e1s con el congelamiento del precio de los combustibles por 90 d\u00edas","author":"AF","date":"14\/08\/2019","format":false,"excerpt":"La resoluci\u00f3n no se publicar\u00e1 en el Bolet\u00edn Oficial. Este jueves se reunir\u00e1 el secretario de Energ\u00eda Gustavo Lopetegui con las petroleras para definir qu\u00e9 medida tomar\u00e1n. Tras amenazar con aplicar la Ley de Abastecimiento, el presidente Mauricio Macri suspendi\u00f3 la publicaci\u00f3n de la resoluci\u00f3n que congelaba por 90 d\u00edas\u2026","rel":"","context":"En \u00abPol\u00edtica\u00bb","block_context":{"text":"Pol\u00edtica","link":"http:\/\/www.24baires.com\/?cat=51"},"img":{"alt_text":"","src":"https:\/\/i0.wp.com\/www.24baires.com\/wp-content\/uploads\/2019\/03\/MACRI-CONGRESO.png?resize=350%2C200","width":350,"height":200,"srcset":"https:\/\/i0.wp.com\/www.24baires.com\/wp-content\/uploads\/2019\/03\/MACRI-CONGRESO.png?resize=350%2C200 1x, https:\/\/i0.wp.com\/www.24baires.com\/wp-content\/uploads\/2019\/03\/MACRI-CONGRESO.png?resize=525%2C300 1.5x"},"classes":[]},{"id":102104,"url":"http:\/\/www.24baires.com\/?p=102104","url_meta":{"origin":73859,"position":3},"title":"YPF despedir\u00e1 a mil trabajadores","author":"AF","date":"12\/05\/2018","format":false,"excerpt":"\u201cNo vemos motivos para despedir gente; el balance del primer trimestre de YPF arroja ganancias por 6000 millones de pesos\u201d, asegur\u00f3 el sindicalista Guillermo Pereyra. La petrolera argument\u00f3 que los yacimientos tienen baja productividad. La petrolera YPF dispondr\u00e1 alrededor de mil despidos en sus yacimientos en la cuenca neuquina. As\u00ed\u2026","rel":"","context":"En \u00abSociedad\u00bb","block_context":{"text":"Sociedad","link":"http:\/\/www.24baires.com\/?cat=1"},"img":{"alt_text":"","src":"https:\/\/i0.wp.com\/www.24baires.com\/wp-content\/uploads\/2013\/03\/bono-ypf.jpg_552074685.jpg?resize=350%2C200","width":350,"height":200,"srcset":"https:\/\/i0.wp.com\/www.24baires.com\/wp-content\/uploads\/2013\/03\/bono-ypf.jpg_552074685.jpg?resize=350%2C200 1x, https:\/\/i0.wp.com\/www.24baires.com\/wp-content\/uploads\/2013\/03\/bono-ypf.jpg_552074685.jpg?resize=525%2C300 1.5x"},"classes":[]},{"id":56631,"url":"http:\/\/www.24baires.com\/?p=56631","url_meta":{"origin":73859,"position":4},"title":"Petroleros levantaron el paro anunciado para el jueves","author":"GB","date":"05\/11\/2014","format":false,"excerpt":"Acordaron con el sector empresario adelantar las negociaciones paritarias del a\u00f1o pr\u00f3ximo. El Sindicato del Petr\u00f3leo y Gas Privado de R\u00edo Negro, Neuqu\u00e9n y La Pampa, levant\u00f3 el paro anunciado para este jueves, luego de una reuni\u00f3n en el Ministerio de Trabajo. Seg\u00fan inform\u00f3 la cartera laboral, en el encuentro\u2026","rel":"","context":"En \u00abPol\u00edtica\u00bb","block_context":{"text":"Pol\u00edtica","link":"http:\/\/www.24baires.com\/?cat=51"},"img":{"alt_text":"","src":"https:\/\/i0.wp.com\/www.24baires.com\/wp-content\/uploads\/2014\/11\/capitanich-petroleros.jpg?resize=350%2C200","width":350,"height":200,"srcset":"https:\/\/i0.wp.com\/www.24baires.com\/wp-content\/uploads\/2014\/11\/capitanich-petroleros.jpg?resize=350%2C200 1x, https:\/\/i0.wp.com\/www.24baires.com\/wp-content\/uploads\/2014\/11\/capitanich-petroleros.jpg?resize=525%2C300 1.5x"},"classes":[]},{"id":108667,"url":"http:\/\/www.24baires.com\/?p=108667","url_meta":{"origin":73859,"position":5},"title":"Proponen que los servicios de agua, luz y gas sean derechos b\u00e1sicos","author":"AF","date":"10\/06\/2019","format":false,"excerpt":"La Red de Multisectoriales, integrada por pymes, clubes de barrio y organizaciones sociales, denunci\u00f3 que el \"el precio de las tarifas es un dibujo\". Las audiencias realizadas en distintas regiones del pa\u00eds hacen visibles las consecuencias de los aumentos. Las Audiencias P\u00fablicas contra los Tarifazos son una propuesta de encuentro\u2026","rel":"","context":"En \u00abSociedad\u00bb","block_context":{"text":"Sociedad","link":"http:\/\/www.24baires.com\/?cat=1"},"img":{"alt_text":"","src":"https:\/\/i0.wp.com\/www.24baires.com\/wp-content\/uploads\/2016\/04\/luz-agua-gas.jpg?resize=350%2C200","width":350,"height":200,"srcset":"https:\/\/i0.wp.com\/www.24baires.com\/wp-content\/uploads\/2016\/04\/luz-agua-gas.jpg?resize=350%2C200 1x, https:\/\/i0.wp.com\/www.24baires.com\/wp-content\/uploads\/2016\/04\/luz-agua-gas.jpg?resize=525%2C300 1.5x"},"classes":[]}],"jetpack_sharing_enabled":true,"jetpack_likes_enabled":true,"jetpack_featured_media_url":"","_links":{"self":[{"href":"http:\/\/www.24baires.com\/index.php?rest_route=\/wp\/v2\/posts\/73859","targetHints":{"allow":["GET"]}}],"collection":[{"href":"http:\/\/www.24baires.com\/index.php?rest_route=\/wp\/v2\/posts"}],"about":[{"href":"http:\/\/www.24baires.com\/index.php?rest_route=\/wp\/v2\/types\/post"}],"author":[{"embeddable":true,"href":"http:\/\/www.24baires.com\/index.php?rest_route=\/wp\/v2\/users\/8"}],"replies":[{"embeddable":true,"href":"http:\/\/www.24baires.com\/index.php?rest_route=%2Fwp%2Fv2%2Fcomments&post=73859"}],"version-history":[{"count":3,"href":"http:\/\/www.24baires.com\/index.php?rest_route=\/wp\/v2\/posts\/73859\/revisions"}],"predecessor-version":[{"id":73863,"href":"http:\/\/www.24baires.com\/index.php?rest_route=\/wp\/v2\/posts\/73859\/revisions\/73863"}],"wp:attachment":[{"href":"http:\/\/www.24baires.com\/index.php?rest_route=%2Fwp%2Fv2%2Fmedia&parent=73859"}],"wp:term":[{"taxonomy":"category","embeddable":true,"href":"http:\/\/www.24baires.com\/index.php?rest_route=%2Fwp%2Fv2%2Fcategories&post=73859"},{"taxonomy":"post_tag","embeddable":true,"href":"http:\/\/www.24baires.com\/index.php?rest_route=%2Fwp%2Fv2%2Ftags&post=73859"}],"curies":[{"name":"wp","href":"https:\/\/api.w.org\/{rel}","templated":true}]}}