{"id":73855,"date":"2015-10-20T19:30:54","date_gmt":"2015-10-20T22:30:54","guid":{"rendered":"http:\/\/www.24baires.com\/?p=73855"},"modified":"2015-10-20T18:38:07","modified_gmt":"2015-10-20T21:38:07","slug":"argentina-y-bolivia-firmaron-convenios-de-cooperacion-energetica","status":"publish","type":"post","link":"http:\/\/www.24baires.com\/?p=73855","title":{"rendered":"Argentina y Bolivia firmaron convenios de cooperaci\u00f3n energ\u00e9tica"},"content":{"rendered":"<p>El ministro de Planificaci\u00f3n Federal, Julio De Vido, y el presidente de Bolivia, Evo Morales, encabezaron un acto en la ciudad de Tarija, en el que se firmaron convenios de cooperaci\u00f3n bilaterales en materia energ\u00e9tica y de medicina nuclear.<!--more--><\/p>\n<p>En primer lugar, De Vido y su par de Hidrocarburos y Energ\u00eda de Bolivia , Luis Alberto S\u00e1nchez, rubricron un Acuerdo de Intercambio de energ\u00eda el\u00e9ctrica entre CAMMESA y ENDE Corporaci\u00f3n, Empresa Nacional de Electricidad Bolivia.<\/p>\n<p>El acuerdo establece las condiciones t\u00e9cnicas y operativas mediantes las cuales se llevar\u00e1n a cabo tales intercambios. El objeto de estos convenios es profundizar la integraci\u00f3n y complementariedad energ\u00e9tica entre ambos pa\u00edses y el incremento de la oferta de energ\u00eda el\u00e9ctrica.<\/p>\n<p>Luego, ambos gobiernos firmaron un Memorando de Entendimiento para la implementaci\u00f3n de acciones conjuntas del desarrollo de energ\u00eda nuclear, a trav\u00e9s de la creaci\u00f3n de centros de medicina nuclear y radioterapia, a fin de compartir la experiencia argentina con transferencia de tecnolog\u00eda.<\/p>\n<p>Al momento de su discurso, De Vido dijo que Evo Morales \u201cha estado trabajando con N\u00e9stor y Cristina en la construcci\u00f3n de la Patria Grande junto con Hugo, Lula Da Silva, con Jos\u00e9 Mujica, con Michelle Bachelet\u201d y se\u00f1al\u00f3 que \u201cestos acuerdos que firmamos hoy no son ni m\u00e1s ni menos que trabajar en el sentido que estos grandes hombres imprimieron en la d\u00e9cada que est\u00e1 corriendo en Latinoam\u00e9rica\u201d.<\/p>\n<p>\u201cPorque estos acuerdos el\u00e9ctricos \u2013prosigui\u00f3- que estamos firmando hoy de complementaci\u00f3n energ\u00e9tica entre los dos estados, Argentina y Bolivia, nos dan a los argentinos la seguridad y garant\u00eda de tener los vol\u00famenes de energ\u00eda necesarios para seguir avanzando en el proceso de desarrollo industrial en una Argentina con capacidad de desarrollo tecnol\u00f3gico.\u00bb<\/p>\n<p>El titular de Planificaci\u00f3n indic\u00f3 que \u201caquellos que se oponen a esto, son aquellos que siempre se niegan al proceso de redistribuci\u00f3n de riquezas que protagonizan el Gobierno como el suyo y el de Cristina, y son aquellos que tambi\u00e9n tienen los recursos cuando tienen que viajar a curarse que otros no tienen y que hoy el gobierno boliviano en asociaci\u00f3n con la Argentina est\u00e1 dispuesto a darle a sus clases y a sus estratos m\u00e1s humildes. Cerca de las casas, cerca de las familias, ah\u00ed est\u00e1 la cura, ah\u00ed est\u00e1 el diagn\u00f3stico de la enfermedad\u201d.<\/p>\n<p>Por su parte, Morales dijo que \u201choy salimos del enclaustramiento energ\u00e9tico y ahora, en el cort\u00edsimo plazo, firmaremos el financiamiento del Banco Central de Bolivia para construir la l\u00ednea. En los pr\u00f3ximos 40 d\u00edas ya estaremos iniciando la construcci\u00f3n de la l\u00ednea de transmisi\u00f3n\u201d.<\/p>\n<p>La comitiva argentina estuvo compuesta por el subsecretario de Energia Electrica, Paulo Farina; la presidenta de la CNEA, Norma Boero; el presidente de la Direcci\u00f3n Nacional de Fabricaciones Militares, Santiago Rodriguez; el gerente General del INVAP, Hector Otheguy; el presidente de ARSAT, Mat\u00edas Bianchi; y el interventor de ENARGAS, Antonio Pronsato, entre otros funcionarios.<\/p>\n","protected":false},"excerpt":{"rendered":"<p>El ministro de Planificaci\u00f3n Federal, Julio De Vido, y el presidente de Bolivia, Evo Morales, encabezaron un acto en la ciudad de Tarija, en el que se firmaron convenios de cooperaci\u00f3n bilaterales en materia energ\u00e9tica y de medicina nuclear.<\/p>\n","protected":false},"author":8,"featured_media":0,"comment_status":"open","ping_status":"open","sticky":false,"template":"","format":"standard","meta":{"_jetpack_newsletter_access":"","_jetpack_dont_email_post_to_subs":false,"_jetpack_newsletter_tier_id":0,"_jetpack_memberships_contains_paywalled_content":false,"_jetpack_memberships_contains_paid_content":false,"footnotes":""},"categories":[51],"tags":[],"class_list":["post-73855","post","type-post","status-publish","format-standard","hentry","category-politica"],"jetpack_shortlink":"https:\/\/wp.me\/p2JWE0-jdd","jetpack-related-posts":[{"id":121711,"url":"http:\/\/www.24baires.com\/?p=121711","url_meta":{"origin":73855,"position":0},"title":"Kicillof firm\u00f3 un convenio con M\u00e9xico para impulsar el desarrollo del litio","author":"GB","date":"03\/10\/2024","format":false,"excerpt":"El acuerdo firmado por Axel Kicillof en M\u00e9xico impulsa la cooperaci\u00f3n en investigaci\u00f3n sobre el litio, marcando un avance significativo en la ciencia bonaerense. Durante su reciente visita a M\u00e9xico, el gobernador de la provincia de Buenos Aires, Axel Kicillof, firm\u00f3 un convenio de cooperaci\u00f3n que busca fomentar la colaboraci\u00f3n\u2026","rel":"","context":"En \u00abProvincia\u00bb","block_context":{"text":"Provincia","link":"http:\/\/www.24baires.com\/?cat=40"},"img":{"alt_text":"","src":"https:\/\/i0.wp.com\/www.24baires.com\/wp-content\/uploads\/2024\/10\/kici-litio-mex.webp?resize=350%2C200","width":350,"height":200,"srcset":"https:\/\/i0.wp.com\/www.24baires.com\/wp-content\/uploads\/2024\/10\/kici-litio-mex.webp?resize=350%2C200 1x, https:\/\/i0.wp.com\/www.24baires.com\/wp-content\/uploads\/2024\/10\/kici-litio-mex.webp?resize=525%2C300 1.5x, https:\/\/i0.wp.com\/www.24baires.com\/wp-content\/uploads\/2024\/10\/kici-litio-mex.webp?resize=700%2C400 2x"},"classes":[]},{"id":44682,"url":"http:\/\/www.24baires.com\/?p=44682","url_meta":{"origin":73855,"position":1},"title":"Capacitar\u00e1n a productores rurales para evitar accidentes por mal uso de electricidad","author":"AF","date":"25\/04\/2014","format":false,"excerpt":"El ministro de Asuntos Agrarios, Alejandro \u201cTopo\u201d Rodr\u00edguez, y el secretario de Servicios P\u00fablicos, Franco La Porta, firmaron hoy un convenio de asistencia y cooperaci\u00f3n para implementar acciones que permitan prevenir accidentes en zonas de producci\u00f3n rural, originados por el uso indebido de la energ\u00eda el\u00e9ctrica. \u201cEl gobernador Daniel Scioli\u2026","rel":"","context":"En \u00abSociedad\u00bb","block_context":{"text":"Sociedad","link":"http:\/\/www.24baires.com\/?cat=1"},"img":{"alt_text":"","src":"","width":0,"height":0},"classes":[]},{"id":64757,"url":"http:\/\/www.24baires.com\/?p=64757","url_meta":{"origin":73855,"position":2},"title":"Cristina destac\u00f3 la relaci\u00f3n bilateral con Rusia en materia energ\u00e9tica","author":"AF","date":"23\/04\/2015","format":false,"excerpt":"Tras el encuentro que mantuvo con su par ruso, Vladimir Putin, la Presidenta sostuvo que se dio \u201cun paso m\u00e1s adelante, un paso m\u00e1s profundo\u201d en la relaci\u00f3n bilateral al ser firmados acuerdos para la construcci\u00f3n de \u201cla sexta central nuclear\u201d la Argentina. La presidenta Cristina Fern\u00e1ndez de Kirchner destac\u00f3\u2026","rel":"","context":"En \u00abInternacionales\u00bb","block_context":{"text":"Internacionales","link":"http:\/\/www.24baires.com\/?cat=73"},"img":{"alt_text":"putin cristina","src":"https:\/\/i0.wp.com\/www.24baires.com\/wp-content\/uploads\/2014\/07\/putin-cristina.jpg?resize=350%2C200","width":350,"height":200,"srcset":"https:\/\/i0.wp.com\/www.24baires.com\/wp-content\/uploads\/2014\/07\/putin-cristina.jpg?resize=350%2C200 1x, https:\/\/i0.wp.com\/www.24baires.com\/wp-content\/uploads\/2014\/07\/putin-cristina.jpg?resize=525%2C300 1.5x"},"classes":[]},{"id":58369,"url":"http:\/\/www.24baires.com\/?p=58369","url_meta":{"origin":73855,"position":3},"title":"Scioli en Corrientes: \u00abM\u00e1s industrializaci\u00f3n significa m\u00e1s desarrollo\u00bb","author":"GB","date":"09\/12\/2014","format":false,"excerpt":"El Gobernador particip\u00f3 de la inauguraci\u00f3n en Corrientes de una obra de asfalto y firmar un convenio de Cooperaci\u00f3n e Intercambio de informaci\u00f3n para promover la industria. El gobernador Daniel Scioli reafirm\u00f3 hoy que \"m\u00e1s industrializaci\u00f3n significa m\u00e1s desarrollo\", al participar de la inauguraci\u00f3n en Corrientes de una obra de\u2026","rel":"","context":"En \u00abPol\u00edtica\u00bb","block_context":{"text":"Pol\u00edtica","link":"http:\/\/www.24baires.com\/?cat=51"},"img":{"alt_text":"scioli saludo","src":"https:\/\/i0.wp.com\/www.24baires.com\/wp-content\/uploads\/2014\/08\/scioli-saludo.jpg?resize=350%2C200","width":350,"height":200,"srcset":"https:\/\/i0.wp.com\/www.24baires.com\/wp-content\/uploads\/2014\/08\/scioli-saludo.jpg?resize=350%2C200 1x, https:\/\/i0.wp.com\/www.24baires.com\/wp-content\/uploads\/2014\/08\/scioli-saludo.jpg?resize=525%2C300 1.5x"},"classes":[]},{"id":19396,"url":"http:\/\/www.24baires.com\/?p=19396","url_meta":{"origin":73855,"position":4},"title":"YPF firm\u00f3 un convenio con YPFB para ampliar sus operaciones en Bolivia","author":"AF","date":"26\/03\/2013","format":false,"excerpt":"El Memorando de Entendimiento fue suscripto ayer en La Paz por Miguel Galuccio y Carlos Villegas. Prev\u00e9 el estudio de posibilidades de exploraci\u00f3n de hidrocarburos en el pa\u00eds vecino, tanto convencionales como no convencionales. La petrolera nacional YPF y la empresa energ\u00e9tica estatal de Bolivia \u2013YPFB\u2013 firmaron ayer un Memorando\u2026","rel":"","context":"En \u00abPol\u00edtica\u00bb","block_context":{"text":"Pol\u00edtica","link":"http:\/\/www.24baires.com\/?cat=51"},"img":{"alt_text":"","src":"","width":0,"height":0},"classes":[]},{"id":119231,"url":"http:\/\/www.24baires.com\/?p=119231","url_meta":{"origin":73855,"position":5},"title":"YPF industrializar\u00e1 el litio junto a una empresa china","author":"AF","date":"18\/08\/2022","format":false,"excerpt":"El acuerdo establece la exploraci\u00f3n, explotaci\u00f3n, producci\u00f3n, comercializaci\u00f3n e industrializaci\u00f3n del mineral. El convenio se enmarca en la pol\u00edtica de promoci\u00f3n del litio entre ambos pa\u00edses. El embajador argentino en Beijing, Sabino Vaca Narvaja, el presidente de YPF Tecnolog\u00eda, Roberto Salvarezza, y el CEO de Tianqi Lithium \u2013 una de\u2026","rel":"","context":"En \u00abPol\u00edtica\u00bb","block_context":{"text":"Pol\u00edtica","link":"http:\/\/www.24baires.com\/?cat=51"},"img":{"alt_text":"","src":"https:\/\/i0.wp.com\/www.24baires.com\/wp-content\/uploads\/2022\/08\/litio-china.jpg?resize=350%2C200","width":350,"height":200,"srcset":"https:\/\/i0.wp.com\/www.24baires.com\/wp-content\/uploads\/2022\/08\/litio-china.jpg?resize=350%2C200 1x, https:\/\/i0.wp.com\/www.24baires.com\/wp-content\/uploads\/2022\/08\/litio-china.jpg?resize=525%2C300 1.5x, https:\/\/i0.wp.com\/www.24baires.com\/wp-content\/uploads\/2022\/08\/litio-china.jpg?resize=700%2C400 2x"},"classes":[]}],"jetpack_sharing_enabled":true,"jetpack_likes_enabled":true,"jetpack_featured_media_url":"","_links":{"self":[{"href":"http:\/\/www.24baires.com\/index.php?rest_route=\/wp\/v2\/posts\/73855","targetHints":{"allow":["GET"]}}],"collection":[{"href":"http:\/\/www.24baires.com\/index.php?rest_route=\/wp\/v2\/posts"}],"about":[{"href":"http:\/\/www.24baires.com\/index.php?rest_route=\/wp\/v2\/types\/post"}],"author":[{"embeddable":true,"href":"http:\/\/www.24baires.com\/index.php?rest_route=\/wp\/v2\/users\/8"}],"replies":[{"embeddable":true,"href":"http:\/\/www.24baires.com\/index.php?rest_route=%2Fwp%2Fv2%2Fcomments&post=73855"}],"version-history":[{"count":1,"href":"http:\/\/www.24baires.com\/index.php?rest_route=\/wp\/v2\/posts\/73855\/revisions"}],"predecessor-version":[{"id":73856,"href":"http:\/\/www.24baires.com\/index.php?rest_route=\/wp\/v2\/posts\/73855\/revisions\/73856"}],"wp:attachment":[{"href":"http:\/\/www.24baires.com\/index.php?rest_route=%2Fwp%2Fv2%2Fmedia&parent=73855"}],"wp:term":[{"taxonomy":"category","embeddable":true,"href":"http:\/\/www.24baires.com\/index.php?rest_route=%2Fwp%2Fv2%2Fcategories&post=73855"},{"taxonomy":"post_tag","embeddable":true,"href":"http:\/\/www.24baires.com\/index.php?rest_route=%2Fwp%2Fv2%2Ftags&post=73855"}],"curies":[{"name":"wp","href":"https:\/\/api.w.org\/{rel}","templated":true}]}}