{"id":73847,"date":"2015-10-20T18:00:41","date_gmt":"2015-10-20T21:00:41","guid":{"rendered":"http:\/\/www.24baires.com\/?p=73847"},"modified":"2015-10-20T17:45:40","modified_gmt":"2015-10-20T20:45:40","slug":"a-macri-nunca-le-intereso-si-en-el-interior-estamos-mejor-o-peor-aseguro-maximo","status":"publish","type":"post","link":"http:\/\/www.24baires.com\/?p=73847","title":{"rendered":"\u00abA Macri nunca le interes\u00f3 si en el interior estamos mejor o peor\u201d, asegur\u00f3 M\u00e1ximo"},"content":{"rendered":"<p><img data-recalc-dims=\"1\" loading=\"lazy\" decoding=\"async\" class=\"aligncenter size-full wp-image-69855\" src=\"https:\/\/i0.wp.com\/www.24baires.com\/wp-content\/uploads\/2015\/07\/m%C3%A1ximo-kirchner.jpg?resize=560%2C314\" alt=\"m\u00e1ximo kirchner\" width=\"560\" height=\"314\" srcset=\"https:\/\/i0.wp.com\/www.24baires.com\/wp-content\/uploads\/2015\/07\/m%C3%A1ximo-kirchner.jpg?w=560 560w, https:\/\/i0.wp.com\/www.24baires.com\/wp-content\/uploads\/2015\/07\/m%C3%A1ximo-kirchner.jpg?resize=300%2C168 300w\" sizes=\"auto, (max-width: 560px) 100vw, 560px\" \/>El candidato a diputado del FpV M\u00e1ximo Kirchner cruz\u00f3 al candidato de Cambiemos al asegurar que para el l\u00edder del PRO las provincias m\u00e1s chicas son \u00abel patio trasero, la periferia de la Patria\u201d.<!--more--><\/p>\n<p>En paralelo indic\u00f3 que m\u00e1s que la presencia del jefe de gobierno en su provincia lo que le preocupa es que\u00bb ponga la plata en el Garrahan donde se atienden chicos de mucha provincias\u00bb.<\/p>\n<p>M\u00e1ximo Kirchner se refiri\u00f3 hoy a las declaraciones de Mauricio Macri, quien justific\u00f3 que la exclusi\u00f3n de la provincia de Santa Cruz de su recorrida electoral fue porque \u00abel pa\u00eds es muy grande\u00bb e ir\u00f3nicamente le pidi\u00f3 disculpas al candidato santacruce\u00f1o a diputado nacional.<\/p>\n<p>Al respecto, Kirchner asegur\u00f3 que \u201cMacri no me tiene que pedir disculpas a m\u00ed ni por asomo\u201d y se\u00f1al\u00f3 que las declaraciones del l\u00edder del Pro expresan \u201cla mirada que tienen del interior del pa\u00eds\u00bb.<\/p>\n<p>\u00abLo dec\u00eda muy bien N\u00e9stor all\u00e1 por la campa\u00f1a en 2003 cuando era gobernador, que \u00e9ramos el patio trasero, que \u00e9ramos la periferia de la patria\u201d, record\u00f3 en declaraciones a Radio Nacional \u201cEl Calafate\u201d el dirigente de La C\u00e1mpora.<\/p>\n<p>En este sentido, explic\u00f3 que como el caudal de votos de Santa Cruz y de otras provincias chicas del pa\u00eds \u201cson como el de una comuna de la Ciudad de Buenos Aires, ellos miran y analizan desde ah\u00ed\u201d.<\/p>\n<p>\u201cHan utilizado a Santa Cruz para castigar a N\u00e9stor o a Cristina y nunca lo han hecho por el inter\u00e9s de si su poblaci\u00f3n pod\u00eda estar mejor o peor y eso es lo que tambi\u00e9n han hecho los medios de comunicaci\u00f3n con Clar\u00edn a la cabeza constantemente\u201d, sostuvo.<\/p>\n<p>Por otra parte, el candidato a diputado nacional del FPV agreg\u00f3 que \u201cm\u00e1s all\u00e1 de que Macri no haya venido lo que deber\u00edamos lograr es que su candidato a gobernador en la provincia, Eduardo Costa, le pida que ponga la plata en el Garrahan que atiende patolog\u00edas especializadas\u201d.<\/p>\n<p>Al respecto, reiter\u00f3: \u201cSer\u00eda bueno que quienes nos dicen que Macri es un cambio potable para los argentinos le pidan que aparte de juntar tapitas ponga la plata en el Garrahan lo cual es muy necesario porque all\u00ed se atienden muchos chicos de Santa Cruz y de muchas provincias argentinas\u201d.<\/p>\n<p>\u201cEstas son las cosas que importan. Pedirme disculpas a mi es una an\u00e9cdota\u201d, concluy\u00f3.<\/p>\n","protected":false},"excerpt":{"rendered":"<p>El candidato a diputado del FpV M\u00e1ximo Kirchner cruz\u00f3 al candidato de Cambiemos al asegurar que para el l\u00edder del PRO las provincias m\u00e1s chicas son \u00abel patio trasero, la periferia de la Patria\u201d.<\/p>\n","protected":false},"author":8,"featured_media":0,"comment_status":"open","ping_status":"open","sticky":false,"template":"","format":"standard","meta":{"_jetpack_newsletter_access":"","_jetpack_dont_email_post_to_subs":false,"_jetpack_newsletter_tier_id":0,"_jetpack_memberships_contains_paywalled_content":false,"_jetpack_memberships_contains_paid_content":false,"footnotes":""},"categories":[51],"tags":[],"class_list":["post-73847","post","type-post","status-publish","format-standard","hentry","category-politica"],"jetpack_shortlink":"https:\/\/wp.me\/p2JWE0-jd5","jetpack-related-posts":[{"id":108655,"url":"http:\/\/www.24baires.com\/?p=108655","url_meta":{"origin":73847,"position":0},"title":"M\u00e1ximo Kirchner: \u00abEl 10 de diciembre del 2015 todo empez\u00f3 a empeorar, lo que no quiere decir que antes era perfecto\u201d","author":"GB","date":"10\/06\/2019","format":false,"excerpt":"El diputado particip\u00f3 de un acto en Ituzaing\u00f3 acompa\u00f1ado de intendentes bonaerenses. All\u00ed, sostuvo que \"Macri deja un pa\u00eds mucho peor que el que encontr\u00f3\", aunque aclar\u00f3 que eso no significa que antes todo estuviera \"bien ni perfecto\u201d. Adem\u00e1s, afirm\u00f3 que \"la desocupaci\u00f3n es el peor infierno\" para los argentinos\u2026","rel":"","context":"En \u00abPol\u00edtica\u00bb","block_context":{"text":"Pol\u00edtica","link":"http:\/\/www.24baires.com\/?cat=51"},"img":{"alt_text":"","src":"https:\/\/i0.wp.com\/www.24baires.com\/wp-content\/uploads\/2019\/06\/maximo-kirchner.jpg?resize=350%2C200","width":350,"height":200,"srcset":"https:\/\/i0.wp.com\/www.24baires.com\/wp-content\/uploads\/2019\/06\/maximo-kirchner.jpg?resize=350%2C200 1x, https:\/\/i0.wp.com\/www.24baires.com\/wp-content\/uploads\/2019\/06\/maximo-kirchner.jpg?resize=525%2C300 1.5x"},"classes":[]},{"id":108268,"url":"http:\/\/www.24baires.com\/?p=108268","url_meta":{"origin":73847,"position":1},"title":"Hugo Moyano manifest\u00f3 su apoyo a Alberto Fern\u00e1ndez","author":"GB","date":"20\/05\/2019","format":false,"excerpt":"El l\u00edder de Camioneros asegur\u00f3 que la f\u00f3rmula que el ex jefe de Gabinete integra con Cristina Kirchner \"ampl\u00eda la diferencia que la oposici\u00f3n le saca a Macri\". La presentaci\u00f3n de la f\u00f3rmula presidencial de Alberto Fern\u00e1ndez y Cristina Kirchner todav\u00eda retumba hacia el interior del peronismo y parte del\u2026","rel":"","context":"En \u00abPol\u00edtica\u00bb","block_context":{"text":"Pol\u00edtica","link":"http:\/\/www.24baires.com\/?cat=51"},"img":{"alt_text":"","src":"https:\/\/i0.wp.com\/www.24baires.com\/wp-content\/uploads\/2018\/06\/moyano.jpg?resize=350%2C200","width":350,"height":200,"srcset":"https:\/\/i0.wp.com\/www.24baires.com\/wp-content\/uploads\/2018\/06\/moyano.jpg?resize=350%2C200 1x, https:\/\/i0.wp.com\/www.24baires.com\/wp-content\/uploads\/2018\/06\/moyano.jpg?resize=525%2C300 1.5x"},"classes":[]},{"id":119485,"url":"http:\/\/www.24baires.com\/?p=119485","url_meta":{"origin":73847,"position":2},"title":"Wado De Pedro se mostr\u00f3 a favor de suspender las PASO","author":"AF","date":"27\/10\/2022","format":false,"excerpt":"El ministro del Interior se distanci\u00f3 de la postura de Alberto Fern\u00e1ndez y dijo que las primarias abiertas deben ser eliminadas. \"Las discusiones internas se tienen que dar dentro de los partidos pol\u00edticos\", argument\u00f3. Respondi\u00f3 acerca de la posibilidad de presentarse como candidato. El ministro de Interior, Eduardo Wado De\u2026","rel":"","context":"En \u00abPol\u00edtica\u00bb","block_context":{"text":"Pol\u00edtica","link":"http:\/\/www.24baires.com\/?cat=51"},"img":{"alt_text":"","src":"https:\/\/i0.wp.com\/www.24baires.com\/wp-content\/uploads\/2022\/10\/wado.jpg?resize=350%2C200","width":350,"height":200,"srcset":"https:\/\/i0.wp.com\/www.24baires.com\/wp-content\/uploads\/2022\/10\/wado.jpg?resize=350%2C200 1x, https:\/\/i0.wp.com\/www.24baires.com\/wp-content\/uploads\/2022\/10\/wado.jpg?resize=525%2C300 1.5x, https:\/\/i0.wp.com\/www.24baires.com\/wp-content\/uploads\/2022\/10\/wado.jpg?resize=700%2C400 2x"},"classes":[]},{"id":63813,"url":"http:\/\/www.24baires.com\/?p=63813","url_meta":{"origin":73847,"position":3},"title":"\u00abSi hay alguien oscuro en este pa\u00eds, \u00e9se es Mauricio Macri\u00bb, dijo Larroque","author":"GB","date":"01\/04\/2015","format":false,"excerpt":"El referente de La C\u00e1mpora respondi\u00f3 as\u00ed a las declaraciones del l\u00edder del PRO, quien asegur\u00f3 que \"es bueno que M\u00e1ximo Kirchner haya salido de la oscuridad\", luego de que concediera una extensa entrevista radial. El diputado nacional Andr\u00e9s Larroque (FPV) sostuvo este mi\u00e9rcoles que \"si hay alguien oscuro en\u2026","rel":"","context":"En \u00abPol\u00edtica\u00bb","block_context":{"text":"Pol\u00edtica","link":"http:\/\/www.24baires.com\/?cat=51"},"img":{"alt_text":"larroque cuervo","src":"https:\/\/i0.wp.com\/www.24baires.com\/wp-content\/uploads\/2013\/09\/larroque-cuervo.jpg?resize=350%2C200","width":350,"height":200,"srcset":"https:\/\/i0.wp.com\/www.24baires.com\/wp-content\/uploads\/2013\/09\/larroque-cuervo.jpg?resize=350%2C200 1x, https:\/\/i0.wp.com\/www.24baires.com\/wp-content\/uploads\/2013\/09\/larroque-cuervo.jpg?resize=525%2C300 1.5x"},"classes":[]},{"id":112699,"url":"http:\/\/www.24baires.com\/?p=112699","url_meta":{"origin":73847,"position":4},"title":"Fue el turno de Macri: \u00abHay que esperar, las boca de urna no tienen rigor cient\u00edfico\u00bb","author":"GB","date":"27\/10\/2019","format":false,"excerpt":"El actual mandatario emiti\u00f3 su sufragio en una escuela de Palermo y busca el milagro de revertir el resultado de las PASO. El presidente de la Naci\u00f3n, Mauricio Macri, emiti\u00f3 su voto en la escuela Wenceslao Posse, del barrio porte\u00f1o de Palermo. El candidato de Juntos por el Cambio emiti\u00f3\u2026","rel":"","context":"En \u00abELECCIONES 2019\u00bb","block_context":{"text":"ELECCIONES 2019","link":"http:\/\/www.24baires.com\/?cat=329"},"img":{"alt_text":"","src":"https:\/\/i0.wp.com\/www.24baires.com\/wp-content\/uploads\/2019\/10\/maccri-voto.jpg?resize=350%2C200","width":350,"height":200,"srcset":"https:\/\/i0.wp.com\/www.24baires.com\/wp-content\/uploads\/2019\/10\/maccri-voto.jpg?resize=350%2C200 1x, https:\/\/i0.wp.com\/www.24baires.com\/wp-content\/uploads\/2019\/10\/maccri-voto.jpg?resize=525%2C300 1.5x"},"classes":[]},{"id":106193,"url":"http:\/\/www.24baires.com\/?p=106193","url_meta":{"origin":73847,"position":5},"title":"Macri visitar\u00e1 Santa Cruz por primera vez desde que es Presidente","author":"AF","date":"03\/01\/2019","format":false,"excerpt":"Fuentes oficiales confirmaron el viaje, aunque no hay un dato certero de la fecha. Tambi\u00e9n ir\u00e1 a Tierra del Fuego, otra provincia con la que tiene una reuni\u00f3n tensa. No se sabe si se reunir\u00e1 con Alicia Kirchner. El presidente Mauricio Macri visitar\u00e1 pr\u00f3ximamente las dos \u00fanicas provincias en las\u2026","rel":"","context":"En \u00abPol\u00edtica\u00bb","block_context":{"text":"Pol\u00edtica","link":"http:\/\/www.24baires.com\/?cat=51"},"img":{"alt_text":"","src":"https:\/\/i0.wp.com\/www.24baires.com\/wp-content\/uploads\/2019\/01\/alicia-kirchner-macri.jpg?resize=350%2C200","width":350,"height":200,"srcset":"https:\/\/i0.wp.com\/www.24baires.com\/wp-content\/uploads\/2019\/01\/alicia-kirchner-macri.jpg?resize=350%2C200 1x, https:\/\/i0.wp.com\/www.24baires.com\/wp-content\/uploads\/2019\/01\/alicia-kirchner-macri.jpg?resize=525%2C300 1.5x"},"classes":[]}],"jetpack_sharing_enabled":true,"jetpack_likes_enabled":true,"jetpack_featured_media_url":"","_links":{"self":[{"href":"http:\/\/www.24baires.com\/index.php?rest_route=\/wp\/v2\/posts\/73847","targetHints":{"allow":["GET"]}}],"collection":[{"href":"http:\/\/www.24baires.com\/index.php?rest_route=\/wp\/v2\/posts"}],"about":[{"href":"http:\/\/www.24baires.com\/index.php?rest_route=\/wp\/v2\/types\/post"}],"author":[{"embeddable":true,"href":"http:\/\/www.24baires.com\/index.php?rest_route=\/wp\/v2\/users\/8"}],"replies":[{"embeddable":true,"href":"http:\/\/www.24baires.com\/index.php?rest_route=%2Fwp%2Fv2%2Fcomments&post=73847"}],"version-history":[{"count":1,"href":"http:\/\/www.24baires.com\/index.php?rest_route=\/wp\/v2\/posts\/73847\/revisions"}],"predecessor-version":[{"id":73848,"href":"http:\/\/www.24baires.com\/index.php?rest_route=\/wp\/v2\/posts\/73847\/revisions\/73848"}],"wp:attachment":[{"href":"http:\/\/www.24baires.com\/index.php?rest_route=%2Fwp%2Fv2%2Fmedia&parent=73847"}],"wp:term":[{"taxonomy":"category","embeddable":true,"href":"http:\/\/www.24baires.com\/index.php?rest_route=%2Fwp%2Fv2%2Fcategories&post=73847"},{"taxonomy":"post_tag","embeddable":true,"href":"http:\/\/www.24baires.com\/index.php?rest_route=%2Fwp%2Fv2%2Ftags&post=73847"}],"curies":[{"name":"wp","href":"https:\/\/api.w.org\/{rel}","templated":true}]}}