{"id":73839,"date":"2015-10-20T16:00:13","date_gmt":"2015-10-20T19:00:13","guid":{"rendered":"http:\/\/www.24baires.com\/?p=73839"},"modified":"2015-10-20T17:34:20","modified_gmt":"2015-10-20T20:34:20","slug":"allanaron-empresas-y-dependencias-del-gobierno-porteno-por-el-corte-de-luz","status":"publish","type":"post","link":"http:\/\/www.24baires.com\/?p=73839","title":{"rendered":"Allanaron empresas y dependencias del gobierno porte\u00f1o por el corte de luz"},"content":{"rendered":"<p>Fueron ordenadas por el juez federal Luis Rodr\u00edguez e incluyeron las sedes de Telmex e Ibercom y dos dependencias del gobierno de la Ciudad. Fue en el marco de la causa que invetiga el corte el\u00e9ctrico en tres barrios porte\u00f1os.<!--more--><\/p>\n<p>El juez federal Luis Rodr\u00edguez orden\u00f3 allanamientos a las sedes de las empresas Telmex e Ibercom y a dos dependencias del gobierno de la ciudad de Buenos Aires, en la causa que investiga el corte el\u00e9ctrico en tres barrios porte\u00f1os ocurrido el martes pasado a ra\u00edz de una rotura provocada durante una obra.<\/p>\n<p>El magistrado hizo lugar a las medidas de prueba pedidas ayer por el fiscal del caso Franco Picardi y realiz\u00f3 los operativos a las sedes de las empresas a cargo de los trabajos para secuestrar documentaci\u00f3n, informaron a T\u00e9lam fuentes judiciales.<\/p>\n<p>En los operativos se secuestraron los contratos para la realizaci\u00f3n de la obra que caus\u00f3 el corte masivo y los planos, entre otros documentos.<\/p>\n<p>Picardi impuls\u00f3 ayer la investigaci\u00f3n tras la denuncia presentada por el Ministerio de Planificaci\u00f3n de la Naci\u00f3n tanto las dos empresas como al gobierno de la Ciudad.<\/p>\n<p>El corte electrico afect\u00f3 a los barrios de Recoleta, parte de Palermo y toda la zona de Barrio Norte y gener\u00f3 muchos trastornos debido a que demand\u00f3 varios d\u00edas restablecer la energ\u00eda el\u00e9ctrica ya que fueron afectados dos cables de alta tensi\u00f3n.<\/p>\n","protected":false},"excerpt":{"rendered":"<p>Fueron ordenadas por el juez federal Luis Rodr\u00edguez e incluyeron las sedes de Telmex e Ibercom y dos dependencias del gobierno de la Ciudad. Fue en el marco de la causa que invetiga el corte el\u00e9ctrico en tres barrios porte\u00f1os.<\/p>\n","protected":false},"author":8,"featured_media":0,"comment_status":"open","ping_status":"open","sticky":false,"template":"","format":"standard","meta":{"_jetpack_newsletter_access":"","_jetpack_dont_email_post_to_subs":false,"_jetpack_newsletter_tier_id":0,"_jetpack_memberships_contains_paywalled_content":false,"_jetpack_memberships_contains_paid_content":false,"footnotes":""},"categories":[51],"tags":[],"class_list":["post-73839","post","type-post","status-publish","format-standard","hentry","category-politica"],"jetpack_shortlink":"https:\/\/wp.me\/p2JWE0-jcX","jetpack-related-posts":[{"id":73781,"url":"http:\/\/www.24baires.com\/?p=73781","url_meta":{"origin":73839,"position":0},"title":"La Justicia imput\u00f3 a empresarios y funcionarios porte\u00f1os por el corte de luz","author":"GB","date":"19\/10\/2015","format":false,"excerpt":"El fiscal federal Franco Picardi dictamin\u00f3 hoy a favor de impulsar una investigaci\u00f3n por el corte de luz que afect\u00f3 distintos barrios porte\u00f1os a ra\u00edz de un siniestro durante una obra que realizaba una contratista del gobierno de la Ciudad de Buenos Aires. Picardi pidi\u00f3 al juez federal Luis Rodr\u00edguez\u2026","rel":"","context":"En \u00abSociedad\u00bb","block_context":{"text":"Sociedad","link":"http:\/\/www.24baires.com\/?cat=1"},"img":{"alt_text":"","src":"","width":0,"height":0},"classes":[]},{"id":119934,"url":"http:\/\/www.24baires.com\/?p=119934","url_meta":{"origin":73839,"position":1},"title":"Allanaron la sede central de Edesur y secuestraron documentaci\u00f3n","author":"AF","date":"23\/03\/2023","format":false,"excerpt":"Es en el marco de una denuncia por un masivo corte del suministro el\u00e9ctrico en varias localidades de zona sur el 10 de febrero pasado. El juez Kreplak orden\u00f3 operativos con la Polic\u00eda Federal para buscar documentaci\u00f3n. La Justicia federal de Lomas de Zamora dispuso hoy el secuestro de documentaci\u00f3n\u2026","rel":"","context":"En \u00abProvincia\u00bb","block_context":{"text":"Provincia","link":"http:\/\/www.24baires.com\/?cat=40"},"img":{"alt_text":"","src":"https:\/\/i0.wp.com\/www.24baires.com\/wp-content\/uploads\/2023\/03\/edesur.jpg?resize=350%2C200","width":350,"height":200,"srcset":"https:\/\/i0.wp.com\/www.24baires.com\/wp-content\/uploads\/2023\/03\/edesur.jpg?resize=350%2C200 1x, https:\/\/i0.wp.com\/www.24baires.com\/wp-content\/uploads\/2023\/03\/edesur.jpg?resize=525%2C300 1.5x, https:\/\/i0.wp.com\/www.24baires.com\/wp-content\/uploads\/2023\/03\/edesur.jpg?resize=700%2C400 2x, https:\/\/i0.wp.com\/www.24baires.com\/wp-content\/uploads\/2023\/03\/edesur.jpg?resize=1050%2C600 3x"},"classes":[]},{"id":100904,"url":"http:\/\/www.24baires.com\/?p=100904","url_meta":{"origin":73839,"position":2},"title":"Ordenan allanar la sede de Camioneros por sospechas de lavado de dinero","author":"AF","date":"06\/03\/2018","format":false,"excerpt":"Es en el marco de una causa que lleva adelante la justicia federal en C\u00f3rdoba en la que se investiga una presunta maniobra de lavado en la compra de unos terrenos en La Falda. El juez Claudio Bonadioorden\u00f3 este martes un allanamiento en la sede de la obra social del\u2026","rel":"","context":"En \u00abJUDICIALES\u00bb","block_context":{"text":"JUDICIALES","link":"http:\/\/www.24baires.com\/?cat=68"},"img":{"alt_text":"","src":"https:\/\/i0.wp.com\/www.24baires.com\/wp-content\/uploads\/2018\/03\/camioneros.jpg?resize=350%2C200","width":350,"height":200,"srcset":"https:\/\/i0.wp.com\/www.24baires.com\/wp-content\/uploads\/2018\/03\/camioneros.jpg?resize=350%2C200 1x, https:\/\/i0.wp.com\/www.24baires.com\/wp-content\/uploads\/2018\/03\/camioneros.jpg?resize=525%2C300 1.5x"},"classes":[]},{"id":104063,"url":"http:\/\/www.24baires.com\/?p=104063","url_meta":{"origin":73839,"position":3},"title":"Allanaron el departamento de Recoleta de Cristina Fern\u00e1ndez","author":"AF","date":"23\/08\/2018","format":false,"excerpt":"Efectivos de la Polic\u00eda Federal ingresaron este mediod\u00eda a la residencia de la ex Presidenta tras el aval de la C\u00e1mara de Senadores a los pedidos del juez federal Claudio Bonadio. El abogado defensor denunci\u00f3 que lo echaron del operativo. Efectivos de la Polic\u00eda Federal allanan desde el mediod\u00eda el\u2026","rel":"","context":"En \u00abJUDICIALES\u00bb","block_context":{"text":"JUDICIALES","link":"http:\/\/www.24baires.com\/?cat=68"},"img":{"alt_text":"","src":"https:\/\/i0.wp.com\/www.24baires.com\/wp-content\/uploads\/2018\/08\/allanamiento-cfk.jpg?resize=350%2C200","width":350,"height":200,"srcset":"https:\/\/i0.wp.com\/www.24baires.com\/wp-content\/uploads\/2018\/08\/allanamiento-cfk.jpg?resize=350%2C200 1x, https:\/\/i0.wp.com\/www.24baires.com\/wp-content\/uploads\/2018\/08\/allanamiento-cfk.jpg?resize=525%2C300 1.5x"},"classes":[]},{"id":104080,"url":"http:\/\/www.24baires.com\/?p=104080","url_meta":{"origin":73839,"position":4},"title":"Tras el marat\u00f3nico allanamiento, no se llevaron nada de las propiedades de CFK","author":"GB","date":"24\/08\/2018","format":false,"excerpt":"Durante 13 horas y por orden del juez Bonadio, los efectivos policiales revisaron los domicilios de la expresidenta en el barrio de Recoleta y en R\u00edo Gallegos El juez federal Claudio Bonadio concret\u00f3 los allanamientos en dos de las propiedades de la expresidenta Cristina Kirchner : la casa de R\u00edo\u2026","rel":"","context":"En \u00abPol\u00edtica\u00bb","block_context":{"text":"Pol\u00edtica","link":"http:\/\/www.24baires.com\/?cat=51"},"img":{"alt_text":"","src":"https:\/\/i0.wp.com\/www.24baires.com\/wp-content\/uploads\/2018\/08\/allanamiento.jpg?resize=350%2C200","width":350,"height":200,"srcset":"https:\/\/i0.wp.com\/www.24baires.com\/wp-content\/uploads\/2018\/08\/allanamiento.jpg?resize=350%2C200 1x, https:\/\/i0.wp.com\/www.24baires.com\/wp-content\/uploads\/2018\/08\/allanamiento.jpg?resize=525%2C300 1.5x"},"classes":[]},{"id":102554,"url":"http:\/\/www.24baires.com\/?p=102554","url_meta":{"origin":73839,"position":5},"title":"Sancionar\u00e1n econ\u00f3micamente a empresas que corten gas a usuarios morosos","author":"AF","date":"05\/06\/2018","format":false,"excerpt":"La cautelar es para el caso de que no se lleve adelante un procedimiento para acreditar la situaci\u00f3n de vulnerabilidad de los usuarios o garantizar el derecho que tienen a ser escuchados, previo a cualquier corte del suministro. El juez federal de Dolores Alejo Ramos Padilla ratific\u00f3, en distintas nuevas\u2026","rel":"","context":"En \u00abLocales\u00bb","block_context":{"text":"Locales","link":"http:\/\/www.24baires.com\/?cat=38"},"img":{"alt_text":"","src":"https:\/\/i0.wp.com\/www.24baires.com\/wp-content\/uploads\/2016\/08\/gas.jpg?resize=350%2C200","width":350,"height":200,"srcset":"https:\/\/i0.wp.com\/www.24baires.com\/wp-content\/uploads\/2016\/08\/gas.jpg?resize=350%2C200 1x, https:\/\/i0.wp.com\/www.24baires.com\/wp-content\/uploads\/2016\/08\/gas.jpg?resize=525%2C300 1.5x"},"classes":[]}],"jetpack_sharing_enabled":true,"jetpack_likes_enabled":true,"jetpack_featured_media_url":"","_links":{"self":[{"href":"http:\/\/www.24baires.com\/index.php?rest_route=\/wp\/v2\/posts\/73839","targetHints":{"allow":["GET"]}}],"collection":[{"href":"http:\/\/www.24baires.com\/index.php?rest_route=\/wp\/v2\/posts"}],"about":[{"href":"http:\/\/www.24baires.com\/index.php?rest_route=\/wp\/v2\/types\/post"}],"author":[{"embeddable":true,"href":"http:\/\/www.24baires.com\/index.php?rest_route=\/wp\/v2\/users\/8"}],"replies":[{"embeddable":true,"href":"http:\/\/www.24baires.com\/index.php?rest_route=%2Fwp%2Fv2%2Fcomments&post=73839"}],"version-history":[{"count":1,"href":"http:\/\/www.24baires.com\/index.php?rest_route=\/wp\/v2\/posts\/73839\/revisions"}],"predecessor-version":[{"id":73840,"href":"http:\/\/www.24baires.com\/index.php?rest_route=\/wp\/v2\/posts\/73839\/revisions\/73840"}],"wp:attachment":[{"href":"http:\/\/www.24baires.com\/index.php?rest_route=%2Fwp%2Fv2%2Fmedia&parent=73839"}],"wp:term":[{"taxonomy":"category","embeddable":true,"href":"http:\/\/www.24baires.com\/index.php?rest_route=%2Fwp%2Fv2%2Fcategories&post=73839"},{"taxonomy":"post_tag","embeddable":true,"href":"http:\/\/www.24baires.com\/index.php?rest_route=%2Fwp%2Fv2%2Ftags&post=73839"}],"curies":[{"name":"wp","href":"https:\/\/api.w.org\/{rel}","templated":true}]}}