{"id":73798,"date":"2015-10-19T20:00:25","date_gmt":"2015-10-19T23:00:25","guid":{"rendered":"http:\/\/www.24baires.com\/?p=73798"},"modified":"2015-10-19T20:04:38","modified_gmt":"2015-10-19T23:04:38","slug":"removieron-a-los-embajadores-argentinos-en-cuba-y-venezuela","status":"publish","type":"post","link":"http:\/\/www.24baires.com\/?p=73798","title":{"rendered":"Removieron a los embajadores argentinos en Cuba y Venezuela"},"content":{"rendered":"<p><img data-recalc-dims=\"1\" loading=\"lazy\" decoding=\"async\" class=\"aligncenter size-full wp-image-73799\" src=\"https:\/\/i0.wp.com\/www.24baires.com\/wp-content\/uploads\/2015\/10\/cheppi.jpg?resize=560%2C314\" alt=\"cheppi\" width=\"560\" height=\"314\" srcset=\"https:\/\/i0.wp.com\/www.24baires.com\/wp-content\/uploads\/2015\/10\/cheppi.jpg?w=560 560w, https:\/\/i0.wp.com\/www.24baires.com\/wp-content\/uploads\/2015\/10\/cheppi.jpg?resize=300%2C168 300w\" sizes=\"auto, (max-width: 560px) 100vw, 560px\" \/>La decisi\u00f3n se inform\u00f3 a trav\u00e9s del Bolet\u00edn Oficial. A\u00fan no se dieron a conocer los nombres de los reemplazantes.<!--more--><\/p>\n<p>El gobierno nacional inform\u00f3 que ha decidi\u00f3 trasladar a los embajadores que encabezan las embajadas argentinas en Cuba y en la Rep\u00fablica Bolivariana de Venezuela.<\/p>\n<p>La disposici\u00f3n fue publicada esta ma\u00f1ana en el Bolet\u00edn Oficial con el siguiente enunciado: \u00abTrasl\u00e1dase desde la embajada de la Rep\u00fablica en la Rep\u00fablica Bolivariana de Venezuela al ministerio de Relaciones Exteriores y Culto, al se\u00f1or embajador extraordinario y plenipotenciario Carlos Alberto Cheppi, quien deber\u00e1 encontrarse en la Rep\u00fablica el d\u00eda 28 de noviembre de 2015\u00bb.<\/p>\n<p>La misma decisi\u00f3n se tom\u00f3 sobre la representaci\u00f3n diplom\u00e1tica en la isla que lidera Ra\u00fal Castro: \u00abTrasl\u00e1dase desde la embajada de la Rep\u00fablica en la Rep\u00fablica de Cuba al ministerio de Relaciones Exteriores y Culto, a la se\u00f1ora embajadora extraordinaria y plenipotenciaria Juliana Isabel Marino, quien deber\u00e1 encontrarse en la Rep\u00fablica el d\u00eda 1\u00b0 de diciembre de 2015\u00bb.<\/p>\n<p>De momento no hubo informaci\u00f3n oficial sobre qui\u00e9nes ser\u00e1n los reemplazantes de los diplom\u00e1ticos argentinos que fueron reubicados en Canciller\u00eda.<\/p>\n<p>Cheppi ocupa el cargo de embajador en Venezuela desde diciembre de 2011. Es oriundo de Mar del Plata, donde se convirti\u00f3 en referente del Frente para la Victoria y trabaja activamente por la continuidad del denominado Proyecto Nacional y Popular.<\/p>\n<p>Por su parte, Marino, ex legisladora y considerada en su momento como \u00abuna de las primeras kirchneristas porte\u00f1as\u00bb, fue nombrada embajadora en Cuba por Cristina Kirchner, en 2010.<\/p>\n<p>&nbsp;<\/p>\n<p>&nbsp;<\/p>\n<p>&nbsp;<\/p>\n<p>&nbsp;<\/p>\n<p>&nbsp;<\/p>\n<p>&nbsp;<\/p>\n<p>&nbsp;<\/p>\n<p>&nbsp;<\/p>\n<p>&nbsp;<\/p>\n<p>&nbsp;<\/p>\n<p>&nbsp;<\/p>\n<p>&nbsp;<\/p>\n<p>&nbsp;<\/p>\n<p>&nbsp;<\/p>\n","protected":false},"excerpt":{"rendered":"<p>La decisi\u00f3n se inform\u00f3 a trav\u00e9s del Bolet\u00edn Oficial. A\u00fan no se dieron a conocer los nombres de los reemplazantes.<\/p>\n","protected":false},"author":8,"featured_media":0,"comment_status":"open","ping_status":"open","sticky":false,"template":"","format":"standard","meta":{"_jetpack_newsletter_access":"","_jetpack_dont_email_post_to_subs":false,"_jetpack_newsletter_tier_id":0,"_jetpack_memberships_contains_paywalled_content":false,"_jetpack_memberships_contains_paid_content":false,"footnotes":""},"categories":[51],"tags":[],"class_list":["post-73798","post","type-post","status-publish","format-standard","hentry","category-politica"],"jetpack_shortlink":"https:\/\/wp.me\/p2JWE0-jci","jetpack-related-posts":[{"id":106531,"url":"http:\/\/www.24baires.com\/?p=106531","url_meta":{"origin":73798,"position":0},"title":"Trump cerrar\u00e1 la embajada venezolana y los consulados en Estados Unidos","author":"AF","date":"24\/01\/2019","format":false,"excerpt":"Adem\u00e1s ratific\u00f3 la expulsi\u00f3n de los diplom\u00e1ticos estadounidenses: \"Hasta el domingo tienen las 72 horas para retirarse de Venezuela, para marcharse de Venezuela\", detall\u00f3. El jefe de Estado de Venezuela, Nicol\u00e1s Maduro, anunci\u00f3 este jueves que decidi\u00f3 cerrar la embajada y todos los consulados de su pa\u00eds en Estados Unidos,\u2026","rel":"","context":"En \u00abInternacionales\u00bb","block_context":{"text":"Internacionales","link":"http:\/\/www.24baires.com\/?cat=73"},"img":{"alt_text":"","src":"https:\/\/i0.wp.com\/www.24baires.com\/wp-content\/uploads\/2017\/09\/trump-onu.jpg?resize=350%2C200","width":350,"height":200,"srcset":"https:\/\/i0.wp.com\/www.24baires.com\/wp-content\/uploads\/2017\/09\/trump-onu.jpg?resize=350%2C200 1x, https:\/\/i0.wp.com\/www.24baires.com\/wp-content\/uploads\/2017\/09\/trump-onu.jpg?resize=525%2C300 1.5x"},"classes":[]},{"id":107050,"url":"http:\/\/www.24baires.com\/?p=107050","url_meta":{"origin":73798,"position":1},"title":"Macri se reunir\u00e1 con Guaid\u00f3, autoproclamado presidente de Venezuela","author":"AF","date":"01\/03\/2019","format":false,"excerpt":"El presidente se ver\u00e1 cara a cara con quien, en un acto por lo menos bizarro, se autoproclam\u00f3 \"Presidente Interino\" del gigante caribe\u00f1o, en la calle, frente a una manifestaci\u00f3n. El autoproclamado \"Presidente Encargado\" o \"Presidente Interino\" de la Rep\u00fablica Bolivariana de Venezuela, Juan Guaid\u00f3, mantendr\u00e1 esta tarde un encuentro\u2026","rel":"","context":"En \u00abPol\u00edtica\u00bb","block_context":{"text":"Pol\u00edtica","link":"http:\/\/www.24baires.com\/?cat=51"},"img":{"alt_text":"","src":"","width":0,"height":0},"classes":[]},{"id":7099,"url":"http:\/\/www.24baires.com\/?p=7099","url_meta":{"origin":73798,"position":2},"title":"Comenz\u00f3 en Pinamar la Semana de la Rep\u00fablica Checa","author":"AF","date":"28\/11\/2012","format":false,"excerpt":"Hasta el martes pr\u00f3ximo tiene lugar en Pinamar la Semana de la Rep\u00fablica Checa organizada por la Secretar\u00eda de Turismo, Cultura y Educaci\u00f3n de la comuna y la Embajada de Checoslovaquia en la Argentina. Se proyectar\u00e1nn pel\u00edculas y hay muestras de dibujos y fotograf\u00edas. El titular de la mencionada Secretar\u00eda,\u2026","rel":"","context":"En \u00abLocales\u00bb","block_context":{"text":"Locales","link":"http:\/\/www.24baires.com\/?cat=38"},"img":{"alt_text":"","src":"","width":0,"height":0},"classes":[]},{"id":107020,"url":"http:\/\/www.24baires.com\/?p=107020","url_meta":{"origin":73798,"position":3},"title":"Cristina pidi\u00f3 a la Corte que intervenga en la causa Stornelli","author":"AF","date":"27\/02\/2019","format":false,"excerpt":"La ex presidenta dijo en el Senado que ella \"ni siquiera tiene las garant\u00edas que tiene cualquier ciudadano com\u00fan de este pa\u00eds\". La senadora de Unidad Ciudadana Cristina Kirchner present\u00f3 esta tarde una cuesti\u00f3n de privilegio para la Corte Suprema de Justicia por considerar que debe intervenir en la causa\u2026","rel":"","context":"En \u00abJUDICIALES\u00bb","block_context":{"text":"JUDICIALES","link":"http:\/\/www.24baires.com\/?cat=68"},"img":{"alt_text":"","src":"https:\/\/i0.wp.com\/www.24baires.com\/wp-content\/uploads\/2017\/12\/cristina-senado.jpg?resize=350%2C200","width":350,"height":200,"srcset":"https:\/\/i0.wp.com\/www.24baires.com\/wp-content\/uploads\/2017\/12\/cristina-senado.jpg?resize=350%2C200 1x, https:\/\/i0.wp.com\/www.24baires.com\/wp-content\/uploads\/2017\/12\/cristina-senado.jpg?resize=525%2C300 1.5x"},"classes":[]},{"id":103599,"url":"http:\/\/www.24baires.com\/?p=103599","url_meta":{"origin":73798,"position":4},"title":"Aerol\u00edneas Argentinas volvi\u00f3 a cambiar de presidente","author":"AF","date":"30\/07\/2018","format":false,"excerpt":"Desde la empresa dijeron que asumir\u00e1 sus funciones una vez realizada la pr\u00f3xima asamblea de accionistas. Los trabajadores y trabajadoras se encuentran en estado de alerta y esperan meses complicados a nivel laboral. Aerol\u00edneas Argentinas anunci\u00f3 que Luis Malvido asumi\u00f3 como presidente de la compa\u00f1\u00eda a\u00e9rea en reemplazo de Mario\u2026","rel":"","context":"En \u00abPol\u00edtica\u00bb","block_context":{"text":"Pol\u00edtica","link":"http:\/\/www.24baires.com\/?cat=51"},"img":{"alt_text":"","src":"https:\/\/i0.wp.com\/www.24baires.com\/wp-content\/uploads\/2018\/07\/malvido.jpg?resize=350%2C200","width":350,"height":200,"srcset":"https:\/\/i0.wp.com\/www.24baires.com\/wp-content\/uploads\/2018\/07\/malvido.jpg?resize=350%2C200 1x, https:\/\/i0.wp.com\/www.24baires.com\/wp-content\/uploads\/2018\/07\/malvido.jpg?resize=525%2C300 1.5x"},"classes":[]},{"id":78285,"url":"http:\/\/www.24baires.com\/?p=78285","url_meta":{"origin":73798,"position":5},"title":"Nuevos embajadores: Luis Juez a Ecuador y Octavio Bord\u00f3n a Chile","author":"AF","date":"29\/01\/2016","format":false,"excerpt":"Adem\u00e1s, en Francia fue nombrado formalmente Jorge Marcelo Faurie, en reemplazo de Mar\u00eda del Carmen Squeff. El gobierno nacional design\u00f3 al concejal cordob\u00e9s Luis Juez embajador en Ecuador, al tiempo que oficializ\u00f3 los nombramientos de los representantes diplom\u00e1ticos en Francia, China y Chile. As\u00ed lo hizo a trav\u00e9s de sendos\u2026","rel":"","context":"En \u00abPol\u00edtica\u00bb","block_context":{"text":"Pol\u00edtica","link":"http:\/\/www.24baires.com\/?cat=51"},"img":{"alt_text":"","src":"","width":0,"height":0},"classes":[]}],"jetpack_sharing_enabled":true,"jetpack_likes_enabled":true,"jetpack_featured_media_url":"","_links":{"self":[{"href":"http:\/\/www.24baires.com\/index.php?rest_route=\/wp\/v2\/posts\/73798","targetHints":{"allow":["GET"]}}],"collection":[{"href":"http:\/\/www.24baires.com\/index.php?rest_route=\/wp\/v2\/posts"}],"about":[{"href":"http:\/\/www.24baires.com\/index.php?rest_route=\/wp\/v2\/types\/post"}],"author":[{"embeddable":true,"href":"http:\/\/www.24baires.com\/index.php?rest_route=\/wp\/v2\/users\/8"}],"replies":[{"embeddable":true,"href":"http:\/\/www.24baires.com\/index.php?rest_route=%2Fwp%2Fv2%2Fcomments&post=73798"}],"version-history":[{"count":1,"href":"http:\/\/www.24baires.com\/index.php?rest_route=\/wp\/v2\/posts\/73798\/revisions"}],"predecessor-version":[{"id":73800,"href":"http:\/\/www.24baires.com\/index.php?rest_route=\/wp\/v2\/posts\/73798\/revisions\/73800"}],"wp:attachment":[{"href":"http:\/\/www.24baires.com\/index.php?rest_route=%2Fwp%2Fv2%2Fmedia&parent=73798"}],"wp:term":[{"taxonomy":"category","embeddable":true,"href":"http:\/\/www.24baires.com\/index.php?rest_route=%2Fwp%2Fv2%2Fcategories&post=73798"},{"taxonomy":"post_tag","embeddable":true,"href":"http:\/\/www.24baires.com\/index.php?rest_route=%2Fwp%2Fv2%2Ftags&post=73798"}],"curies":[{"name":"wp","href":"https:\/\/api.w.org\/{rel}","templated":true}]}}