{"id":73778,"date":"2015-10-19T16:00:27","date_gmt":"2015-10-19T19:00:27","guid":{"rendered":"http:\/\/www.24baires.com\/?p=73778"},"modified":"2015-10-19T15:50:29","modified_gmt":"2015-10-19T18:50:29","slug":"scioli-reivindico-el-rol-del-estado-y-su-compromiso-con-el-deporte-en-el-coa","status":"publish","type":"post","link":"http:\/\/www.24baires.com\/?p=73778","title":{"rendered":"Scioli reivindic\u00f3 el rol del Estado y su compromiso con el deporte en el COA"},"content":{"rendered":"<p><img data-recalc-dims=\"1\" loading=\"lazy\" decoding=\"async\" class=\"aligncenter size-full wp-image-72134\" src=\"https:\/\/i0.wp.com\/www.24baires.com\/wp-content\/uploads\/2015\/09\/scioli1.jpg?resize=560%2C357\" alt=\"scioli\" width=\"560\" height=\"357\" srcset=\"https:\/\/i0.wp.com\/www.24baires.com\/wp-content\/uploads\/2015\/09\/scioli1.jpg?w=560 560w, https:\/\/i0.wp.com\/www.24baires.com\/wp-content\/uploads\/2015\/09\/scioli1.jpg?resize=300%2C191 300w\" sizes=\"auto, (max-width: 560px) 100vw, 560px\" \/>El candidato presidencial por el Frente para la Victoria firm\u00f3 un acta-compromiso con el deporte con las autoridades del COA con el objetivo de implementarlas si llega al gobierno nacional.<!--more--><\/p>\n<p>\u201cLos clubes de barrios son la entrada al deporte y la salida de la droga\u201d, afirm\u00f3 Scioli tras rubricar el acta en la sede del COA, ubicada en Juncal 1662 de la Ciudad de Buenos Aires, junto a su titular Gerardo Werthein.<\/p>\n<p>En este marco, el gobernador bonaerense se comprometi\u00f3 a trabajar \u201ctransversalmente el deporte con todas las \u00e1reas de gobierno, como YPF y Aerol\u00edneas Argentinas, porque son todas empresas que van a acompa\u00f1ar en los objetivos que los deportistas se propongan\u201d.<\/p>\n<p>Asimismo, plante\u00f3 la necesidad de que la Argentina sea sede de grandes acontecimientos deportivos, al se\u00f1alar que \u201ctiene un gran impacto social, promueve el turismo y fundamentalmente motiva a los j\u00f3venes, a esa base social que est\u00e1 en los clubes de barrios\u201d.<\/p>\n<p>\u201cEs muy importante y por eso lo reitero, los clubes de barrios son la entrada al deporte y la salida de la droga\u201d, remarc\u00f3 y destac\u00f3 su propuesta de implementar, si es elegido presidente, un Programa Nacional de Clubes de Barrios con el objetivo adem\u00e1s de mejorar sus infraestructuras y contener a los j\u00f3venes con la pr\u00e1ctica deportiva.<\/p>\n<p>Dijo que asume su compromiso \u201cde fomentar pol\u00edticas deportivas como uno de los pilares de desarrollo humano con un enfoque inclusivo, pac\u00edfico y democratizador\u201d.<\/p>\n<p>\u201cPor eso digo que voy a apoyar el deporte de base a trav\u00e9s del respaldo al desarrollo de deportistas j\u00f3venes e infantiles para ampliar la pir\u00e1mide deportiva y federaliz\u00e1ndolo\u201d, puntualiz\u00f3.<\/p>\n<p>Anunci\u00f3 adem\u00e1s la creaci\u00f3n de centros de alto rendimiento regionales para que los atletas no tengan que abandonar sus lugares de or\u00edgenes.<\/p>\n<p>En su alocuci\u00f3n, el gobernador bonaerense dijo que va a constituir un plan de becas al deporte tanto para atletas ol\u00edmpicos y paraol\u00edmpicos, impulsando el deporte social con los Juegos Evita.<\/p>\n<p>\u201cVamos a crear los Juegos Nacionales por un Deporte m\u00e1s Federal brindando obra social y jubilaci\u00f3n para los atletas de alto rendimiento e impulsando el deporte en la escuela aumentando las horas de educaci\u00f3n f\u00edsica en la curr\u00edcula\u201d, resalt\u00f3.<\/p>\n<p>Del acto de hoy, adem\u00e1s de Scioli y Wertthein, participaron el vicegobernador bonaerense Gabriel Mariotto; el gobernador de Misiones Maurice Closs y futuro ministro de Turismo de la Naci\u00f3n y el secretario de Deportes de la Naci\u00f3n Carlos \u201cCamau\u201d Esp\u00ednola.<\/p>\n<p>Tambi\u00e9n estuvieron presentes el secretario de Deportes bonaerense Alejandro Rodr\u00edguez, el campe\u00f3n ol\u00edmpico y presidente de la Comisi\u00f3n de Atletas del COA Juan Curutchet y el subsecretario de Deportes Social Carlos \u201cChino\u201d Tapia.<\/p>\n<p>Fueron de la partida adem\u00e1s deportistas y consejeros de las distintas federaciones deportivas del pa\u00eds, como Paula Pareto (judo), Walter P\u00ebrez (ciclismo), Laura \u00c1valo (remo), Julio Alsogaray (yacthing) y \u00abToto\u00bb Campos (judo), entre otros.<\/p>\n","protected":false},"excerpt":{"rendered":"<p>El candidato presidencial por el Frente para la Victoria firm\u00f3 un acta-compromiso con el deporte con las autoridades del COA con el objetivo de implementarlas si llega al gobierno nacional.<\/p>\n","protected":false},"author":8,"featured_media":0,"comment_status":"open","ping_status":"open","sticky":false,"template":"","format":"standard","meta":{"_jetpack_newsletter_access":"","_jetpack_dont_email_post_to_subs":false,"_jetpack_newsletter_tier_id":0,"_jetpack_memberships_contains_paywalled_content":false,"_jetpack_memberships_contains_paid_content":false,"footnotes":""},"categories":[51],"tags":[],"class_list":["post-73778","post","type-post","status-publish","format-standard","hentry","category-politica"],"jetpack_shortlink":"https:\/\/wp.me\/p2JWE0-jbY","jetpack-related-posts":[{"id":106604,"url":"http:\/\/www.24baires.com\/?p=106604","url_meta":{"origin":73778,"position":0},"title":"El Gobierno elimin\u00f3 la Secretar\u00eda de Deportes a trav\u00e9s de un DNU","author":"GB","date":"30\/01\/2019","format":false,"excerpt":"Finalmente sali\u00f3 publicado en el Bolet\u00edn Oficial el decreto de necesidad y urgencia por el que se elimina la actual Secretar\u00eda de Deportes para convertirse en una agencia nacional. Como hab\u00eda adelantado este portal, el proyecto encubre un negocio inmobiliario para vender activos correspondientes a los centros de desarrollo de\u2026","rel":"","context":"En \u00abPol\u00edtica\u00bb","block_context":{"text":"Pol\u00edtica","link":"http:\/\/www.24baires.com\/?cat=51"},"img":{"alt_text":"","src":"https:\/\/i0.wp.com\/www.24baires.com\/wp-content\/uploads\/2018\/10\/MACRI-IDEA.jpg?resize=350%2C200","width":350,"height":200,"srcset":"https:\/\/i0.wp.com\/www.24baires.com\/wp-content\/uploads\/2018\/10\/MACRI-IDEA.jpg?resize=350%2C200 1x, https:\/\/i0.wp.com\/www.24baires.com\/wp-content\/uploads\/2018\/10\/MACRI-IDEA.jpg?resize=525%2C300 1.5x"},"classes":[]},{"id":47162,"url":"http:\/\/www.24baires.com\/?p=47162","url_meta":{"origin":73778,"position":1},"title":"Debatir\u00e1n esta semana la Ley de Fomento a Clubes de Barrio","author":"Grupo Sierra","date":"01\/06\/2014","format":false,"excerpt":"El Gobierno bonaerense lanzar\u00e1 en los pr\u00f3ximos d\u00edas una jornada de debate sobre el proyecto, con la intenci\u00f3n de darle un fuerte respaldo a estas instituciones y, adem\u00e1s, reunir consenso sobre una iniciativa legislativa que busca beneficiarlos. Las jornadas, se desarrollar\u00e1n para exponer los alcances de un proyecto legislativo promovido\u2026","rel":"","context":"En \u00abSociedad\u00bb","block_context":{"text":"Sociedad","link":"http:\/\/www.24baires.com\/?cat=1"},"img":{"alt_text":"deporte chicos","src":"https:\/\/i0.wp.com\/www.24baires.com\/wp-content\/uploads\/2014\/03\/deporte-chicos.jpg?resize=350%2C200","width":350,"height":200,"srcset":"https:\/\/i0.wp.com\/www.24baires.com\/wp-content\/uploads\/2014\/03\/deporte-chicos.jpg?resize=350%2C200 1x, https:\/\/i0.wp.com\/www.24baires.com\/wp-content\/uploads\/2014\/03\/deporte-chicos.jpg?resize=525%2C300 1.5x"},"classes":[]},{"id":101582,"url":"http:\/\/www.24baires.com\/?p=101582","url_meta":{"origin":73778,"position":2},"title":"Garro reinaugur\u00f3 la pista de atletismo del Estadio \u00danico para los Juegos Bonaerenses 2018","author":"GB","date":"13\/04\/2018","format":false,"excerpt":"La pista ubicada en el predio deportivo de Av. 32 y 25 ya est\u00e1 lista para el lanzamiento de la edici\u00f3n 2018 de la competencia. En el marco del lanzamiento de los Juegos Bonaerenses 2018, el intendente de La Plata, Julio Garro particip\u00f3 hoy de la reinauguraci\u00f3n de la pista\u2026","rel":"","context":"En \u00abProvincia\u00bb","block_context":{"text":"Provincia","link":"http:\/\/www.24baires.com\/?cat=40"},"img":{"alt_text":"","src":"https:\/\/i0.wp.com\/www.24baires.com\/wp-content\/uploads\/2018\/04\/garro-pista-atletismo.jpg?resize=350%2C200","width":350,"height":200,"srcset":"https:\/\/i0.wp.com\/www.24baires.com\/wp-content\/uploads\/2018\/04\/garro-pista-atletismo.jpg?resize=350%2C200 1x, https:\/\/i0.wp.com\/www.24baires.com\/wp-content\/uploads\/2018\/04\/garro-pista-atletismo.jpg?resize=525%2C300 1.5x"},"classes":[]},{"id":48627,"url":"http:\/\/www.24baires.com\/?p=48627","url_meta":{"origin":73778,"position":3},"title":"Scioli entreg\u00f3 escrituras en Berazategui","author":"GB","date":"24\/06\/2014","format":false,"excerpt":"El gobernador Daniel Scioli afirm\u00f3 este martes que desde su gesti\u00f3n se busca \"facilitar los objetivos de los municipios\", al desarrollar una intensa agenda en la localidad bonaerense de Berazategui. En ese marco, la actividad que llev\u00f3 adelante el mandatario incluy\u00f3 la entrega de 76 escrituras sociales, apoyo financiero, 82\u2026","rel":"","context":"En \u00abLocales\u00bb","block_context":{"text":"Locales","link":"http:\/\/www.24baires.com\/?cat=38"},"img":{"alt_text":"scioli berazategui","src":"https:\/\/i0.wp.com\/www.24baires.com\/wp-content\/uploads\/2014\/06\/scioli-berazategui.png?resize=350%2C200","width":350,"height":200},"classes":[]},{"id":121785,"url":"http:\/\/www.24baires.com\/?p=121785","url_meta":{"origin":73778,"position":4},"title":"Kicillof dio inicio a los Juegos Bonaerenses: \u00abno es un gasto, es una inversi\u00f3n\u00bb","author":"GB","date":"29\/10\/2024","format":false,"excerpt":"El gobernador Kicillof inaugur\u00f3 los Juegos Bonaerenses en Mar del Plata, destacando un r\u00e9cord de participaci\u00f3n y una nueva infraestructura educativa en la ciudad. El gobernador de la Provincia de Buenos Aires, Axel Kicillof, encabez\u00f3 este lunes en Mar del Plata la apertura de la 33\u00aa edici\u00f3n de los Juegos\u2026","rel":"","context":"En \u00abProvincia\u00bb","block_context":{"text":"Provincia","link":"http:\/\/www.24baires.com\/?cat=40"},"img":{"alt_text":"","src":"https:\/\/i0.wp.com\/www.24baires.com\/wp-content\/uploads\/2024\/10\/kici-bonaerenses.webp?resize=350%2C200","width":350,"height":200,"srcset":"https:\/\/i0.wp.com\/www.24baires.com\/wp-content\/uploads\/2024\/10\/kici-bonaerenses.webp?resize=350%2C200 1x, https:\/\/i0.wp.com\/www.24baires.com\/wp-content\/uploads\/2024\/10\/kici-bonaerenses.webp?resize=525%2C300 1.5x, https:\/\/i0.wp.com\/www.24baires.com\/wp-content\/uploads\/2024\/10\/kici-bonaerenses.webp?resize=700%2C400 2x"},"classes":[]},{"id":37944,"url":"http:\/\/www.24baires.com\/?p=37944","url_meta":{"origin":73778,"position":5},"title":"Mar del Plata: Scioli reinaugur\u00f3 el Piso de Deportes","author":"GB","date":"05\/01\/2014","format":false,"excerpt":"El gobernador bonaerense, Daniel Scioli, encabez\u00f3 la reinauguraci\u00f3n del Centro de Educaci\u00f3n F\u00edsica N\u00ba 1 de Mar del Plata CEF (ex piso de deportes) y asisti\u00f3 a la primera pelea de boxeo de la temporada 2014. Ante la presencia de importante p\u00fablico, el primer mandatario provincial acompa\u00f1ado por su jefe\u2026","rel":"","context":"En \u00abLocales\u00bb","block_context":{"text":"Locales","link":"http:\/\/www.24baires.com\/?cat=38"},"img":{"alt_text":"piso dedeportes","src":"https:\/\/i0.wp.com\/www.24baires.com\/wp-content\/uploads\/2014\/01\/piso-dedeportes-300x178.jpg?resize=350%2C200","width":350,"height":200},"classes":[]}],"jetpack_sharing_enabled":true,"jetpack_likes_enabled":true,"jetpack_featured_media_url":"","_links":{"self":[{"href":"http:\/\/www.24baires.com\/index.php?rest_route=\/wp\/v2\/posts\/73778","targetHints":{"allow":["GET"]}}],"collection":[{"href":"http:\/\/www.24baires.com\/index.php?rest_route=\/wp\/v2\/posts"}],"about":[{"href":"http:\/\/www.24baires.com\/index.php?rest_route=\/wp\/v2\/types\/post"}],"author":[{"embeddable":true,"href":"http:\/\/www.24baires.com\/index.php?rest_route=\/wp\/v2\/users\/8"}],"replies":[{"embeddable":true,"href":"http:\/\/www.24baires.com\/index.php?rest_route=%2Fwp%2Fv2%2Fcomments&post=73778"}],"version-history":[{"count":1,"href":"http:\/\/www.24baires.com\/index.php?rest_route=\/wp\/v2\/posts\/73778\/revisions"}],"predecessor-version":[{"id":73779,"href":"http:\/\/www.24baires.com\/index.php?rest_route=\/wp\/v2\/posts\/73778\/revisions\/73779"}],"wp:attachment":[{"href":"http:\/\/www.24baires.com\/index.php?rest_route=%2Fwp%2Fv2%2Fmedia&parent=73778"}],"wp:term":[{"taxonomy":"category","embeddable":true,"href":"http:\/\/www.24baires.com\/index.php?rest_route=%2Fwp%2Fv2%2Fcategories&post=73778"},{"taxonomy":"post_tag","embeddable":true,"href":"http:\/\/www.24baires.com\/index.php?rest_route=%2Fwp%2Fv2%2Ftags&post=73778"}],"curies":[{"name":"wp","href":"https:\/\/api.w.org\/{rel}","templated":true}]}}