{"id":73762,"date":"2015-10-19T12:00:05","date_gmt":"2015-10-19T15:00:05","guid":{"rendered":"http:\/\/www.24baires.com\/?p=73762"},"modified":"2015-10-20T11:01:31","modified_gmt":"2015-10-20T14:01:31","slug":"el-gabinete-de-scioli-marangoni-en-el-nacion-filmus-en-ciencia-y-tecnologia-y-berni-en-seguridad","status":"publish","type":"post","link":"http:\/\/www.24baires.com\/?p=73762","title":{"rendered":"El gabinete de Scioli: Marangoni en el Naci\u00f3n, Filmus en Ciencia y Tecnolog\u00eda y Berni en Seguridad"},"content":{"rendered":"<p><img data-recalc-dims=\"1\" loading=\"lazy\" decoding=\"async\" src=\"https:\/\/i0.wp.com\/www.24baires.com\/wp-content\/uploads\/2015\/10\/marangoni-filmus-berni.jpg?resize=560%2C373\" alt=\"marangoni filmus berni\" width=\"560\" height=\"373\" class=\"aligncenter size-full wp-image-73763\" srcset=\"https:\/\/i0.wp.com\/www.24baires.com\/wp-content\/uploads\/2015\/10\/marangoni-filmus-berni.jpg?w=560 560w, https:\/\/i0.wp.com\/www.24baires.com\/wp-content\/uploads\/2015\/10\/marangoni-filmus-berni.jpg?resize=300%2C200 300w\" sizes=\"auto, (max-width: 560px) 100vw, 560px\" \/>Son los nuevos nombres que se suman al equipo que prepara el candidato del Frente para la Victoria si resulta electo presidente el domingo. Adem\u00e1s, en las \u00faltimas horas fueron confirmados Juli\u00e1n Colombo como secretario General de la Presidencia y Alejandro &#8216;Topo&#8217; Rodr\u00edguez en Agricultura.<!--more--><\/p>\n<p>El propio Daniel Scioli anunci\u00f3 esta ma\u00f1ana en di\u00e1logo con Am\u00e9rica 24 a Juli\u00e1n Colombo, actualmente al frente de la Coordinaci\u00f3n General de la Unidad Gobernador, como secretario general de la presidencia, y su hermano, el presidente de la Fundaci\u00f3n DAR, Jos\u00e9 &#8216;Pepe&#8217; Scioli, confirm\u00f3 el nombre de Alejandro \u2018Topo\u2019 Rodr\u00edguez, actual ministro de Asuntos Agrarios de la provincia de Buenos Aires, como futuro ministro de Agricultura.<\/p>\n<p>\u00abSoy el m\u00e1s avanzado en definir gabinete\u00bb, dijo el candidato a presidente del FpV a radio Am\u00e9rica, mientras segu\u00eda anunciado nombres de su futuro equipo de gobierno.<\/p>\n<p>Durante la ma\u00f1ana, &#8216;Pepe&#8217; Scioli hab\u00eda anticipado la elecci\u00f3n de \u2018Topo\u2019 Rodr\u00edguez, actual ministro de Asuntos Agrarios bonaerense, como futuro ministro de Agricultura, y de Sergio Berni, actual secretario de Seguridad, al frente de la cartera de Seguridad de la Naci\u00f3n.<\/p>\n<p>Tambi\u00e9n se anunciaron en las \u00faltimas horas las designaciones de Daniel Filmus, actual secretario de Asuntos Relativos a las islas Malvinas, al frente de la cartera de Ciencia y Tecnolog\u00eda en reemplazo de Lino Bara\u00f1ao, el diputado Juli\u00e1n Dom\u00ednguez ir\u00e1 a Industria y el actual titular del Banco Provincia, Gustavo Marangoni, como m\u00e1xima autoridad del Banco Naci\u00f3n.<\/p>\n<p>Completan el gabinete que delinea Scioli la actual ministra de Econom\u00eda bonaerense, Silvina Batakis, como encargada de la cartera de Econom\u00eda y Hacienda de la Naci\u00f3n; el actual jefe de Gabinete bonaerense, Alberto P\u00e9rez, que continuar\u00e1 en el mismo cargo pero a nivel nacional, y Ricardo Casal, actual ministro de Justicia provincial, que ir\u00eda a la cartera de Justicia de la Naci\u00f3n.<\/p>\n<p>Al frente de la cartera de Salud fue confirmado Alejandro Collia, hoy ministro de Salud en la provincia, en tanto que para Turismo, Scioli eligi\u00f3 al actual gobernador de Misiones, Maurice Closs y en Educaci\u00f3n al titular de la Universidad de Buenos Aires (UBA), Alberto Barbieri.<\/p>\n<p>El actual titular de Anses, Diego Bossio, estar\u00e1 al frente de la cartera de Planificaci\u00f3n Federal y Miguel Peirano, ser\u00e1 el titular del Banco Nacional de Desarrollo en el futuro gabinete de Scioli.<\/p>\n","protected":false},"excerpt":{"rendered":"<p>Son los nuevos nombres que se suman al equipo que prepara el candidato del Frente para la Victoria si resulta electo presidente el domingo. Adem\u00e1s, en las \u00faltimas horas fueron confirmados Juli\u00e1n Colombo como secretario General de la Presidencia y Alejandro &#8216;Topo&#8217; Rodr\u00edguez en Agricultura.<\/p>\n","protected":false},"author":4,"featured_media":0,"comment_status":"open","ping_status":"open","sticky":false,"template":"","format":"standard","meta":{"_jetpack_newsletter_access":"","_jetpack_dont_email_post_to_subs":false,"_jetpack_newsletter_tier_id":0,"_jetpack_memberships_contains_paywalled_content":false,"_jetpack_memberships_contains_paid_content":false,"footnotes":""},"categories":[51],"tags":[],"class_list":["post-73762","post","type-post","status-publish","format-standard","hentry","category-politica"],"jetpack_shortlink":"https:\/\/wp.me\/p2JWE0-jbI","jetpack-related-posts":[{"id":119156,"url":"http:\/\/www.24baires.com\/?p=119156","url_meta":{"origin":73762,"position":0},"title":"Massa asumir\u00e1 como superministro de Econom\u00eda","author":"AF","date":"28\/07\/2022","format":false,"excerpt":"Alberto Fern\u00e1ndez decidi\u00f3 reorganizar las \u00e1reas econ\u00f3micas para un mejor funcionamiento, coordinaci\u00f3n y gesti\u00f3n: se unificar\u00e1n los ministerios de Econom\u00eda, Desarrollo Productivo y Agricultura, Ganader\u00eda y Pesca, que quedar\u00e1n bajo la \u00f3rbita del actual presidente de la C\u00e1mara de Diputados. Massa anunci\u00f3 que el lunes comenzar\u00e1 a designar a los\u2026","rel":"","context":"En \u00abEconom\u00eda\u00bb","block_context":{"text":"Econom\u00eda","link":"http:\/\/www.24baires.com\/?cat=45"},"img":{"alt_text":"","src":"https:\/\/i0.wp.com\/www.24baires.com\/wp-content\/uploads\/2022\/07\/6243529d100ad_900.jpg?resize=350%2C200","width":350,"height":200,"srcset":"https:\/\/i0.wp.com\/www.24baires.com\/wp-content\/uploads\/2022\/07\/6243529d100ad_900.jpg?resize=350%2C200 1x, https:\/\/i0.wp.com\/www.24baires.com\/wp-content\/uploads\/2022\/07\/6243529d100ad_900.jpg?resize=525%2C300 1.5x, https:\/\/i0.wp.com\/www.24baires.com\/wp-content\/uploads\/2022\/07\/6243529d100ad_900.jpg?resize=700%2C400 2x"},"classes":[]},{"id":119049,"url":"http:\/\/www.24baires.com\/?p=119049","url_meta":{"origin":73762,"position":1},"title":"Silvina Batakis es la nueva Ministra de Econom\u00eda","author":"GB","date":"04\/07\/2022","format":false,"excerpt":"Tras largas horas de negociaciones, el presidente Alberto Fern\u00e1ndez design\u00f3 a Batakis en reemplazo de Mart\u00edn Guzm\u00e1n La nueva ministra de Econom\u00eda ser\u00e1 Silvina Batakis confirmaron este domingo fuentes oficiales, luego de intensas negociaciones de los diferentes espacios que integran el Frente de Todos (FdT) en el marco de cambios\u2026","rel":"","context":"En \u00abEconom\u00eda\u00bb","block_context":{"text":"Econom\u00eda","link":"http:\/\/www.24baires.com\/?cat=45"},"img":{"alt_text":"","src":"https:\/\/i0.wp.com\/www.24baires.com\/wp-content\/uploads\/2022\/07\/batakis.jpg?resize=350%2C200","width":350,"height":200,"srcset":"https:\/\/i0.wp.com\/www.24baires.com\/wp-content\/uploads\/2022\/07\/batakis.jpg?resize=350%2C200 1x, https:\/\/i0.wp.com\/www.24baires.com\/wp-content\/uploads\/2022\/07\/batakis.jpg?resize=525%2C300 1.5x, https:\/\/i0.wp.com\/www.24baires.com\/wp-content\/uploads\/2022\/07\/batakis.jpg?resize=700%2C400 2x, https:\/\/i0.wp.com\/www.24baires.com\/wp-content\/uploads\/2022\/07\/batakis.jpg?resize=1050%2C600 3x"},"classes":[]},{"id":113285,"url":"http:\/\/www.24baires.com\/?p=113285","url_meta":{"origin":73762,"position":2},"title":"Qui\u00e9nes dirigir\u00e1n los ministerios y las principales secretar\u00edas del pr\u00f3ximo gobierno","author":"AF","date":"06\/12\/2019","format":false,"excerpt":"Los nombres de las mujeres y hombres que suenan con m\u00e1s fuerza para acompa\u00f1ar al presidente electo Alberto Fern\u00e1ndez. La transici\u00f3n interminable un d\u00eda ten\u00eda que terminar. Hoy, viernes, Alberto Fern\u00e1ndez presentar\u00e1 su gabinete , estirando todo lo posible los plazos, lo que evit\u00f3 un desgaste prematuro de los elegidos\u2026","rel":"","context":"En \u00abPol\u00edtica\u00bb","block_context":{"text":"Pol\u00edtica","link":"http:\/\/www.24baires.com\/?cat=51"},"img":{"alt_text":"","src":"https:\/\/i0.wp.com\/www.24baires.com\/wp-content\/uploads\/2019\/10\/alberto1.jpeg?resize=350%2C200","width":350,"height":200,"srcset":"https:\/\/i0.wp.com\/www.24baires.com\/wp-content\/uploads\/2019\/10\/alberto1.jpeg?resize=350%2C200 1x, https:\/\/i0.wp.com\/www.24baires.com\/wp-content\/uploads\/2019\/10\/alberto1.jpeg?resize=525%2C300 1.5x"},"classes":[]},{"id":120181,"url":"http:\/\/www.24baires.com\/?p=120181","url_meta":{"origin":73762,"position":3},"title":"El Frente de Todos pasa a llamarse \u00abUni\u00f3n por la Patria\u00bb","author":"AF","date":"14\/06\/2023","format":false,"excerpt":"Los distintos sectores que componen el frente oficialista mantienen reuniones para definir, entre otras cosas, la constituci\u00f3n de su junta partidaria y el reglamento electoral que fijar\u00e1 pisos y porcentajes para la integraci\u00f3n de listas. El Frente de Todos (FdT) se llamar\u00e1 Uni\u00f3n por la Patria (UxP) en las pr\u00f3ximas\u2026","rel":"","context":"En \u00abPol\u00edtica\u00bb","block_context":{"text":"Pol\u00edtica","link":"http:\/\/www.24baires.com\/?cat=51"},"img":{"alt_text":"","src":"https:\/\/i0.wp.com\/www.24baires.com\/wp-content\/uploads\/2023\/06\/cfk-25-5.png?resize=350%2C200","width":350,"height":200,"srcset":"https:\/\/i0.wp.com\/www.24baires.com\/wp-content\/uploads\/2023\/06\/cfk-25-5.png?resize=350%2C200 1x, https:\/\/i0.wp.com\/www.24baires.com\/wp-content\/uploads\/2023\/06\/cfk-25-5.png?resize=525%2C300 1.5x, https:\/\/i0.wp.com\/www.24baires.com\/wp-content\/uploads\/2023\/06\/cfk-25-5.png?resize=700%2C400 2x, https:\/\/i0.wp.com\/www.24baires.com\/wp-content\/uploads\/2023\/06\/cfk-25-5.png?resize=1050%2C600 3x"},"classes":[]},{"id":113316,"url":"http:\/\/www.24baires.com\/?p=113316","url_meta":{"origin":73762,"position":4},"title":"\u00abHay una situaci\u00f3n de emergencia en la provincia\u00bb","author":"AF","date":"09\/12\/2019","format":false,"excerpt":"El gobernador bonaerense electo, Axel Kicillof, confirm\u00f3 esta tarde su Gabinete, con Pablo L\u00f3pez como ministro de Hacienda y Sergio Berni al frente de la cartera de Seguridad. En tanto, Augusto Costa ser\u00e1 ministro de Producci\u00f3n, Ciencia e Innovaci\u00f3n Tecnol\u00f3gica; Julio Alak encabezar\u00e1 la cartera de Justicia y Derechos Humanos,\u2026","rel":"","context":"En \u00abProvincia\u00bb","block_context":{"text":"Provincia","link":"http:\/\/www.24baires.com\/?cat=40"},"img":{"alt_text":"","src":"https:\/\/i0.wp.com\/www.24baires.com\/wp-content\/uploads\/2014\/01\/axelkicillof.jpg?resize=350%2C200","width":350,"height":200,"srcset":"https:\/\/i0.wp.com\/www.24baires.com\/wp-content\/uploads\/2014\/01\/axelkicillof.jpg?resize=350%2C200 1x, https:\/\/i0.wp.com\/www.24baires.com\/wp-content\/uploads\/2014\/01\/axelkicillof.jpg?resize=525%2C300 1.5x"},"classes":[]},{"id":101122,"url":"http:\/\/www.24baires.com\/?p=101122","url_meta":{"origin":73762,"position":5},"title":"Indagar\u00e1n a Scioli por irregularidades en la construcci\u00f3n de las UPA 24","author":"AF","date":"17\/03\/2018","format":false,"excerpt":"El ex gobernador Daniel Scioli y quien fuera su ministro de Salud, Alejandro Collia, fueron imputados y citados a prestar declaraci\u00f3n indagatoria en el marco de una causa que investiga presuntas irregularidades en la adjudicaci\u00f3n de ocho Unidades de Pronta Atenci\u00f3n (UPA 24) para las que se destinaron m\u00e1s de\u2026","rel":"","context":"En \u00abJUDICIALES\u00bb","block_context":{"text":"JUDICIALES","link":"http:\/\/www.24baires.com\/?cat=68"},"img":{"alt_text":"","src":"https:\/\/i0.wp.com\/www.24baires.com\/wp-content\/uploads\/2014\/05\/Daniel-Scioli.jpg?resize=350%2C200","width":350,"height":200,"srcset":"https:\/\/i0.wp.com\/www.24baires.com\/wp-content\/uploads\/2014\/05\/Daniel-Scioli.jpg?resize=350%2C200 1x, https:\/\/i0.wp.com\/www.24baires.com\/wp-content\/uploads\/2014\/05\/Daniel-Scioli.jpg?resize=525%2C300 1.5x"},"classes":[]}],"jetpack_sharing_enabled":true,"jetpack_likes_enabled":true,"jetpack_featured_media_url":"","_links":{"self":[{"href":"http:\/\/www.24baires.com\/index.php?rest_route=\/wp\/v2\/posts\/73762","targetHints":{"allow":["GET"]}}],"collection":[{"href":"http:\/\/www.24baires.com\/index.php?rest_route=\/wp\/v2\/posts"}],"about":[{"href":"http:\/\/www.24baires.com\/index.php?rest_route=\/wp\/v2\/types\/post"}],"author":[{"embeddable":true,"href":"http:\/\/www.24baires.com\/index.php?rest_route=\/wp\/v2\/users\/4"}],"replies":[{"embeddable":true,"href":"http:\/\/www.24baires.com\/index.php?rest_route=%2Fwp%2Fv2%2Fcomments&post=73762"}],"version-history":[{"count":1,"href":"http:\/\/www.24baires.com\/index.php?rest_route=\/wp\/v2\/posts\/73762\/revisions"}],"predecessor-version":[{"id":73764,"href":"http:\/\/www.24baires.com\/index.php?rest_route=\/wp\/v2\/posts\/73762\/revisions\/73764"}],"wp:attachment":[{"href":"http:\/\/www.24baires.com\/index.php?rest_route=%2Fwp%2Fv2%2Fmedia&parent=73762"}],"wp:term":[{"taxonomy":"category","embeddable":true,"href":"http:\/\/www.24baires.com\/index.php?rest_route=%2Fwp%2Fv2%2Fcategories&post=73762"},{"taxonomy":"post_tag","embeddable":true,"href":"http:\/\/www.24baires.com\/index.php?rest_route=%2Fwp%2Fv2%2Ftags&post=73762"}],"curies":[{"name":"wp","href":"https:\/\/api.w.org\/{rel}","templated":true}]}}