{"id":73747,"date":"2015-10-18T19:00:56","date_gmt":"2015-10-18T22:00:56","guid":{"rendered":"http:\/\/www.24baires.com\/?p=73747"},"modified":"2015-10-18T17:33:32","modified_gmt":"2015-10-18T20:33:32","slug":"anibal-fernandez-anticipo-un-gabinete-con-los-mejores","status":"publish","type":"post","link":"http:\/\/www.24baires.com\/?p=73747","title":{"rendered":"An\u00edbal Fern\u00e1ndez anticip\u00f3 \u00abun gabinete con los mejores\u00bb"},"content":{"rendered":"<p><img data-recalc-dims=\"1\" loading=\"lazy\" decoding=\"async\" class=\"aligncenter size-full wp-image-70083\" src=\"https:\/\/i0.wp.com\/www.24baires.com\/wp-content\/uploads\/2015\/08\/an%C3%ADbal-cierre.jpg?resize=560%2C370\" alt=\"an\u00edbal cierre\" width=\"560\" height=\"370\" srcset=\"https:\/\/i0.wp.com\/www.24baires.com\/wp-content\/uploads\/2015\/08\/an%C3%ADbal-cierre.jpg?w=560 560w, https:\/\/i0.wp.com\/www.24baires.com\/wp-content\/uploads\/2015\/08\/an%C3%ADbal-cierre.jpg?resize=300%2C198 300w\" sizes=\"auto, (max-width: 560px) 100vw, 560px\" \/>El jefe de Gabinete y candidato a gobernador bonaerense An\u00edbal Fern\u00e1ndez resalt\u00f3 la idoneidad de D\u00e9bora Giorgi y de Roberto Domenech, quienes ocupar\u00e1n los ministerios de Industria y de Asuntos Agrarios si el candidato del FpV se impone en las elecciones del pr\u00f3ximo domingo, al mismo tiempo que asegur\u00f3 que completar\u00e1 el futuro Gabinete \u201ccon los mejores\u201d.<!--more--><\/p>\n<p>\u201cYo estoy buscando los mejores, el gabinete que yo quiero es el de los mejores y hasta ahora me llev\u00e9 los mejores\u201d asegur\u00f3 Fern\u00e1ndez a P\u00e1gina 12 al ponderar la idoneidad de D\u00e9bora Giorgi y de Roberto Domenech, quienes ocupar\u00e1n los ministerios de Industria y de Asuntos Agrarios si el candidato del FpV se impone en las elecciones del pr\u00f3ximo domingo.<\/p>\n<p>Sin embargo, se abstuvo de anticipar los nombres de otros futuros integrantes de un Gabinete bonaerense aunque aclar\u00f3 que \u201cllegado el momento, lo haremos p\u00fablico y lo daremos a conocer\u201d.<\/p>\n<p>Respecto del mensaje que implic\u00f3 el virtual nombramiento de Giorgi y Domenech, el candidato a gobernador explic\u00f3 que se trat\u00f3 de \u201cun mensaje\u201d hacia el campo y la industria y ratific\u00f3 que parte de la pol\u00edtica hacia esos sectores incluir\u00e1 \u201cque no va a haber m\u00e1s presi\u00f3n tributaria\u201d, la b\u00fasqueda de \u201cgeneraci\u00f3n de nuevas actividades que signifiquen incorporar mayor tarea, buscar nuevos horizontes, nuevos mercados, nuevas posibilidades\u201d.<\/p>\n<p>\u201cEsto multiplica seriamente las posibilidades y tambi\u00e9n necesitamos aumentar la participaci\u00f3n de los trabajadores. Esto es todo un c\u00edrculo virtuoso que uno tiene que ir generando para hacer esa sinergia necesaria que la provincia requiere\u201d indic\u00f3.<\/p>\n<p>Fern\u00e1ndez tambi\u00e9n se refiri\u00f3 al tramo final de la campa\u00f1a electoral, en la cual \u201cme he dedicado fundamentalmente a ofrecer una propuesta inteligente, que le interese al electorado bonaerense\u201d explic\u00f3.<\/p>\n<p>\u201cLas \u00faltimas semanas fueron innecesariamente sucias\u201d indic\u00f3 el actual jefe de Gabinete de Ministro de la Naci\u00f3n y evalu\u00f3 que \u201cpareciera ser que la vocaci\u00f3n de tener que competir con el que puede tener mejores posibilidades hace que se hagan todos los desaguisados, agravios e insultos habidos y por haber\u201d.<\/p>\n","protected":false},"excerpt":{"rendered":"<p>El jefe de Gabinete y candidato a gobernador bonaerense An\u00edbal Fern\u00e1ndez resalt\u00f3 la idoneidad de D\u00e9bora Giorgi y de Roberto Domenech, quienes ocupar\u00e1n los ministerios de Industria y de Asuntos Agrarios si el candidato del FpV se impone en las elecciones del pr\u00f3ximo domingo, al mismo tiempo que asegur\u00f3 que completar\u00e1 el futuro Gabinete \u201ccon los mejores\u201d.<\/p>\n","protected":false},"author":8,"featured_media":0,"comment_status":"open","ping_status":"open","sticky":false,"template":"","format":"standard","meta":{"_jetpack_newsletter_access":"","_jetpack_dont_email_post_to_subs":false,"_jetpack_newsletter_tier_id":0,"_jetpack_memberships_contains_paywalled_content":false,"_jetpack_memberships_contains_paid_content":false,"footnotes":""},"categories":[51],"tags":[],"class_list":["post-73747","post","type-post","status-publish","format-standard","hentry","category-politica"],"jetpack_shortlink":"https:\/\/wp.me\/p2JWE0-jbt","jetpack-related-posts":[{"id":66050,"url":"http:\/\/www.24baires.com\/?p=66050","url_meta":{"origin":73747,"position":0},"title":"An\u00edbal, seguro, reafirm\u00f3 que el FpV gana \u00aben primera o segunda vuelta\u00bb","author":"GB","date":"17\/05\/2015","format":false,"excerpt":"El jefe de Gabinete de Ministros An\u00edbal Fern\u00e1ndez, se mostr\u00f3 confiado en el triunfo del Frente para la Victoria en las elecciones de octubre, \u201cgana en primera o segunda vuelta\u201d indic\u00f3, al mismo tiempo que augur\u00f3 que la elecci\u00f3n \u201cse va a polarizar mucho con la derecha\u201d. \u201cLa elecci\u00f3n presidencial\u2026","rel":"","context":"En \u00abPol\u00edtica\u00bb","block_context":{"text":"Pol\u00edtica","link":"http:\/\/www.24baires.com\/?cat=51"},"img":{"alt_text":"anibal conferencia","src":"https:\/\/i0.wp.com\/www.24baires.com\/wp-content\/uploads\/2015\/04\/anibal-conferencia.jpg?resize=350%2C200","width":350,"height":200,"srcset":"https:\/\/i0.wp.com\/www.24baires.com\/wp-content\/uploads\/2015\/04\/anibal-conferencia.jpg?resize=350%2C200 1x, https:\/\/i0.wp.com\/www.24baires.com\/wp-content\/uploads\/2015\/04\/anibal-conferencia.jpg?resize=525%2C300 1.5x"},"classes":[]},{"id":67228,"url":"http:\/\/www.24baires.com\/?p=67228","url_meta":{"origin":73747,"position":1},"title":"An\u00edbal F. promete pol\u00edticas claras hacia al campo si es elegido Gobernador","author":"GB","date":"08\/06\/2015","format":false,"excerpt":"El jefe de Gabinete nacional y precandidato a gobernador bonaerense por el FpV, An\u00edbal Fern\u00e1ndez, afirm\u00f3 que si es elegido para reemplazar a Daniel Scioli el sector agropecuario tendr\u00e1 un ministerio de Asuntos Agrarios \"como no lo han visto nunca\u201d con \u201cpol\u00edticas muy claras para los chacareros\u201d. Fern\u00e1ndez asegur\u00f3 que\u2026","rel":"","context":"En \u00abElecciones 2015\u00bb","block_context":{"text":"Elecciones 2015","link":"http:\/\/www.24baires.com\/?cat=74"},"img":{"alt_text":"anibal","src":"https:\/\/i0.wp.com\/www.24baires.com\/wp-content\/uploads\/2015\/01\/anibal.jpg?resize=350%2C200","width":350,"height":200,"srcset":"https:\/\/i0.wp.com\/www.24baires.com\/wp-content\/uploads\/2015\/01\/anibal.jpg?resize=350%2C200 1x, https:\/\/i0.wp.com\/www.24baires.com\/wp-content\/uploads\/2015\/01\/anibal.jpg?resize=525%2C300 1.5x"},"classes":[]},{"id":118006,"url":"http:\/\/www.24baires.com\/?p=118006","url_meta":{"origin":73747,"position":2},"title":"Recambio de ministros: Manzur, Jefe de Gabinete y An\u00edbal Fern\u00e1ndez a Seguridad","author":"GB","date":"18\/09\/2021","format":false,"excerpt":"Wado De Pedro seguir\u00e1 en su lugar, pero se ir\u00e1n Felipe Sol\u00e1, Roberto Salvarezza y Sabina Frederic. Juan Manzur reemplaza a Cafiero que ser\u00e1 Canciller El gobierno nacional confirm\u00f3 los cambios en el gabinete de ministros y prepara un relanzamiento de la gesti\u00f3n a partir del pr\u00f3ximo lunes, con el\u2026","rel":"","context":"En \u00abPol\u00edtica\u00bb","block_context":{"text":"Pol\u00edtica","link":"http:\/\/www.24baires.com\/?cat=51"},"img":{"alt_text":"","src":"https:\/\/i0.wp.com\/www.24baires.com\/wp-content\/uploads\/2021\/09\/Zxa4bz6uJ_1256x620__1-1024x505.jpg?resize=350%2C200","width":350,"height":200,"srcset":"https:\/\/i0.wp.com\/www.24baires.com\/wp-content\/uploads\/2021\/09\/Zxa4bz6uJ_1256x620__1-1024x505.jpg?resize=350%2C200 1x, https:\/\/i0.wp.com\/www.24baires.com\/wp-content\/uploads\/2021\/09\/Zxa4bz6uJ_1256x620__1-1024x505.jpg?resize=525%2C300 1.5x"},"classes":[]},{"id":69902,"url":"http:\/\/www.24baires.com\/?p=69902","url_meta":{"origin":73747,"position":3},"title":"An\u00edbal Fern\u00e1ndez propone un Ministerio Agrario que \u00abdialogue con chacareros\u00bb","author":"AF","date":"02\/08\/2015","format":false,"excerpt":"El jefe de Gabinete y precandidato a gobernador bonaerense por el FPV reiter\u00f3 su propuesta de que el ministerio de Asuntos Agrarios \u201cdialogue con los intendentes y chacareros de cada regi\u00f3n de la Provincia, para discutir la pol\u00edtica de comercializaci\u00f3n\u201d. El jefe de Gabinete y precandidato a gobernador bonaerense por\u2026","rel":"","context":"En \u00abPol\u00edtica\u00bb","block_context":{"text":"Pol\u00edtica","link":"http:\/\/www.24baires.com\/?cat=51"},"img":{"alt_text":"fern\u00e1ndez an\u00edbal2","src":"https:\/\/i0.wp.com\/www.24baires.com\/wp-content\/uploads\/2012\/11\/fern%C3%A1ndez-an%C3%ADbal2.jpg?resize=350%2C200","width":350,"height":200,"srcset":"https:\/\/i0.wp.com\/www.24baires.com\/wp-content\/uploads\/2012\/11\/fern%C3%A1ndez-an%C3%ADbal2.jpg?resize=350%2C200 1x, https:\/\/i0.wp.com\/www.24baires.com\/wp-content\/uploads\/2012\/11\/fern%C3%A1ndez-an%C3%ADbal2.jpg?resize=525%2C300 1.5x"},"classes":[]},{"id":73679,"url":"http:\/\/www.24baires.com\/?p=73679","url_meta":{"origin":73747,"position":4},"title":"Casal ser\u00e1 el Ministro de Justicia si Scioli llega a la Presidencia","author":"AF","date":"16\/10\/2015","format":false,"excerpt":"El candidato presidencial por el FpV, Daniel Scioli adelant\u00f3 este viernes un nuevo nombre para integrar su gabinete en caso de ser electo en las pr\u00f3ximas elecciones. Se trata de Ricardo Casal, quien se har\u00e1 cargo del Ministerio de Justicia. De esta forma, Casal ser\u00e1 el cuarto miembro de su\u2026","rel":"","context":"En \u00abPol\u00edtica\u00bb","block_context":{"text":"Pol\u00edtica","link":"http:\/\/www.24baires.com\/?cat=51"},"img":{"alt_text":"scioli casal armas","src":"https:\/\/i0.wp.com\/www.24baires.com\/wp-content\/uploads\/2013\/02\/scioli-casal-armas.jpg?resize=350%2C200","width":350,"height":200,"srcset":"https:\/\/i0.wp.com\/www.24baires.com\/wp-content\/uploads\/2013\/02\/scioli-casal-armas.jpg?resize=350%2C200 1x, https:\/\/i0.wp.com\/www.24baires.com\/wp-content\/uploads\/2013\/02\/scioli-casal-armas.jpg?resize=525%2C300 1.5x"},"classes":[]},{"id":73762,"url":"http:\/\/www.24baires.com\/?p=73762","url_meta":{"origin":73747,"position":5},"title":"El gabinete de Scioli: Marangoni en el Naci\u00f3n, Filmus en Ciencia y Tecnolog\u00eda y Berni en Seguridad","author":"AF","date":"19\/10\/2015","format":false,"excerpt":"Son los nuevos nombres que se suman al equipo que prepara el candidato del Frente para la Victoria si resulta electo presidente el domingo. Adem\u00e1s, en las \u00faltimas horas fueron confirmados Juli\u00e1n Colombo como secretario General de la Presidencia y Alejandro 'Topo' Rodr\u00edguez en Agricultura. El propio Daniel Scioli anunci\u00f3\u2026","rel":"","context":"En \u00abPol\u00edtica\u00bb","block_context":{"text":"Pol\u00edtica","link":"http:\/\/www.24baires.com\/?cat=51"},"img":{"alt_text":"","src":"https:\/\/i0.wp.com\/www.24baires.com\/wp-content\/uploads\/2015\/10\/marangoni-filmus-berni.jpg?resize=350%2C200","width":350,"height":200,"srcset":"https:\/\/i0.wp.com\/www.24baires.com\/wp-content\/uploads\/2015\/10\/marangoni-filmus-berni.jpg?resize=350%2C200 1x, https:\/\/i0.wp.com\/www.24baires.com\/wp-content\/uploads\/2015\/10\/marangoni-filmus-berni.jpg?resize=525%2C300 1.5x"},"classes":[]}],"jetpack_sharing_enabled":true,"jetpack_likes_enabled":true,"jetpack_featured_media_url":"","_links":{"self":[{"href":"http:\/\/www.24baires.com\/index.php?rest_route=\/wp\/v2\/posts\/73747","targetHints":{"allow":["GET"]}}],"collection":[{"href":"http:\/\/www.24baires.com\/index.php?rest_route=\/wp\/v2\/posts"}],"about":[{"href":"http:\/\/www.24baires.com\/index.php?rest_route=\/wp\/v2\/types\/post"}],"author":[{"embeddable":true,"href":"http:\/\/www.24baires.com\/index.php?rest_route=\/wp\/v2\/users\/8"}],"replies":[{"embeddable":true,"href":"http:\/\/www.24baires.com\/index.php?rest_route=%2Fwp%2Fv2%2Fcomments&post=73747"}],"version-history":[{"count":2,"href":"http:\/\/www.24baires.com\/index.php?rest_route=\/wp\/v2\/posts\/73747\/revisions"}],"predecessor-version":[{"id":73749,"href":"http:\/\/www.24baires.com\/index.php?rest_route=\/wp\/v2\/posts\/73747\/revisions\/73749"}],"wp:attachment":[{"href":"http:\/\/www.24baires.com\/index.php?rest_route=%2Fwp%2Fv2%2Fmedia&parent=73747"}],"wp:term":[{"taxonomy":"category","embeddable":true,"href":"http:\/\/www.24baires.com\/index.php?rest_route=%2Fwp%2Fv2%2Fcategories&post=73747"},{"taxonomy":"post_tag","embeddable":true,"href":"http:\/\/www.24baires.com\/index.php?rest_route=%2Fwp%2Fv2%2Ftags&post=73747"}],"curies":[{"name":"wp","href":"https:\/\/api.w.org\/{rel}","templated":true}]}}