{"id":73743,"date":"2015-10-18T17:00:27","date_gmt":"2015-10-18T20:00:27","guid":{"rendered":"http:\/\/www.24baires.com\/?p=73743"},"modified":"2015-10-18T13:40:45","modified_gmt":"2015-10-18T16:40:45","slug":"urribarri-es-imposible-imaginar-a-una-cristina-inactiva-despues-del-10-de-diciembre","status":"publish","type":"post","link":"http:\/\/www.24baires.com\/?p=73743","title":{"rendered":"Urribarri: \u00abEs imposible imaginar a una Cristina inactiva despu\u00e9s del 10 de diciembre\u00bb"},"content":{"rendered":"<p><img data-recalc-dims=\"1\" loading=\"lazy\" decoding=\"async\" class=\"aligncenter size-full wp-image-50846\" src=\"https:\/\/i0.wp.com\/www.24baires.com\/wp-content\/uploads\/2014\/07\/urribarri.jpg?resize=560%2C315\" alt=\"urribarri\" width=\"560\" height=\"315\" srcset=\"https:\/\/i0.wp.com\/www.24baires.com\/wp-content\/uploads\/2014\/07\/urribarri.jpg?w=560 560w, https:\/\/i0.wp.com\/www.24baires.com\/wp-content\/uploads\/2014\/07\/urribarri.jpg?resize=300%2C168 300w\" sizes=\"auto, (max-width: 560px) 100vw, 560px\" \/>El gobernador de Entre R\u00edos, Sergio Urribarri, consider\u00f3 hoy que \u201ces imposible imaginar a Cristina inactiva despu\u00e9s del 10 de diciembre\u00bb, al evaluar el eventual rol que cumplir\u00e1 en el pa\u00eds la Presidenta despu\u00e9s de los comicios.<!--more--><\/p>\n<p>\u201cEs muy dif\u00edcil imaginar el rol de Cristina, porque es muy fuerte y tan intenso lo que ha pasado en estos a\u00f1os\u201d, se\u00f1al\u00f3 el mandatario provincial, al tiempo que sostuvo que \u201ces imposible imaginar a la Presidenta inactiva despu\u00e9s del 10 de diciembre, s\u00f3lo Cristina sabr\u00e1 qu\u00e9 es lo que puede llegar a pasar con ella\u00bb.<\/p>\n<p>Seg\u00fan el gobernador entrerriano, \u201cel kirchnerismo es la mejor versi\u00f3n del peronismo despu\u00e9s de los gobiernos del general Juan Domingo Per\u00f3n\u201d.<\/p>\n<p>En una entrevista por radio Rock &amp; Pop, Urribarri asegur\u00f3 que de ganar las pr\u00f3ximas elecciones presidenciales el Frente para la Victoria \u201cse va a profundizar la relaci\u00f3n con la regi\u00f3n y en este sentido el Mercosur tiene que reafirmar sus lazos desde el punto de vista pol\u00edtico y econ\u00f3mico\u201d.<\/p>\n<p>\u201cHay que ponerse de acuerdo en una agenda de temas prioritarios en la econom\u00eda como uno de los temas m\u00e1s importantes, porque el mundo ha cambiado y este bloque tiene todo para crecer\u201d, analiz\u00f3.<\/p>\n<p>Dijo tambi\u00e9n que \u201cuna de las caracter\u00edsticas que m\u00e1s nos identifican a los que Daniel est\u00e1 convocando es que somos todos dirigentes relativamente j\u00f3venes pero con experiencia y determinaci\u00f3n, con vocaci\u00f3n de di\u00e1logo.\u00bb<\/p>\n<p>\u201cDaniel quiere que yo tenga como tarea principal una agenda de Argentina integrada, un relaci\u00f3n fluida\u00bb, adelant\u00f3.<\/p>\n<p>Finalmente, el mandatario entrerriano manifest\u00f3 que \u201ccon el gobierno de Scioli se termina eso de que un gobierno nuevo echa por tierra todo lo que se hizo\u201d.<\/p>\n<p>\u201cDaniel va a cuidar mucho todos los logros que se han alcanzado en estos a\u00f1os y corregir lo que haya que corregir\u201d, complet\u00f3.<\/p>\n","protected":false},"excerpt":{"rendered":"<p>El gobernador de Entre R\u00edos, Sergio Urribarri, consider\u00f3 hoy que \u201ces imposible imaginar a Cristina inactiva despu\u00e9s del 10 de diciembre\u00bb, al evaluar el eventual rol que cumplir\u00e1 en el pa\u00eds la Presidenta despu\u00e9s de los comicios.<\/p>\n","protected":false},"author":8,"featured_media":0,"comment_status":"open","ping_status":"open","sticky":false,"template":"","format":"standard","meta":{"_jetpack_newsletter_access":"","_jetpack_dont_email_post_to_subs":false,"_jetpack_newsletter_tier_id":0,"_jetpack_memberships_contains_paywalled_content":false,"_jetpack_memberships_contains_paid_content":false,"footnotes":""},"categories":[51],"tags":[],"class_list":["post-73743","post","type-post","status-publish","format-standard","hentry","category-politica"],"jetpack_shortlink":"https:\/\/wp.me\/p2JWE0-jbp","jetpack-related-posts":[{"id":57180,"url":"http:\/\/www.24baires.com\/?p=57180","url_meta":{"origin":73743,"position":0},"title":"Scioli, Urribarri y Rossi homenajearon juntos a N\u00e9stor Kirchner en La Matanza","author":"AF","date":"15\/11\/2014","format":false,"excerpt":"Los precandidatos a presidente del Frente para la Victoria Daniel Scioli, Sergio Urribarri y Agust\u00edn Rossi homenajearon al ex presidente N\u00e9stor Kirchner en el acto por el D\u00eda del Militante Peronista que compartieron en La Matanza. Convocados por el titular del PJ Bonaerense, Fernando Espinoza, Scioli, Urribarri y Rossi recordaron\u2026","rel":"","context":"En \u00abPol\u00edtica\u00bb","block_context":{"text":"Pol\u00edtica","link":"http:\/\/www.24baires.com\/?cat=51"},"img":{"alt_text":"peronismo","src":"https:\/\/i0.wp.com\/www.24baires.com\/wp-content\/uploads\/2014\/11\/peronismo-300x199.jpg?resize=350%2C200","width":350,"height":200},"classes":[]},{"id":46671,"url":"http:\/\/www.24baires.com\/?p=46671","url_meta":{"origin":73743,"position":1},"title":"Llaman a movilizarse en apoyo a la Presidenta","author":"Grupo Sierra","date":"24\/05\/2014","format":false,"excerpt":"Los gobernadores de Buenos Aires y Entre R\u00edos, Daniel Scioli y Sergio Urribarri, y el presidente de la C\u00e1mara de Diputados, Juli\u00e1n Dominguez, convocaron a los argentinos a participar ma\u00f1ana de los festejos del 25 de Mayo y respaldaron las pol\u00edticas p\u00fablicas del gobierno nacional encabezado por Cristina Fern\u00e1ndez de\u2026","rel":"","context":"En \u00abPol\u00edtica\u00bb","block_context":{"text":"Pol\u00edtica","link":"http:\/\/www.24baires.com\/?cat=51"},"img":{"alt_text":"cris","src":"https:\/\/i0.wp.com\/www.24baires.com\/wp-content\/uploads\/2012\/12\/cris.jpg?resize=350%2C200","width":350,"height":200,"srcset":"https:\/\/i0.wp.com\/www.24baires.com\/wp-content\/uploads\/2012\/12\/cris.jpg?resize=350%2C200 1x, https:\/\/i0.wp.com\/www.24baires.com\/wp-content\/uploads\/2012\/12\/cris.jpg?resize=525%2C300 1.5x"},"classes":[]},{"id":35202,"url":"http:\/\/www.24baires.com\/?p=35202","url_meta":{"origin":73743,"position":2},"title":"Aseguran que \u00abCristina se recupera de una manera excelente\u201d","author":"AF","date":"15\/11\/2013","format":false,"excerpt":"El gobernador de Entre R\u00edos, Sergio Urribarri, record\u00f3 adem\u00e1s que la Presidenta \"estar\u00e1 el pr\u00f3ximo lunes al frente de las actividades en el gobierno nacional\". El gobernador de Entre R\u00edos, Sergio Urribarri, afirm\u00f3 hoy que la presidenta Cristina Fern\u00e1ndez de Kirchner \u201cse recupera de una manera excelente, lo que es\u2026","rel":"","context":"En \u00abPol\u00edtica\u00bb","block_context":{"text":"Pol\u00edtica","link":"http:\/\/www.24baires.com\/?cat=51"},"img":{"alt_text":"Cristina san juan","src":"https:\/\/i0.wp.com\/www.24baires.com\/wp-content\/uploads\/2013\/10\/Cristina-san-juan.jpg?resize=350%2C200","width":350,"height":200,"srcset":"https:\/\/i0.wp.com\/www.24baires.com\/wp-content\/uploads\/2013\/10\/Cristina-san-juan.jpg?resize=350%2C200 1x, https:\/\/i0.wp.com\/www.24baires.com\/wp-content\/uploads\/2013\/10\/Cristina-san-juan.jpg?resize=525%2C300 1.5x"},"classes":[]},{"id":59898,"url":"http:\/\/www.24baires.com\/?p=59898","url_meta":{"origin":73743,"position":3},"title":"Urribarri propone una alianza de kirchneristas &#8216;puros&#8217; para enfrentar a Scioli","author":"Grupo Sierra","date":"11\/01\/2015","format":false,"excerpt":"El gobernador de Entre R\u00edos y predandidato presidencia,dijo, adem\u00e1s, que hay que \"generar una convergencia en el FPV para fortalecer un candidato que represente al espacio\" en las PASO. El gobernador de Entre R\u00edos, Sergio Urribarri, pidi\u00f3 \u201cgenerar una convergencia en el Frente para la Victoria para fortalecer alguna candidatura\u2026","rel":"","context":"En \u00abElecciones 2015\u00bb","block_context":{"text":"Elecciones 2015","link":"http:\/\/www.24baires.com\/?cat=74"},"img":{"alt_text":"","src":"https:\/\/i0.wp.com\/www.24baires.com\/wp-content\/uploads\/2015\/01\/urribarri-playa.jpg?resize=350%2C200","width":350,"height":200,"srcset":"https:\/\/i0.wp.com\/www.24baires.com\/wp-content\/uploads\/2015\/01\/urribarri-playa.jpg?resize=350%2C200 1x, https:\/\/i0.wp.com\/www.24baires.com\/wp-content\/uploads\/2015\/01\/urribarri-playa.jpg?resize=525%2C300 1.5x"},"classes":[]},{"id":34572,"url":"http:\/\/www.24baires.com\/?p=34572","url_meta":{"origin":73743,"position":4},"title":"\u00abYo voy a estar donde este proyecto me requiera\u00bb afirm\u00f3 Urribarri","author":"Grupo Sierra","date":"03\/11\/2013","format":false,"excerpt":"El gobernador de Entre R\u00edos, Sergio Urribarri, afirm\u00f3 que la Presidenta \"va a ser, por lejos, la principal electora\". En tanto, dijo que no le ofrecieron ser jefe de Gabinete y que va a estar \"donde el proyecto lo necesite\". En una entrevista publicada por el diario P\u00e1gina 12, Urribarri\u2026","rel":"","context":"En \u00abPol\u00edtica\u00bb","block_context":{"text":"Pol\u00edtica","link":"http:\/\/www.24baires.com\/?cat=51"},"img":{"alt_text":"","src":"https:\/\/i0.wp.com\/www.24baires.com\/wp-content\/uploads\/2013\/11\/urribarri_afeitado.jpg?resize=350%2C200","width":350,"height":200,"srcset":"https:\/\/i0.wp.com\/www.24baires.com\/wp-content\/uploads\/2013\/11\/urribarri_afeitado.jpg?resize=350%2C200 1x, https:\/\/i0.wp.com\/www.24baires.com\/wp-content\/uploads\/2013\/11\/urribarri_afeitado.jpg?resize=525%2C300 1.5x"},"classes":[]},{"id":33361,"url":"http:\/\/www.24baires.com\/?p=33361","url_meta":{"origin":73743,"position":5},"title":"Bossio asegur\u00f3 que Cristina \u00abest\u00e1 dejando el alma por la Argentina\u00bb","author":"GB","date":"10\/10\/2013","format":false,"excerpt":"El titular de la Anses, Diego Bossio, asegur\u00f3 que Cristina \"tiene una sensibilidad enorme y que quiz\u00e1s por eso la han castigado injustamente\". Fue al participar de un acto junto al gobernador de Entre R\u00edos, Sergio Urribarri. El titular de la Anses, Diego Bossio, afirm\u00f3 hoy que \"N\u00e9stor Kirchner dej\u00f3\u2026","rel":"","context":"En \u00abPol\u00edtica\u00bb","block_context":{"text":"Pol\u00edtica","link":"http:\/\/www.24baires.com\/?cat=51"},"img":{"alt_text":"","src":"","width":0,"height":0},"classes":[]}],"jetpack_sharing_enabled":true,"jetpack_likes_enabled":true,"jetpack_featured_media_url":"","_links":{"self":[{"href":"http:\/\/www.24baires.com\/index.php?rest_route=\/wp\/v2\/posts\/73743","targetHints":{"allow":["GET"]}}],"collection":[{"href":"http:\/\/www.24baires.com\/index.php?rest_route=\/wp\/v2\/posts"}],"about":[{"href":"http:\/\/www.24baires.com\/index.php?rest_route=\/wp\/v2\/types\/post"}],"author":[{"embeddable":true,"href":"http:\/\/www.24baires.com\/index.php?rest_route=\/wp\/v2\/users\/8"}],"replies":[{"embeddable":true,"href":"http:\/\/www.24baires.com\/index.php?rest_route=%2Fwp%2Fv2%2Fcomments&post=73743"}],"version-history":[{"count":1,"href":"http:\/\/www.24baires.com\/index.php?rest_route=\/wp\/v2\/posts\/73743\/revisions"}],"predecessor-version":[{"id":73744,"href":"http:\/\/www.24baires.com\/index.php?rest_route=\/wp\/v2\/posts\/73743\/revisions\/73744"}],"wp:attachment":[{"href":"http:\/\/www.24baires.com\/index.php?rest_route=%2Fwp%2Fv2%2Fmedia&parent=73743"}],"wp:term":[{"taxonomy":"category","embeddable":true,"href":"http:\/\/www.24baires.com\/index.php?rest_route=%2Fwp%2Fv2%2Fcategories&post=73743"},{"taxonomy":"post_tag","embeddable":true,"href":"http:\/\/www.24baires.com\/index.php?rest_route=%2Fwp%2Fv2%2Ftags&post=73743"}],"curies":[{"name":"wp","href":"https:\/\/api.w.org\/{rel}","templated":true}]}}