{"id":73738,"date":"2015-10-18T13:00:43","date_gmt":"2015-10-18T16:00:43","guid":{"rendered":"http:\/\/www.24baires.com\/?p=73738"},"modified":"2015-10-19T10:56:34","modified_gmt":"2015-10-19T13:56:34","slug":"para-scioli-la-negociacion-con-los-fondos-buitre-no-es-prioridad-en-su-agenda","status":"publish","type":"post","link":"http:\/\/www.24baires.com\/?p=73738","title":{"rendered":"Para Scioli, la negociaci\u00f3n con los fondos buitre \u00abno es prioridad\u00bb en su agenda"},"content":{"rendered":"<p><img data-recalc-dims=\"1\" loading=\"lazy\" decoding=\"async\" class=\"aligncenter wp-image-68427\" src=\"https:\/\/i0.wp.com\/www.24baires.com\/wp-content\/uploads\/2015\/07\/scioli.jpg?resize=560%2C314\" alt=\"scioli\" width=\"560\" height=\"314\" srcset=\"https:\/\/i0.wp.com\/www.24baires.com\/wp-content\/uploads\/2015\/07\/scioli.jpg?w=510 510w, https:\/\/i0.wp.com\/www.24baires.com\/wp-content\/uploads\/2015\/07\/scioli.jpg?resize=300%2C168 300w\" sizes=\"auto, (max-width: 560px) 100vw, 560px\" \/>El candidato presidencial del Frente para la Victoria Daniel Scioli afirm\u00f3 que \u201cNo es una prioridad en mi agenda de trabajo\u201d al referirse a la disputa con los fondos buitre y reiter\u00f3 que nuestro pa\u00eds tiene \u201cvoluntad y capacidad de pago en condiciones justas y equitativas\u201d.<!--more--><\/p>\n<p>\u201cNo es una prioridad en mi agenda de trabajo\u201d sentenci\u00f3 hoy Daniel Scioli en referencia a la disputa que lleva adelante nuestro pa\u00eds con los fondos especulativos, en un contexto en el que durante las \u00faltimas semanas distintos dirigentes pol\u00edticos, incluso del oficialismo llamaran a cerrar el conflicto con lo fondos buitre.<\/p>\n<p>\u201cLa posici\u00f3n Argentina es muy clara\u201d declar\u00f3 el candidato presidencial del FpV en una entrevista concedida a Tiempo Argentino y afirm\u00f3 que la posici\u00f3n \u201cno tiene que ser la de un gobierno, porque algunos irresponsablemente han dicho \u201cvamos a pagar\u201d.<\/p>\n<p>\u201cTodos tendr\u00edamos que tener la responsabilidad de decir \u201cesta es la posici\u00f3n argentina de todas las fuerzas pol\u00edticas\u201d. El pa\u00eds ha sido claro: voluntad y capacidad de pago en condiciones justas y equitativas\u201d indic\u00f3.<\/p>\n<p>M\u00e1s adelante, Scioli consider\u00f3 que \u201cel pa\u00eds no necesita ning\u00fan paquete de medidas urgente\u201d al mismo tiempo que anticip\u00f3 que \u201cgradualmente vamos a ir abordando todos los temas: hemos recuperado YPF, ahora vamos por la soberan\u00eda energ\u00e9tica. Hemos recuperado los ferrocarriles, ahora mejoremos la log\u00edstica. Hemos recuperado la ANSES, ahora mejoremos la vivienda\u201d.<\/p>\n<p>En este sentido, asegur\u00f3 que \u201ccuando uno gobierna, tiene que fijar prioridades, para m\u00ed fueron los m\u00e1s humildes, los trabajadores, la clase media, el peque\u00f1o y mediano productor, lo que yo llamo el c\u00edrculo celeste y blanco\u201d.<\/p>\n","protected":false},"excerpt":{"rendered":"<p>El candidato presidencial del Frente para la Victoria Daniel Scioli afirm\u00f3 que \u201cNo es una prioridad en mi agenda de trabajo\u201d al referirse a la disputa con los fondos buitre y reiter\u00f3 que nuestro pa\u00eds tiene \u201cvoluntad y capacidad de pago en condiciones justas y equitativas\u201d.<\/p>\n","protected":false},"author":8,"featured_media":0,"comment_status":"open","ping_status":"open","sticky":false,"template":"","format":"standard","meta":{"_jetpack_newsletter_access":"","_jetpack_dont_email_post_to_subs":false,"_jetpack_newsletter_tier_id":0,"_jetpack_memberships_contains_paywalled_content":false,"_jetpack_memberships_contains_paid_content":false,"footnotes":""},"categories":[51],"tags":[],"class_list":["post-73738","post","type-post","status-publish","format-standard","hentry","category-politica"],"jetpack_shortlink":"https:\/\/wp.me\/p2JWE0-jbk","jetpack-related-posts":[{"id":108387,"url":"http:\/\/www.24baires.com\/?p=108387","url_meta":{"origin":73738,"position":0},"title":"Scioli ratific\u00f3 su candidatura presidencial","author":"GB","date":"25\/05\/2019","format":false,"excerpt":"El exgobernador de la Provincia de Buenos Aires particip\u00f3 del Congreso Educativo de Ajedrez que se realiz\u00f3 en la ciudad balnearia y manifest\u00f3 sus deseos de ser el primer mandatario del pa\u00eds despu\u00e9s del 10 de diciembre, sin embargo aclar\u00f3: \u201cVer\u00e9 como peronista en qu\u00e9 lugar puedo hacer mi mayor\u2026","rel":"","context":"En \u00abPol\u00edtica\u00bb","block_context":{"text":"Pol\u00edtica","link":"http:\/\/www.24baires.com\/?cat=51"},"img":{"alt_text":"","src":"https:\/\/i0.wp.com\/www.24baires.com\/wp-content\/uploads\/2019\/05\/scioli-mar-del.jpg?resize=350%2C200","width":350,"height":200,"srcset":"https:\/\/i0.wp.com\/www.24baires.com\/wp-content\/uploads\/2019\/05\/scioli-mar-del.jpg?resize=350%2C200 1x, https:\/\/i0.wp.com\/www.24baires.com\/wp-content\/uploads\/2019\/05\/scioli-mar-del.jpg?resize=525%2C300 1.5x"},"classes":[]},{"id":74148,"url":"http:\/\/www.24baires.com\/?p=74148","url_meta":{"origin":73738,"position":1},"title":"\u00abLos argentinos no quieren volver al ajuste y la devaluaci\u00f3n\u00bb","author":"GB","date":"25\/10\/2015","format":false,"excerpt":"\"Nuestra prioridad son los humildes, los trabajadores y la clase media\", asegur\u00f3 el candidato a presidente del FPV junto a su compa\u00f1ero de f\u00f3rmula, Carlos Zannini, desde la sede de espacio. El candidato a presidente por el Frente para la Victoria, Daniel Scioli reiter\u00f3 su voluntad de \"esperar los resultados\u2026","rel":"","context":"En \u00abElecciones 2015\u00bb","block_context":{"text":"Elecciones 2015","link":"http:\/\/www.24baires.com\/?cat=74"},"img":{"alt_text":"","src":"https:\/\/i0.wp.com\/www.24baires.com\/wp-content\/uploads\/2015\/10\/scioli.jpg?resize=350%2C200","width":350,"height":200,"srcset":"https:\/\/i0.wp.com\/www.24baires.com\/wp-content\/uploads\/2015\/10\/scioli.jpg?resize=350%2C200 1x, https:\/\/i0.wp.com\/www.24baires.com\/wp-content\/uploads\/2015\/10\/scioli.jpg?resize=525%2C300 1.5x"},"classes":[]},{"id":50679,"url":"http:\/\/www.24baires.com\/?p=50679","url_meta":{"origin":73738,"position":2},"title":"Scioli asegur\u00f3 que su compa\u00f1ero de f\u00f3rmula \u00abser\u00e1 del interior\u00bb","author":"GB","date":"28\/07\/2014","format":false,"excerpt":"El gobernador de la Provincia, Daniel Scioli, afirm\u00f3 que su compa\u00f1ero de f\u00f3rmula de la precandidatura presidencial por el Frente para la Victoria \"ser\u00e1 del interior\" y sostuvo que el debate internacional que surge de la negociaci\u00f3n entre la Argentina y los fondos buitre \"marcar\u00e1 otro Nunca m\u00e1s\". \"Ser\u00e1 uno\u2026","rel":"","context":"En \u00abPol\u00edtica\u00bb","block_context":{"text":"Pol\u00edtica","link":"http:\/\/www.24baires.com\/?cat=51"},"img":{"alt_text":"scioli operativo sol","src":"https:\/\/i0.wp.com\/www.24baires.com\/wp-content\/uploads\/2013\/12\/scioli-operativo-sol.jpg?resize=350%2C200","width":350,"height":200,"srcset":"https:\/\/i0.wp.com\/www.24baires.com\/wp-content\/uploads\/2013\/12\/scioli-operativo-sol.jpg?resize=350%2C200 1x, https:\/\/i0.wp.com\/www.24baires.com\/wp-content\/uploads\/2013\/12\/scioli-operativo-sol.jpg?resize=525%2C300 1.5x"},"classes":[]},{"id":74946,"url":"http:\/\/www.24baires.com\/?p=74946","url_meta":{"origin":73738,"position":3},"title":"Scioli: \u00abAl Fondo Monetario no hay que pedirle plata nunca m\u00e1s\u00bb","author":"GB","date":"12\/11\/2015","format":false,"excerpt":"El candidato presidencial del FpV augur\u00f3 acuerdos con Rusia, China y el Banco de Brasil. Reiter\u00f3 que en caso de ganar habr\u00e1 un d\u00f3lar a $10 y garantiz\u00f3 los subsidios \"a la clase media y a los trabajadores\". A diez d\u00edas del balotaje, el candidato a presidente por el Frente\u2026","rel":"","context":"En \u00abElecciones 2015\u00bb","block_context":{"text":"Elecciones 2015","link":"http:\/\/www.24baires.com\/?cat=74"},"img":{"alt_text":"scioli plataforma","src":"https:\/\/i0.wp.com\/www.24baires.com\/wp-content\/uploads\/2015\/11\/scioli-plataforma.jpg?resize=350%2C200","width":350,"height":200,"srcset":"https:\/\/i0.wp.com\/www.24baires.com\/wp-content\/uploads\/2015\/11\/scioli-plataforma.jpg?resize=350%2C200 1x, https:\/\/i0.wp.com\/www.24baires.com\/wp-content\/uploads\/2015\/11\/scioli-plataforma.jpg?resize=525%2C300 1.5x"},"classes":[]},{"id":68842,"url":"http:\/\/www.24baires.com\/?p=68842","url_meta":{"origin":73738,"position":4},"title":"\u00abSi soy presidente, la econom\u00eda va a estar muy bien y mejorar\u00e1 la calidad de empleo\u00bb","author":"GB","date":"09\/07\/2015","format":false,"excerpt":"El gobernador bonaerense y precandidato presidencial por el Frente para la Victoria, Daniel Scioli, afirm\u00f3 que si es \u00e9l quien resulta electo para conducir el gobierno a partir del 10 de diciembre, la econom\u00eda \"va a estar muy bien\" y mantendr\u00e1 la \"tenacidad\" en la defensa de los intereses de\u2026","rel":"","context":"En \u00abElecciones 2015\u00bb","block_context":{"text":"Elecciones 2015","link":"http:\/\/www.24baires.com\/?cat=74"},"img":{"alt_text":"scioli zannini","src":"https:\/\/i0.wp.com\/www.24baires.com\/wp-content\/uploads\/2015\/07\/scioli-zannini.jpg?resize=350%2C200","width":350,"height":200,"srcset":"https:\/\/i0.wp.com\/www.24baires.com\/wp-content\/uploads\/2015\/07\/scioli-zannini.jpg?resize=350%2C200 1x, https:\/\/i0.wp.com\/www.24baires.com\/wp-content\/uploads\/2015\/07\/scioli-zannini.jpg?resize=525%2C300 1.5x"},"classes":[]},{"id":71689,"url":"http:\/\/www.24baires.com\/?p=71689","url_meta":{"origin":73738,"position":5},"title":"\u00abMacri quiere gobernar para unos pocos\u00bb","author":"AF","date":"05\/09\/2015","format":false,"excerpt":"El gobernador bonaerense y candidato presidencial por el FpV habl\u00f3 al cerrar en Mar del Plata el encuentro provincial del PJ bonaerense. Advirti\u00f3 que Macri \"quiere tomar el camino de pol\u00edticas de falso atajo como la devaluaci\u00f3n para gobernar para pocos\". \"En un contexto de incertidumbre global hay que fortalecer\u2026","rel":"","context":"En \u00abPol\u00edtica\u00bb","block_context":{"text":"Pol\u00edtica","link":"http:\/\/www.24baires.com\/?cat=51"},"img":{"alt_text":"scioli cierre campa\u00f1a","src":"https:\/\/i0.wp.com\/www.24baires.com\/wp-content\/uploads\/2015\/08\/scioli-cierre-campa%C3%B1a.jpg?resize=350%2C200","width":350,"height":200,"srcset":"https:\/\/i0.wp.com\/www.24baires.com\/wp-content\/uploads\/2015\/08\/scioli-cierre-campa%C3%B1a.jpg?resize=350%2C200 1x, https:\/\/i0.wp.com\/www.24baires.com\/wp-content\/uploads\/2015\/08\/scioli-cierre-campa%C3%B1a.jpg?resize=525%2C300 1.5x"},"classes":[]}],"jetpack_sharing_enabled":true,"jetpack_likes_enabled":true,"jetpack_featured_media_url":"","_links":{"self":[{"href":"http:\/\/www.24baires.com\/index.php?rest_route=\/wp\/v2\/posts\/73738","targetHints":{"allow":["GET"]}}],"collection":[{"href":"http:\/\/www.24baires.com\/index.php?rest_route=\/wp\/v2\/posts"}],"about":[{"href":"http:\/\/www.24baires.com\/index.php?rest_route=\/wp\/v2\/types\/post"}],"author":[{"embeddable":true,"href":"http:\/\/www.24baires.com\/index.php?rest_route=\/wp\/v2\/users\/8"}],"replies":[{"embeddable":true,"href":"http:\/\/www.24baires.com\/index.php?rest_route=%2Fwp%2Fv2%2Fcomments&post=73738"}],"version-history":[{"count":1,"href":"http:\/\/www.24baires.com\/index.php?rest_route=\/wp\/v2\/posts\/73738\/revisions"}],"predecessor-version":[{"id":73739,"href":"http:\/\/www.24baires.com\/index.php?rest_route=\/wp\/v2\/posts\/73738\/revisions\/73739"}],"wp:attachment":[{"href":"http:\/\/www.24baires.com\/index.php?rest_route=%2Fwp%2Fv2%2Fmedia&parent=73738"}],"wp:term":[{"taxonomy":"category","embeddable":true,"href":"http:\/\/www.24baires.com\/index.php?rest_route=%2Fwp%2Fv2%2Fcategories&post=73738"},{"taxonomy":"post_tag","embeddable":true,"href":"http:\/\/www.24baires.com\/index.php?rest_route=%2Fwp%2Fv2%2Ftags&post=73738"}],"curies":[{"name":"wp","href":"https:\/\/api.w.org\/{rel}","templated":true}]}}