{"id":73721,"date":"2015-10-17T15:00:18","date_gmt":"2015-10-17T18:00:18","guid":{"rendered":"http:\/\/www.24baires.com\/?p=73721"},"modified":"2015-10-17T15:00:38","modified_gmt":"2015-10-17T18:00:38","slug":"si-la-gente-de-idea-lo-aplaude-a-macri-con-ese-historial-turbio-les-gustara-eso","status":"publish","type":"post","link":"http:\/\/www.24baires.com\/?p=73721","title":{"rendered":"\u00abSi la gente de IDEA lo aplaude a Macri con ese historial turbio, les gustar\u00e1 eso\u00bb"},"content":{"rendered":"<p><img data-recalc-dims=\"1\" loading=\"lazy\" decoding=\"async\" class=\"aligncenter size-full wp-image-70083\" src=\"https:\/\/i0.wp.com\/www.24baires.com\/wp-content\/uploads\/2015\/08\/an%C3%ADbal-cierre.jpg?resize=560%2C370\" alt=\"an\u00edbal cierre\" width=\"560\" height=\"370\" srcset=\"https:\/\/i0.wp.com\/www.24baires.com\/wp-content\/uploads\/2015\/08\/an%C3%ADbal-cierre.jpg?w=560 560w, https:\/\/i0.wp.com\/www.24baires.com\/wp-content\/uploads\/2015\/08\/an%C3%ADbal-cierre.jpg?resize=300%2C198 300w\" sizes=\"auto, (max-width: 560px) 100vw, 560px\" \/>El jefe de Gabinete y candidato a gobernador por el FpV sostuvo que la Argentina vive \u00abuna de las campa\u00f1as m\u00e1s horribles\u00bb de su historia, critic\u00f3 a la oposici\u00f3n por no exhibir \u00abni una sola idea\u00bb y dijo que \u00absi la gente de IDEA lo aplaude a (Mauricio) Macri con ese historial turbio\u00bb es porque \u00ables gustar\u00e1 eso\u00bb.<!--more--><\/p>\n<p>En una entrevista brindada a Radio La Red, Fern\u00e1ndez carg\u00f3 contra la campa\u00f1a de Cambiemos y contra el candidato presidencial de esa fuerza Mauricio Macri, a quien acus\u00f3 de \u00abno saber lo que est\u00e1 diciendo\u00bb.<\/p>\n<p>\u00abEn la ciudad m\u00e1s rica del pa\u00eds, \u00e9l (por Macri) deja a los chicos sin vacantes, no paga el Garrahan, \u00e9l es el de la UCEP, \u00e9l es el que est\u00e1 procesado por escuchas ilegales\u00bb, a\u00f1adi\u00f3.<\/p>\n<p>Al respecto, se\u00f1al\u00f3 que junto a su compa\u00f1ero de f\u00f3rmula Mart\u00edn Sabbattela ha tratado \u00abpor todos los medios, en cada lugar, contar que se quiere hacer con la provincia\u00bb.<\/p>\n<p>Adem\u00e1s dijo que \u00abno se sube al ring imaginario\u00bb que le propone su contrincante Felipe Sol\u00e1, pero lo cruz\u00f3 por acusarlo de querer negociar con la Polic\u00eda Bonaerense: \u00ab\u00c9l es alguien que transfiri\u00f3 la responsabilidad a terceros, no manejaba la Polic\u00eda. Nosotros vamos a tener un ministro civil (a cargo del Ministerio de Seguridad) pero nos vamos a hacer cargo nosotros\u00bb.<\/p>\n<p>Fern\u00e1ndez se refiri\u00f3, adem\u00e1s, a las denuncias que lo relacionaban con el narcotr\u00e1fico, calific\u00e1ndolas como de una \u00abcanallada que hizo Canal 13, (Elisa) Carri\u00f3, (Alfredo) Leuco y (Jorge) Lanata\u00bb.<\/p>\n<p>Sobre quien aport\u00f3 declaraciones para la presentaci\u00f3n medi\u00e1tica, dijo que esa persona \u00abdenuncia al Papa si le pones 3 mangos m\u00e1s\u00bb.<\/p>\n<p>Por \u00faltimo, se refiri\u00f3 a la futura relaci\u00f3n entre la presidenta Cristina Fern\u00e1ndez de Kirchner y Daniel Scioli: \u00ab(\u00c9l) va a ser el presidente porque as\u00ed lo indica la constituci\u00f3n y Cristina va a ser la jefa del movimiento, con una visi\u00f3n muy clara de lo que aspira en t\u00e9rminos ideol\u00f3gicos\u00bb.<\/p>\n","protected":false},"excerpt":{"rendered":"<p>El jefe de Gabinete y candidato a gobernador por el FpV sostuvo que la Argentina vive \u00abuna de las campa\u00f1as m\u00e1s horribles\u00bb de su historia, critic\u00f3 a la oposici\u00f3n por no exhibir \u00abni una sola idea\u00bb y dijo que \u00absi la gente de IDEA lo aplaude a (Mauricio) Macri con ese historial turbio\u00bb es porque \u00ables gustar\u00e1 eso\u00bb.<\/p>\n","protected":false},"author":4,"featured_media":0,"comment_status":"open","ping_status":"open","sticky":false,"template":"","format":"standard","meta":{"_jetpack_newsletter_access":"","_jetpack_dont_email_post_to_subs":false,"_jetpack_newsletter_tier_id":0,"_jetpack_memberships_contains_paywalled_content":false,"_jetpack_memberships_contains_paid_content":false,"footnotes":""},"categories":[51],"tags":[],"class_list":["post-73721","post","type-post","status-publish","format-standard","hentry","category-politica"],"jetpack_shortlink":"https:\/\/wp.me\/p2JWE0-jb3","jetpack-related-posts":[{"id":73812,"url":"http:\/\/www.24baires.com\/?p=73812","url_meta":{"origin":73721,"position":0},"title":"An\u00edbal asegura que \u201cest\u00e1 garantizada la transparencia en los pr\u00f3ximos comicios\u201d","author":"AF","date":"20\/10\/2015","format":false,"excerpt":"Lo reiter\u00f3 hoy el jefe de Gabinete y candidato a gobernador bonaerense por el FpV. Adem\u00e1s, dijo que quienes ponen en duda el escrutinio lo hacen \"porque saben que pierden\u201d. El funcionario nacional se refiri\u00f3 en t\u00e9rminos turf\u00edsticos al resultado de las elecciones al sostener que \u201cya dimos vuelta la\u2026","rel":"","context":"En \u00abElecciones 2015\u00bb","block_context":{"text":"Elecciones 2015","link":"http:\/\/www.24baires.com\/?cat=74"},"img":{"alt_text":"anibal conferencia","src":"https:\/\/i0.wp.com\/www.24baires.com\/wp-content\/uploads\/2015\/04\/anibal-conferencia.jpg?resize=350%2C200","width":350,"height":200,"srcset":"https:\/\/i0.wp.com\/www.24baires.com\/wp-content\/uploads\/2015\/04\/anibal-conferencia.jpg?resize=350%2C200 1x, https:\/\/i0.wp.com\/www.24baires.com\/wp-content\/uploads\/2015\/04\/anibal-conferencia.jpg?resize=525%2C300 1.5x"},"classes":[]},{"id":103785,"url":"http:\/\/www.24baires.com\/?p=103785","url_meta":{"origin":73721,"position":1},"title":"Vidal confirm\u00f3 que no ser\u00e1 candidata a presidente en 2019","author":"AF","date":"09\/08\/2018","format":false,"excerpt":"En medio del esc\u00e1ndalo por los aportantes truchos de cambiemos en la Provincia durante la campa\u00f1a 2017, la mandataria se refiri\u00f3 a su futuro pol\u00edtico y el de Mauricio Macri. La gobernadora de la provincia de Buenos Aires, Mar\u00eda Eugenia Vidal, evit\u00f3 hablar sobre si se presentar\u00e1 para la reelecci\u00f3n\u2026","rel":"","context":"En \u00abPol\u00edtica\u00bb","block_context":{"text":"Pol\u00edtica","link":"http:\/\/www.24baires.com\/?cat=51"},"img":{"alt_text":"","src":"https:\/\/i0.wp.com\/www.24baires.com\/wp-content\/uploads\/2018\/03\/vidal-1.jpg?resize=350%2C200","width":350,"height":200,"srcset":"https:\/\/i0.wp.com\/www.24baires.com\/wp-content\/uploads\/2018\/03\/vidal-1.jpg?resize=350%2C200 1x, https:\/\/i0.wp.com\/www.24baires.com\/wp-content\/uploads\/2018\/03\/vidal-1.jpg?resize=525%2C300 1.5x"},"classes":[]},{"id":111654,"url":"http:\/\/www.24baires.com\/?p=111654","url_meta":{"origin":73721,"position":2},"title":"Carri\u00f3: \u00ab\u00a1De Olivos nos van a sacar muertos!\u00bb","author":"AF","date":"15\/08\/2019","format":false,"excerpt":"En la reuni\u00f3n del gabinete ampliado, Elisa Carri\u00f3 atribuy\u00f3 la derrota electoral de Macri a que \"hay muchos tentados en volver a la comodidad del dictador. Del Fara\u00f3n. O la Faraona\". Despu\u00e9s dijo que Alberto Fern\u00e1ndez es \"ordinario\". Tambi\u00e9n se despach\u00f3 contra los miembros del oficialismo: \"No se borren, los\u2026","rel":"","context":"En \u00abPol\u00edtica\u00bb","block_context":{"text":"Pol\u00edtica","link":"http:\/\/www.24baires.com\/?cat=51"},"img":{"alt_text":"","src":"https:\/\/i0.wp.com\/www.24baires.com\/wp-content\/uploads\/2019\/08\/carrio.jpg?resize=350%2C200","width":350,"height":200,"srcset":"https:\/\/i0.wp.com\/www.24baires.com\/wp-content\/uploads\/2019\/08\/carrio.jpg?resize=350%2C200 1x, https:\/\/i0.wp.com\/www.24baires.com\/wp-content\/uploads\/2019\/08\/carrio.jpg?resize=525%2C300 1.5x"},"classes":[]},{"id":112493,"url":"http:\/\/www.24baires.com\/?p=112493","url_meta":{"origin":73721,"position":3},"title":"Kicillof cruz\u00f3 a Macri y denunci\u00f3 \u00abuna campa\u00f1a sucia\u00bb del Presidente","author":"AF","date":"14\/10\/2019","format":false,"excerpt":"El candidato a gobernador de Buenos Aires por el Frente de Todos asegur\u00f3 que no le contestar\u00e1 al jefe de Estado, quien lo acus\u00f3 de abogar por una \"narcocapacitaci\u00f3n\" en las escuelas. Axel Kicillof se hizo eco de las palabras del presidente Mauricio Macri, quien lo acus\u00f3 de planear \"poner\u2026","rel":"","context":"En \u00abPol\u00edtica\u00bb","block_context":{"text":"Pol\u00edtica","link":"http:\/\/www.24baires.com\/?cat=51"},"img":{"alt_text":"","src":"https:\/\/i0.wp.com\/www.24baires.com\/wp-content\/uploads\/2019\/10\/kicillof-capa%C3%B1a.jpg?resize=350%2C200","width":350,"height":200,"srcset":"https:\/\/i0.wp.com\/www.24baires.com\/wp-content\/uploads\/2019\/10\/kicillof-capa%C3%B1a.jpg?resize=350%2C200 1x, https:\/\/i0.wp.com\/www.24baires.com\/wp-content\/uploads\/2019\/10\/kicillof-capa%C3%B1a.jpg?resize=525%2C300 1.5x"},"classes":[]},{"id":111684,"url":"http:\/\/www.24baires.com\/?p=111684","url_meta":{"origin":73721,"position":4},"title":"Alberto Fern\u00e1ndez: \u00abDujovne dej\u00f3 el pa\u00eds envuelto en una gran crisis\u00bb","author":"AF","date":"18\/08\/2019","format":false,"excerpt":"\"Hizo falta que yo explicara m\u00ednimamente las cosas para que el mundo se calmara y ahora la preocupaci\u00f3n es c\u00f3mo va a hacer Macri para llevar adelante todo esto\", dijo. Sus planes de reforma del gabinete, inserci\u00f3n internacional y renegociaci\u00f3n con el FMI. Son muchas las visitas de los \u00faltimos\u2026","rel":"","context":"En \u00abPol\u00edtica\u00bb","block_context":{"text":"Pol\u00edtica","link":"http:\/\/www.24baires.com\/?cat=51"},"img":{"alt_text":"","src":"https:\/\/i0.wp.com\/www.24baires.com\/wp-content\/uploads\/2019\/06\/alberto-fernandez.jpg?resize=350%2C200","width":350,"height":200,"srcset":"https:\/\/i0.wp.com\/www.24baires.com\/wp-content\/uploads\/2019\/06\/alberto-fernandez.jpg?resize=350%2C200 1x, https:\/\/i0.wp.com\/www.24baires.com\/wp-content\/uploads\/2019\/06\/alberto-fernandez.jpg?resize=525%2C300 1.5x"},"classes":[]},{"id":71886,"url":"http:\/\/www.24baires.com\/?p=71886","url_meta":{"origin":73721,"position":5},"title":"Stolbizer contra Macri: \u00ab\u00bfCu\u00e1ntos Niembros m\u00e1s tiene la Ciudad?\u00bb","author":"GB","date":"09\/09\/2015","format":false,"excerpt":"\"\u00bfCu\u00e1ntos Niembros m\u00e1s tiene el gobierno de CABA?\", se pregunt\u00f3 la candidata a presidenta de Progresistas, en referencia al acuerdo electoral que tienen Carri\u00f3 y el radicalismo con el PRO y las irregularidades como las detectadas en los contratos que involucraron al gobierno de la ciudad y al periodista. La\u2026","rel":"","context":"En \u00abElecciones 2015\u00bb","block_context":{"text":"Elecciones 2015","link":"http:\/\/www.24baires.com\/?cat=74"},"img":{"alt_text":"Stolbizer2","src":"https:\/\/i0.wp.com\/www.24baires.com\/wp-content\/uploads\/2014\/08\/Stolbizer2.jpg?resize=350%2C200","width":350,"height":200,"srcset":"https:\/\/i0.wp.com\/www.24baires.com\/wp-content\/uploads\/2014\/08\/Stolbizer2.jpg?resize=350%2C200 1x, https:\/\/i0.wp.com\/www.24baires.com\/wp-content\/uploads\/2014\/08\/Stolbizer2.jpg?resize=525%2C300 1.5x"},"classes":[]}],"jetpack_sharing_enabled":true,"jetpack_likes_enabled":true,"jetpack_featured_media_url":"","_links":{"self":[{"href":"http:\/\/www.24baires.com\/index.php?rest_route=\/wp\/v2\/posts\/73721","targetHints":{"allow":["GET"]}}],"collection":[{"href":"http:\/\/www.24baires.com\/index.php?rest_route=\/wp\/v2\/posts"}],"about":[{"href":"http:\/\/www.24baires.com\/index.php?rest_route=\/wp\/v2\/types\/post"}],"author":[{"embeddable":true,"href":"http:\/\/www.24baires.com\/index.php?rest_route=\/wp\/v2\/users\/4"}],"replies":[{"embeddable":true,"href":"http:\/\/www.24baires.com\/index.php?rest_route=%2Fwp%2Fv2%2Fcomments&post=73721"}],"version-history":[{"count":1,"href":"http:\/\/www.24baires.com\/index.php?rest_route=\/wp\/v2\/posts\/73721\/revisions"}],"predecessor-version":[{"id":73722,"href":"http:\/\/www.24baires.com\/index.php?rest_route=\/wp\/v2\/posts\/73721\/revisions\/73722"}],"wp:attachment":[{"href":"http:\/\/www.24baires.com\/index.php?rest_route=%2Fwp%2Fv2%2Fmedia&parent=73721"}],"wp:term":[{"taxonomy":"category","embeddable":true,"href":"http:\/\/www.24baires.com\/index.php?rest_route=%2Fwp%2Fv2%2Fcategories&post=73721"},{"taxonomy":"post_tag","embeddable":true,"href":"http:\/\/www.24baires.com\/index.php?rest_route=%2Fwp%2Fv2%2Ftags&post=73721"}],"curies":[{"name":"wp","href":"https:\/\/api.w.org\/{rel}","templated":true}]}}