{"id":73713,"date":"2015-10-17T13:00:13","date_gmt":"2015-10-17T16:00:13","guid":{"rendered":"http:\/\/www.24baires.com\/?p=73713"},"modified":"2015-10-18T11:17:05","modified_gmt":"2015-10-18T14:17:05","slug":"scioli-y-anibal-celebran-el-dia-de-la-lealtad-con-un-acto-en-la-matanza","status":"publish","type":"post","link":"http:\/\/www.24baires.com\/?p=73713","title":{"rendered":"Scioli y An\u00edbal celebran el D\u00eda de la Lealtad con un acto en La Matanza"},"content":{"rendered":"<p><img data-recalc-dims=\"1\" loading=\"lazy\" decoding=\"async\" class=\"aligncenter size-full wp-image-69840\" src=\"https:\/\/i0.wp.com\/www.24baires.com\/wp-content\/uploads\/2015\/07\/zannini-scioli-bossio-an%C3%ADbal.jpg?resize=560%2C374\" alt=\"zannini scioli bossio an\u00edbal\" width=\"560\" height=\"374\" srcset=\"https:\/\/i0.wp.com\/www.24baires.com\/wp-content\/uploads\/2015\/07\/zannini-scioli-bossio-an%C3%ADbal.jpg?w=560 560w, https:\/\/i0.wp.com\/www.24baires.com\/wp-content\/uploads\/2015\/07\/zannini-scioli-bossio-an%C3%ADbal.jpg?resize=300%2C200 300w\" sizes=\"auto, (max-width: 560px) 100vw, 560px\" \/>Los candidatos del FpV a presidente y gobernador bonaerense, Daniel Scioli y An\u00edbal Fern\u00e1ndez, participar\u00e1n este s\u00e1bado de la celebraci\u00f3n, que organizar\u00e1 el Partido Justicialista (PJ) bonaerense en la localidad de Gonz\u00e1lez Cat\u00e1n, partido de La Matanza.<!--more--><\/p>\n<p>De esta manera, Scioli, Fern\u00e1ndez y el intendente de La Matanza, Fernando Espinoza, encabezar\u00e1n el acto que conmemora una fecha emblem\u00e1tica para los peronistas, ya que se recuerda el 17 de octubre de 1945, cuando m\u00e1s de un mill\u00f3n de personas, en su mayor\u00eda obreros del conurbano bonaerense, se movilizaron hasta la Plaza de Mayo para exigir la liberaci\u00f3n del entonces coronel Juan Domingo Per\u00f3n.<\/p>\n<p>El c\u00f3nclave del PJ, que contar\u00e1 con toda la liturgia peronista, ser\u00e1 este s\u00e1bado 17 a las 16.30 en el polideportivo &#8216;Juan Domingo Per\u00f3n&#8217; de la localidad de Gonz\u00e1lez Cat\u00e1n, en el partido de La Matanza, ubicado en el km. 32 de la ruta 3.<\/p>\n<p>A 8 d\u00edas de las elecciones generales, los festejos por el D\u00eda de la Lealtad comenzar\u00e1n con actos en cada una de las ciudades del pa\u00eds mientras que el PJ bonaerense, presidido por Espinoza, iniciar\u00e1 la jornada con un evento a las 10 en la Quinta de San Vicente, donde descansan los restos del l\u00edder del movimiento justicialista.<\/p>\n","protected":false},"excerpt":{"rendered":"<p>Los candidatos del FpV a presidente y gobernador bonaerense, Daniel Scioli y An\u00edbal Fern\u00e1ndez, participar\u00e1n este s\u00e1bado de la celebraci\u00f3n, que organizar\u00e1 el Partido Justicialista (PJ) bonaerense en la localidad de Gonz\u00e1lez Cat\u00e1n, partido de La Matanza.<\/p>\n","protected":false},"author":4,"featured_media":0,"comment_status":"open","ping_status":"open","sticky":false,"template":"","format":"standard","meta":{"_jetpack_newsletter_access":"","_jetpack_dont_email_post_to_subs":false,"_jetpack_newsletter_tier_id":0,"_jetpack_memberships_contains_paywalled_content":false,"_jetpack_memberships_contains_paid_content":false,"footnotes":""},"categories":[51],"tags":[],"class_list":["post-73713","post","type-post","status-publish","format-standard","hentry","category-politica"],"jetpack_shortlink":"https:\/\/wp.me\/p2JWE0-jaV","jetpack-related-posts":[{"id":63752,"url":"http:\/\/www.24baires.com\/?p=63752","url_meta":{"origin":73713,"position":0},"title":"Cristina encabezar\u00e1 un acto en La Matanza","author":"GB","date":"31\/03\/2015","format":false,"excerpt":"La ceremonia se llevar\u00e1 a cabo a partir de las 18, con la asistencia del intendente de La Matanza, Fernando Espinoza, el gobernador bonaerense, Daniel Scioli, y otras autoridades y del municipio. La presidenta Cristina Fern\u00e1ndez de Kirchner encabezar\u00e1 esta tarde en La Matanza el acto de incorporaci\u00f3n al servicio\u2026","rel":"","context":"En \u00abMunicipios\u00bb","block_context":{"text":"Municipios","link":"http:\/\/www.24baires.com\/?cat=44"},"img":{"alt_text":"cristina4","src":"https:\/\/i0.wp.com\/www.24baires.com\/wp-content\/uploads\/2015\/03\/cristina4.jpg?resize=350%2C200","width":350,"height":200,"srcset":"https:\/\/i0.wp.com\/www.24baires.com\/wp-content\/uploads\/2015\/03\/cristina4.jpg?resize=350%2C200 1x, https:\/\/i0.wp.com\/www.24baires.com\/wp-content\/uploads\/2015\/03\/cristina4.jpg?resize=525%2C300 1.5x"},"classes":[]},{"id":120181,"url":"http:\/\/www.24baires.com\/?p=120181","url_meta":{"origin":73713,"position":1},"title":"El Frente de Todos pasa a llamarse \u00abUni\u00f3n por la Patria\u00bb","author":"AF","date":"14\/06\/2023","format":false,"excerpt":"Los distintos sectores que componen el frente oficialista mantienen reuniones para definir, entre otras cosas, la constituci\u00f3n de su junta partidaria y el reglamento electoral que fijar\u00e1 pisos y porcentajes para la integraci\u00f3n de listas. El Frente de Todos (FdT) se llamar\u00e1 Uni\u00f3n por la Patria (UxP) en las pr\u00f3ximas\u2026","rel":"","context":"En \u00abPol\u00edtica\u00bb","block_context":{"text":"Pol\u00edtica","link":"http:\/\/www.24baires.com\/?cat=51"},"img":{"alt_text":"","src":"https:\/\/i0.wp.com\/www.24baires.com\/wp-content\/uploads\/2023\/06\/cfk-25-5.png?resize=350%2C200","width":350,"height":200,"srcset":"https:\/\/i0.wp.com\/www.24baires.com\/wp-content\/uploads\/2023\/06\/cfk-25-5.png?resize=350%2C200 1x, https:\/\/i0.wp.com\/www.24baires.com\/wp-content\/uploads\/2023\/06\/cfk-25-5.png?resize=525%2C300 1.5x, https:\/\/i0.wp.com\/www.24baires.com\/wp-content\/uploads\/2023\/06\/cfk-25-5.png?resize=700%2C400 2x, https:\/\/i0.wp.com\/www.24baires.com\/wp-content\/uploads\/2023\/06\/cfk-25-5.png?resize=1050%2C600 3x"},"classes":[]},{"id":68939,"url":"http:\/\/www.24baires.com\/?p=68939","url_meta":{"origin":73713,"position":2},"title":"La Matanza: Scioli particip\u00f3 de la caravana de la f\u00f3rmula Dom\u00ednguez-Espinoza","author":"AF","date":"11\/07\/2015","format":false,"excerpt":"La f\u00f3rmula de precandidatos para la gobernaci\u00f3n bonaerense del Frente para la Victoria (FpV) integrada por Juli\u00e1n Dom\u00ednguez y Fernando Espinoza realiz\u00f3 una caravana por las calles de la localidad de Gonzalez Cat\u00e1n, en el partido de La Matanza, de la que particip\u00f3 el gobernador bonaerense y candidato a presidente\u2026","rel":"","context":"En \u00abElecciones 2015\u00bb","block_context":{"text":"Elecciones 2015","link":"http:\/\/www.24baires.com\/?cat=74"},"img":{"alt_text":"","src":"https:\/\/i0.wp.com\/www.24baires.com\/wp-content\/uploads\/2015\/07\/scioli-matanza.jpg?resize=350%2C200","width":350,"height":200,"srcset":"https:\/\/i0.wp.com\/www.24baires.com\/wp-content\/uploads\/2015\/07\/scioli-matanza.jpg?resize=350%2C200 1x, https:\/\/i0.wp.com\/www.24baires.com\/wp-content\/uploads\/2015\/07\/scioli-matanza.jpg?resize=525%2C300 1.5x"},"classes":[]},{"id":107651,"url":"http:\/\/www.24baires.com\/?p=107651","url_meta":{"origin":73713,"position":3},"title":"El peronismo se re\u00fane en Avellaneda","author":"AF","date":"13\/04\/2019","format":false,"excerpt":"Con la excusa de la inauguraci\u00f3n de una pileta ol\u00edmpica climatizada, el peronismo bonaerense busca cerrar filas en Avellaneda. El encuentro partidario se dio horas despu\u00e9s del decreto de Mauricio Macri que no permite las listas colectoras en las pr\u00f3ximas elecciones; y sirve, adem\u00e1s, para mostrar juntos a los dirigentes\u2026","rel":"","context":"En \u00abPol\u00edtica\u00bb","block_context":{"text":"Pol\u00edtica","link":"http:\/\/www.24baires.com\/?cat=51"},"img":{"alt_text":"","src":"https:\/\/i0.wp.com\/www.24baires.com\/wp-content\/uploads\/2019\/04\/peronismo.jpeg?resize=350%2C200","width":350,"height":200,"srcset":"https:\/\/i0.wp.com\/www.24baires.com\/wp-content\/uploads\/2019\/04\/peronismo.jpeg?resize=350%2C200 1x, https:\/\/i0.wp.com\/www.24baires.com\/wp-content\/uploads\/2019\/04\/peronismo.jpeg?resize=525%2C300 1.5x"},"classes":[]},{"id":57118,"url":"http:\/\/www.24baires.com\/?p=57118","url_meta":{"origin":73713,"position":4},"title":"El PJ Bonaerense se re\u00fane en La Matanza por el D\u00eda de la Militancia","author":"AF","date":"14\/11\/2014","format":false,"excerpt":"El PJ bonaerense volver\u00e1 a reunirse el s\u00e1bado en La Matanza para conmemorar el D\u00eda de la Militancia, en un acto en el que se prev\u00e9 la presencia de varios precandidatos presidenciales. El titular del partido, Fernando Espinoza, oficializ\u00f3 la nueva convocatoria, que tendr\u00e1 lugar el pr\u00f3ximo s\u00e1bado a partir\u2026","rel":"","context":"En \u00abPol\u00edtica\u00bb","block_context":{"text":"Pol\u00edtica","link":"http:\/\/www.24baires.com\/?cat=51"},"img":{"alt_text":"pj bonaerense","src":"https:\/\/i0.wp.com\/www.24baires.com\/wp-content\/uploads\/2014\/11\/pj-bonaerense.jpg?resize=350%2C200","width":350,"height":200,"srcset":"https:\/\/i0.wp.com\/www.24baires.com\/wp-content\/uploads\/2014\/11\/pj-bonaerense.jpg?resize=350%2C200 1x, https:\/\/i0.wp.com\/www.24baires.com\/wp-content\/uploads\/2014\/11\/pj-bonaerense.jpg?resize=525%2C300 1.5x"},"classes":[]},{"id":57180,"url":"http:\/\/www.24baires.com\/?p=57180","url_meta":{"origin":73713,"position":5},"title":"Scioli, Urribarri y Rossi homenajearon juntos a N\u00e9stor Kirchner en La Matanza","author":"AF","date":"15\/11\/2014","format":false,"excerpt":"Los precandidatos a presidente del Frente para la Victoria Daniel Scioli, Sergio Urribarri y Agust\u00edn Rossi homenajearon al ex presidente N\u00e9stor Kirchner en el acto por el D\u00eda del Militante Peronista que compartieron en La Matanza. Convocados por el titular del PJ Bonaerense, Fernando Espinoza, Scioli, Urribarri y Rossi recordaron\u2026","rel":"","context":"En \u00abPol\u00edtica\u00bb","block_context":{"text":"Pol\u00edtica","link":"http:\/\/www.24baires.com\/?cat=51"},"img":{"alt_text":"peronismo","src":"https:\/\/i0.wp.com\/www.24baires.com\/wp-content\/uploads\/2014\/11\/peronismo-300x199.jpg?resize=350%2C200","width":350,"height":200},"classes":[]}],"jetpack_sharing_enabled":true,"jetpack_likes_enabled":true,"jetpack_featured_media_url":"","_links":{"self":[{"href":"http:\/\/www.24baires.com\/index.php?rest_route=\/wp\/v2\/posts\/73713","targetHints":{"allow":["GET"]}}],"collection":[{"href":"http:\/\/www.24baires.com\/index.php?rest_route=\/wp\/v2\/posts"}],"about":[{"href":"http:\/\/www.24baires.com\/index.php?rest_route=\/wp\/v2\/types\/post"}],"author":[{"embeddable":true,"href":"http:\/\/www.24baires.com\/index.php?rest_route=\/wp\/v2\/users\/4"}],"replies":[{"embeddable":true,"href":"http:\/\/www.24baires.com\/index.php?rest_route=%2Fwp%2Fv2%2Fcomments&post=73713"}],"version-history":[{"count":1,"href":"http:\/\/www.24baires.com\/index.php?rest_route=\/wp\/v2\/posts\/73713\/revisions"}],"predecessor-version":[{"id":73714,"href":"http:\/\/www.24baires.com\/index.php?rest_route=\/wp\/v2\/posts\/73713\/revisions\/73714"}],"wp:attachment":[{"href":"http:\/\/www.24baires.com\/index.php?rest_route=%2Fwp%2Fv2%2Fmedia&parent=73713"}],"wp:term":[{"taxonomy":"category","embeddable":true,"href":"http:\/\/www.24baires.com\/index.php?rest_route=%2Fwp%2Fv2%2Fcategories&post=73713"},{"taxonomy":"post_tag","embeddable":true,"href":"http:\/\/www.24baires.com\/index.php?rest_route=%2Fwp%2Fv2%2Ftags&post=73713"}],"curies":[{"name":"wp","href":"https:\/\/api.w.org\/{rel}","templated":true}]}}