{"id":73693,"date":"2015-10-16T19:00:10","date_gmt":"2015-10-16T22:00:10","guid":{"rendered":"http:\/\/www.24baires.com\/?p=73693"},"modified":"2015-10-16T18:36:46","modified_gmt":"2015-10-16T21:36:46","slug":"polemica-candidata-a-concejala-macrista-aseguro-que-las-ninas-se-embarazan-por-un-plan","status":"publish","type":"post","link":"http:\/\/www.24baires.com\/?p=73693","title":{"rendered":"Pol\u00e9mica: candidata a concejala macrista asegur\u00f3 que las ni\u00f1as \u201cse embarazan por un plan\u201d"},"content":{"rendered":"<p><img data-recalc-dims=\"1\" loading=\"lazy\" decoding=\"async\" class=\"aligncenter size-full wp-image-73694\" src=\"https:\/\/i0.wp.com\/www.24baires.com\/wp-content\/uploads\/2015\/10\/m-l-biondi.jpg?resize=560%2C307\" alt=\"m l biondi\" width=\"560\" height=\"307\" srcset=\"https:\/\/i0.wp.com\/www.24baires.com\/wp-content\/uploads\/2015\/10\/m-l-biondi.jpg?w=560 560w, https:\/\/i0.wp.com\/www.24baires.com\/wp-content\/uploads\/2015\/10\/m-l-biondi.jpg?resize=300%2C164 300w\" sizes=\"auto, (max-width: 560px) 100vw, 560px\" \/>La controvertible frase la lanz\u00f3 la primera postulante a concejala por Cambiemos en <strong>Bah\u00eda Blanca<\/strong>, Mar\u00eda Laura Biondini. La candidata macrista sostuvo que ni\u00f1as de 12 a\u00f1os \u201cbuscan embarazarse para cobrar un plan social\u201d.<!--more--><\/p>\n<p>\u201cEstamos hablando de ni\u00f1as de 11 a\u00f1os que hablan de llegar a los 12 para poder quedar embarazadas y cobrar un plan. Eso denota la falta de una educaci\u00f3n sexual\u201d, lanz\u00f3 Biondini en medio de un debate entre postulantes a ediles en la comuna.<\/p>\n<p>En este sentido, la referente del jefe de Gobierno porte\u00f1o, Mauricio Macri, justific\u00f3 su desafortunada frase al asegurar que \u201ceso dijo una chica que se acerc\u00f3 a nuestro local\u201d.<\/p>\n<p>La declaraci\u00f3n de la candidata de Cambiemos despert\u00f3 un fuerte repudio y varias cr\u00edticas de diversos dirigentes y referentes sociales, quienes le pidieron respuestas al postulante a intendente del espacio, H\u00e9ctor Gay.<\/p>\n<p>Esta semana, el candidato a intendente de San Miguel, Octavio Frigerio, tambi\u00e9n profiri\u00f3 una opini\u00f3n que gener\u00f3 cr\u00edticas en varios sectores sociales. En la oporunidad, cuestion\u00f3 a la universidad p\u00fablica argentina al considerar que la pol\u00edtica que \u00abhoy existe es la del m\u00e1s reaccionario y antiprogresista de los subsidios, que es el de la gratuidad, entre comillas, universitaria\u00bb.<\/p>\n<p>De todas formas, el candidato a intendente se\u00f1al\u00f3 que no es una coyuntura propicia para realizar dicho planteo. \u201c\u00bfEs este un tema para plantear hoy? Evidentemente no lo es y no va a ser planteado hoy. Pero en cambio s\u00ed va a ser planteado con decisi\u00f3n la necesidad de que para entrar a la universidad se satisfagan determinados requisitos m\u00ednimos de calidad acad\u00e9mica\u00bb, agreg\u00f3 Frigerio, al tiempo que justific\u00f3 la medida para que se evite \u00abesta colosal y cuantiosa frustraci\u00f3n de tantos j\u00f3venes argentinos que abandonan sus estudios universitarios entre el primer y el segundo a\u00f1o\u00bb.<\/p>\n<p>Durante el audio, al que se puede acceder a trav\u00e9s del portal local \u00abZonanortediario\u00bb, Frigerio plantea implantar ex\u00e1menes de ingresos en todas las unidades acad\u00e9mica de la Naci\u00f2n.<\/p>\n<p>&nbsp;<\/p>\n<p>&nbsp;<\/p>\n<p>&nbsp;<\/p>\n<p>&nbsp;<\/p>\n<p>&nbsp;<\/p>\n<p>&nbsp;<\/p>\n<p>&nbsp;<\/p>\n<p>&nbsp;<\/p>\n<p>&nbsp;<\/p>\n<p>&nbsp;<\/p>\n<p>&nbsp;<\/p>\n<p>&nbsp;<\/p>\n<p>&nbsp;<\/p>\n<p>&nbsp;<\/p>\n<p>&nbsp;<\/p>\n","protected":false},"excerpt":{"rendered":"<p>La controvertible frase la lanz\u00f3 la primera postulante a concejala por Cambiemos en Bah\u00eda Blanca, Mar\u00eda Laura Biondini. La candidata macrista sostuvo que ni\u00f1as de 12 a\u00f1os \u201cbuscan embarazarse para cobrar un plan social\u201d.<\/p>\n","protected":false},"author":8,"featured_media":0,"comment_status":"open","ping_status":"open","sticky":false,"template":"","format":"standard","meta":{"_jetpack_newsletter_access":"","_jetpack_dont_email_post_to_subs":false,"_jetpack_newsletter_tier_id":0,"_jetpack_memberships_contains_paywalled_content":false,"_jetpack_memberships_contains_paid_content":false,"footnotes":""},"categories":[51],"tags":[],"class_list":["post-73693","post","type-post","status-publish","format-standard","hentry","category-politica"],"jetpack_shortlink":"https:\/\/wp.me\/p2JWE0-jaB","jetpack-related-posts":[{"id":112818,"url":"http:\/\/www.24baires.com\/?p=112818","url_meta":{"origin":73693,"position":0},"title":"Pol\u00e9mica en Maip\u00fa: \u201cVamos a pedir la nulidad de las elecciones\u201d","author":"GB","date":"01\/11\/2019","format":false,"excerpt":"Sigue la pol\u00e9mica en Maip\u00fa, por \u201cla retenci\u00f3n\u201d indebida de 150 documentos horas antes de las elecciones generales, celebradas el pasado domingo. \u201cNo fue un acto de democracia, es de una gravedad institucional lo que pas\u00f3\u201d, lanz\u00f3 Facundo Coudannes, el candidato del Frente de Todos en Maip\u00fa, quien todav\u00eda no\u2026","rel":"","context":"En \u00abMunicipios\u00bb","block_context":{"text":"Municipios","link":"http:\/\/www.24baires.com\/?cat=44"},"img":{"alt_text":"","src":"https:\/\/i0.wp.com\/www.24baires.com\/wp-content\/uploads\/2019\/11\/maipu.png?resize=350%2C200","width":350,"height":200,"srcset":"https:\/\/i0.wp.com\/www.24baires.com\/wp-content\/uploads\/2019\/11\/maipu.png?resize=350%2C200 1x, https:\/\/i0.wp.com\/www.24baires.com\/wp-content\/uploads\/2019\/11\/maipu.png?resize=525%2C300 1.5x"},"classes":[]},{"id":103317,"url":"http:\/\/www.24baires.com\/?p=103317","url_meta":{"origin":73693,"position":1},"title":"Un excandidato de Cambiemos asegura que \u00abel 100% de los aportantes son truchos\u00bb","author":"AF","date":"13\/07\/2018","format":false,"excerpt":"As\u00ed lo admiti\u00f3 Osvaldo Marasco, quien se postul\u00f3 a intendente de Ituzaing\u00f3 en 2015 por la alianza macrista y estuvo a 1500 votos de quedarse con el municipio. El ex candidato a intendente de Ituzaing\u00f3 por Cambiemos, Osvaldo Marasco, sum\u00f3 su voz al esc\u00e1ndalo de los aportantes truchos a las\u2026","rel":"","context":"En \u00abPol\u00edtica\u00bb","block_context":{"text":"Pol\u00edtica","link":"http:\/\/www.24baires.com\/?cat=51"},"img":{"alt_text":"","src":"https:\/\/i0.wp.com\/www.24baires.com\/wp-content\/uploads\/2018\/07\/vidal-marasco-macri.jpg?resize=350%2C200","width":350,"height":200,"srcset":"https:\/\/i0.wp.com\/www.24baires.com\/wp-content\/uploads\/2018\/07\/vidal-marasco-macri.jpg?resize=350%2C200 1x, https:\/\/i0.wp.com\/www.24baires.com\/wp-content\/uploads\/2018\/07\/vidal-marasco-macri.jpg?resize=525%2C300 1.5x"},"classes":[]},{"id":65977,"url":"http:\/\/www.24baires.com\/?p=65977","url_meta":{"origin":73693,"position":2},"title":"Chiche Duhalde: \u00abLas chicas se embarazan para tener un plan social\u00bb","author":"AF","date":"15\/05\/2015","format":false,"excerpt":"\"En las unidades sanitarias, algunas obstetras me cuentan que las chicas dicen: 'Estamos haciendo salario', porque le van a dar 400 pesos'\", agreg\u00f3 la ex senadora. La ex senadora Chiche Duhalde asegur\u00f3 anoche en di\u00e1logo con Dady Brieva por CN23 que \"aunque parezca mentira\" las chicas de 12 o 13\u2026","rel":"","context":"En \u00abPol\u00edtica\u00bb","block_context":{"text":"Pol\u00edtica","link":"http:\/\/www.24baires.com\/?cat=51"},"img":{"alt_text":"Hilda Chiche Duhalde2","src":"https:\/\/i0.wp.com\/www.24baires.com\/wp-content\/uploads\/2014\/09\/Hilda-Chiche-Duhalde2.jpg?resize=350%2C200","width":350,"height":200,"srcset":"https:\/\/i0.wp.com\/www.24baires.com\/wp-content\/uploads\/2014\/09\/Hilda-Chiche-Duhalde2.jpg?resize=350%2C200 1x, https:\/\/i0.wp.com\/www.24baires.com\/wp-content\/uploads\/2014\/09\/Hilda-Chiche-Duhalde2.jpg?resize=525%2C300 1.5x"},"classes":[]},{"id":29189,"url":"http:\/\/www.24baires.com\/?p=29189","url_meta":{"origin":73693,"position":3},"title":"Solicitan investigar pintadas nazis en la Ciudad de los Ni\u00f1os","author":"AF","date":"30\/07\/2013","format":false,"excerpt":"Lo reclam\u00f3 el Instituto Nacional contra la Discriminaci\u00f3n, la Xenofobia y el Racismo (INADI) tras expresar su \u201cm\u00e1s en\u00e9rgico repudio\u201d. Pablo Roma, director de Pol\u00edticas contra la Discriminaci\u00f3n del organismo, lament\u00f3 que este tipo de pintadas aparezcan \u201ccon asiduidad\u201d en la provincia de Buenos Aires. La Delegaci\u00f3n Provincia de Buenos\u2026","rel":"","context":"En \u00abLocales\u00bb","block_context":{"text":"Locales","link":"http:\/\/www.24baires.com\/?cat=38"},"img":{"alt_text":"","src":"https:\/\/i0.wp.com\/www.24baires.com\/wp-content\/uploads\/2013\/07\/pintadas-nazis-rep-ni%C3%B1os.jpg?resize=350%2C200","width":350,"height":200,"srcset":"https:\/\/i0.wp.com\/www.24baires.com\/wp-content\/uploads\/2013\/07\/pintadas-nazis-rep-ni%C3%B1os.jpg?resize=350%2C200 1x, https:\/\/i0.wp.com\/www.24baires.com\/wp-content\/uploads\/2013\/07\/pintadas-nazis-rep-ni%C3%B1os.jpg?resize=525%2C300 1.5x"},"classes":[]},{"id":120382,"url":"http:\/\/www.24baires.com\/?p=120382","url_meta":{"origin":73693,"position":4},"title":"Milei insiste: la ley del aborto \u201ces una pol\u00edtica asesina\u201d","author":"GB","date":"15\/08\/2023","format":false,"excerpt":"El candidato a presidente m\u00e1s votado, Javier Milei, asegur\u00f3 que la Ley de Interrupci\u00f3n Voluntaria del Embarazo \u201cno es un derecho ganado\u201d y adelant\u00f3 que crear\u00e1 un plebiscito para buscar su derogaci\u00f3n. Si bien en varias oportunidades Javier Milei se declar\u00f3 militante del \u201cpa\u00f1uelo celeste\u201d, recientemente el l\u00edder libertario y\u2026","rel":"","context":"En \u00abPol\u00edtica\u00bb","block_context":{"text":"Pol\u00edtica","link":"http:\/\/www.24baires.com\/?cat=51"},"img":{"alt_text":"","src":"https:\/\/i0.wp.com\/www.24baires.com\/wp-content\/uploads\/2023\/08\/milei-2.webp?resize=350%2C200","width":350,"height":200,"srcset":"https:\/\/i0.wp.com\/www.24baires.com\/wp-content\/uploads\/2023\/08\/milei-2.webp?resize=350%2C200 1x, https:\/\/i0.wp.com\/www.24baires.com\/wp-content\/uploads\/2023\/08\/milei-2.webp?resize=525%2C300 1.5x, https:\/\/i0.wp.com\/www.24baires.com\/wp-content\/uploads\/2023\/08\/milei-2.webp?resize=700%2C400 2x"},"classes":[]},{"id":84319,"url":"http:\/\/www.24baires.com\/?p=84319","url_meta":{"origin":73693,"position":5},"title":"Diputado de Cambiemos volvi\u00f3 a decir que las adolescentes se embarazan por plata","author":"GB","date":"28\/06\/2016","format":false,"excerpt":"Juli\u00e1n Dindart, legislador por la UCR integrante del interbloque oficialista, insisti\u00f3 en que las menores en situaci\u00f3n de pobreza se embarazan para cobran la Asignaci\u00f3n Universal por Hijo. Antes hab\u00eda intentado echar ilegalmente a la prensa y otros presentes de la Comisi\u00f3n de Familia, Mujer, Ni\u00f1ez y Adolescencia que preside\u2026","rel":"","context":"En \u00abPol\u00edtica\u00bb","block_context":{"text":"Pol\u00edtica","link":"http:\/\/www.24baires.com\/?cat=51"},"img":{"alt_text":"","src":"","width":0,"height":0},"classes":[]}],"jetpack_sharing_enabled":true,"jetpack_likes_enabled":true,"jetpack_featured_media_url":"","_links":{"self":[{"href":"http:\/\/www.24baires.com\/index.php?rest_route=\/wp\/v2\/posts\/73693","targetHints":{"allow":["GET"]}}],"collection":[{"href":"http:\/\/www.24baires.com\/index.php?rest_route=\/wp\/v2\/posts"}],"about":[{"href":"http:\/\/www.24baires.com\/index.php?rest_route=\/wp\/v2\/types\/post"}],"author":[{"embeddable":true,"href":"http:\/\/www.24baires.com\/index.php?rest_route=\/wp\/v2\/users\/8"}],"replies":[{"embeddable":true,"href":"http:\/\/www.24baires.com\/index.php?rest_route=%2Fwp%2Fv2%2Fcomments&post=73693"}],"version-history":[{"count":2,"href":"http:\/\/www.24baires.com\/index.php?rest_route=\/wp\/v2\/posts\/73693\/revisions"}],"predecessor-version":[{"id":73696,"href":"http:\/\/www.24baires.com\/index.php?rest_route=\/wp\/v2\/posts\/73693\/revisions\/73696"}],"wp:attachment":[{"href":"http:\/\/www.24baires.com\/index.php?rest_route=%2Fwp%2Fv2%2Fmedia&parent=73693"}],"wp:term":[{"taxonomy":"category","embeddable":true,"href":"http:\/\/www.24baires.com\/index.php?rest_route=%2Fwp%2Fv2%2Fcategories&post=73693"},{"taxonomy":"post_tag","embeddable":true,"href":"http:\/\/www.24baires.com\/index.php?rest_route=%2Fwp%2Fv2%2Ftags&post=73693"}],"curies":[{"name":"wp","href":"https:\/\/api.w.org\/{rel}","templated":true}]}}