{"id":73690,"date":"2015-10-16T18:30:58","date_gmt":"2015-10-16T21:30:58","guid":{"rendered":"http:\/\/www.24baires.com\/?p=73690"},"modified":"2015-10-16T18:12:57","modified_gmt":"2015-10-16T21:12:57","slug":"piden-a-la-justicia-de-ee-uu-que-ubique-a-stiuso-y-lo-haga-declarar","status":"publish","type":"post","link":"http:\/\/www.24baires.com\/?p=73690","title":{"rendered":"Piden a la Justicia de EE.UU. que ubique a Stiuso y lo haga declarar"},"content":{"rendered":"<p><img data-recalc-dims=\"1\" loading=\"lazy\" decoding=\"async\" class=\"aligncenter size-full wp-image-73244\" src=\"https:\/\/i0.wp.com\/www.24baires.com\/wp-content\/uploads\/2015\/10\/stiuso.jpg?resize=560%2C313\" alt=\"stiuso\" width=\"560\" height=\"313\" srcset=\"https:\/\/i0.wp.com\/www.24baires.com\/wp-content\/uploads\/2015\/10\/stiuso.jpg?w=560 560w, https:\/\/i0.wp.com\/www.24baires.com\/wp-content\/uploads\/2015\/10\/stiuso.jpg?resize=300%2C168 300w\" sizes=\"auto, (max-width: 560px) 100vw, 560px\" \/>La Unidad Fiscal de Investigaci\u00f3n (UFI) del atentado a la AMIA envi\u00f3 un exhorto a la justicia norteamericana con el objetivo de determinar el paradero del ex esp\u00eda Antonio Horacio Stiuso y hacerle saber que, en el marco de la investigaci\u00f3n del atentado terrorista, los fiscales prev\u00e9n recibir su declaraci\u00f3n testimonial dentro de los 10 d\u00edas siguientes a la notificaci\u00f3n.<!--more--><\/p>\n<p>En la misma jornada, la Unidad a cargo de los fiscales Sabrina Namer y Roberto Salum envi\u00f3 un oficio al jefe de la Divisi\u00f3n Asuntos Internacionales del Departamento de la Polic\u00eda Federal Argentina, Marcelo Chiappero, para que transmita una \u00abqueja formal\u00bb a la Secretar\u00eda General de Interpol \u00aba ra\u00edz de la falta de cooperaci\u00f3n por parte de la OCN Washington (EEUU) a los m\u00faltiples requerimientos formulados\u00bb para dar con el paradero de Stiuso, sobre quien pesa una \u00abnotificaci\u00f3n azul\u00bb.<\/p>\n","protected":false},"excerpt":{"rendered":"<p>La Unidad Fiscal de Investigaci\u00f3n (UFI) del atentado a la AMIA envi\u00f3 un exhorto a la justicia norteamericana con el objetivo de determinar el paradero del ex esp\u00eda Antonio Horacio Stiuso y hacerle saber que, en el marco de la investigaci\u00f3n del atentado terrorista, los fiscales prev\u00e9n recibir su declaraci\u00f3n testimonial dentro de los 10 d\u00edas siguientes a la notificaci\u00f3n.<\/p>\n","protected":false},"author":8,"featured_media":0,"comment_status":"open","ping_status":"open","sticky":false,"template":"","format":"standard","meta":{"_jetpack_newsletter_access":"","_jetpack_dont_email_post_to_subs":false,"_jetpack_newsletter_tier_id":0,"_jetpack_memberships_contains_paywalled_content":false,"_jetpack_memberships_contains_paid_content":false,"footnotes":""},"categories":[51],"tags":[],"class_list":["post-73690","post","type-post","status-publish","format-standard","hentry","category-politica"],"jetpack_shortlink":"https:\/\/wp.me\/p2JWE0-jay","jetpack-related-posts":[{"id":65137,"url":"http:\/\/www.24baires.com\/?p=65137","url_meta":{"origin":73690,"position":0},"title":"La UFI-AMIA pidi\u00f3 a Interpol que averig\u00fce el paradero de Stiuso para que declare","author":"AF","date":"29\/04\/2015","format":false,"excerpt":"Las autoridades de la UFI-AMIA le pidieron a Interpol que averig\u00fce el paradero del ex jefe de Operaciones de la Secretar\u00eda de Inteligencia, Antonio \"Jaime\" Stiuso, con el objetivo de que sea tra\u00eddo a la Argentina para que explique en qu\u00e9 consisti\u00f3 su colaboraci\u00f3n con el fallecido fiscal Alberto Nisman,\u2026","rel":"","context":"En \u00abJUDICIALES\u00bb","block_context":{"text":"JUDICIALES","link":"http:\/\/www.24baires.com\/?cat=68"},"img":{"alt_text":"","src":"","width":0,"height":0},"classes":[]},{"id":72840,"url":"http:\/\/www.24baires.com\/?p=72840","url_meta":{"origin":73690,"position":1},"title":"La AFI pide que se libre la \u00abcircular azul\u00bb en busca de Stiuso","author":"AF","date":"29\/09\/2015","format":false,"excerpt":"Lo solicit\u00f3 la Agencia Federal de Inteligencia al juez federal Norberto Oyarbide. Esta circular se tramita en Interpol y habilita la b\u00f1usqeda del ex director de Operaciones de la ex SIDE, quien se cree est\u00e1 en Miami. La Agencia Federal de Inteligencia (AFI) pidi\u00f3 hoy al juez federal Norberto Oyarbide\u2026","rel":"","context":"En \u00abJUDICIALES\u00bb","block_context":{"text":"JUDICIALES","link":"http:\/\/www.24baires.com\/?cat=68"},"img":{"alt_text":"","src":"","width":0,"height":0},"classes":[]},{"id":64862,"url":"http:\/\/www.24baires.com\/?p=64862","url_meta":{"origin":73690,"position":2},"title":"La Unidad Fiscal de la AMIA pidi\u00f3 el traslado por la fuerza p\u00fablica de Stiuso","author":"GB","date":"24\/04\/2015","format":false,"excerpt":"La fiscal\u00eda especial que investiga el caso AMIA solicit\u00f3 a la Polic\u00eda Federal la averiguaci\u00f3n del actual paradero del ex agente de inteligencia Antonio Horacio Stiuso y, una vez hallado, su traslado por medio de la fuerza p\u00fablica para tomarle declaraci\u00f3n. El pedido de la UFI-AMIA se da en el\u2026","rel":"","context":"En \u00abPol\u00edtica\u00bb","block_context":{"text":"Pol\u00edtica","link":"http:\/\/www.24baires.com\/?cat=51"},"img":{"alt_text":"","src":"https:\/\/i0.wp.com\/www.24baires.com\/wp-content\/uploads\/2015\/04\/amia.jpg?resize=350%2C200","width":350,"height":200,"srcset":"https:\/\/i0.wp.com\/www.24baires.com\/wp-content\/uploads\/2015\/04\/amia.jpg?resize=350%2C200 1x, https:\/\/i0.wp.com\/www.24baires.com\/wp-content\/uploads\/2015\/04\/amia.jpg?resize=525%2C300 1.5x"},"classes":[]},{"id":73243,"url":"http:\/\/www.24baires.com\/?p=73243","url_meta":{"origin":73690,"position":3},"title":"Interpol Brasilia confirm\u00f3 que Stiuso est\u00e1 en Miami","author":"GB","date":"07\/10\/2015","format":false,"excerpt":"Antonio Horacio \"Jaime\" Stiuso parti\u00f3 de Brasil con destino a Estados Unidos ese d\u00eda, seg\u00fan difundi\u00f3 hoy el Ministerio de Seguridad de la Naci\u00f3n tras recibir un parte informativo de la Direcci\u00f3n General de Coordinaci\u00f3n Internacional referido al paradero del ex agente la ex SIDE en virtud de la notificaci\u00f3n\u2026","rel":"","context":"En \u00abPol\u00edtica\u00bb","block_context":{"text":"Pol\u00edtica","link":"http:\/\/www.24baires.com\/?cat=51"},"img":{"alt_text":"","src":"https:\/\/i0.wp.com\/www.24baires.com\/wp-content\/uploads\/2015\/10\/stiuso.jpg?resize=350%2C200","width":350,"height":200,"srcset":"https:\/\/i0.wp.com\/www.24baires.com\/wp-content\/uploads\/2015\/10\/stiuso.jpg?resize=350%2C200 1x, https:\/\/i0.wp.com\/www.24baires.com\/wp-content\/uploads\/2015\/10\/stiuso.jpg?resize=525%2C300 1.5x"},"classes":[]},{"id":73293,"url":"http:\/\/www.24baires.com\/?p=73293","url_meta":{"origin":73690,"position":4},"title":"El Gobierno espera que EEUU \u00abresponda en consecuencia\u00bb sobre el paradero de Stiuso","author":"AF","date":"08\/10\/2015","format":false,"excerpt":"El jefe de Gabinete, An\u00edbal Fern\u00e1ndez, dijo que el gobierno argentino espera que Estados Unidos \"responda en consecuencia\" sobre el pedido de paradero del ex director de Operaciones de la ex SIDE Antonio \"Jaime\" Stiuso, luego de que ayer Interpol revelara que viaj\u00f3 a Miami, v\u00eda la ciudad brasile\u00f1a de\u2026","rel":"","context":"En \u00abJUDICIALES\u00bb","block_context":{"text":"JUDICIALES","link":"http:\/\/www.24baires.com\/?cat=68"},"img":{"alt_text":"anibal conferencia","src":"https:\/\/i0.wp.com\/www.24baires.com\/wp-content\/uploads\/2015\/04\/anibal-conferencia.jpg?resize=350%2C200","width":350,"height":200,"srcset":"https:\/\/i0.wp.com\/www.24baires.com\/wp-content\/uploads\/2015\/04\/anibal-conferencia.jpg?resize=350%2C200 1x, https:\/\/i0.wp.com\/www.24baires.com\/wp-content\/uploads\/2015\/04\/anibal-conferencia.jpg?resize=525%2C300 1.5x"},"classes":[]},{"id":79923,"url":"http:\/\/www.24baires.com\/?p=79923","url_meta":{"origin":73690,"position":5},"title":"Stiuso no declar\u00f3 y present\u00f3 un escrito en la causa por el atentado a la AMIA","author":"AF","date":"09\/03\/2016","format":false,"excerpt":"El ex director de operaciones de la SIDE dijo que evitaba declarar bajo juramento de verdad porque est\u00e1 imputado en una causa por supuesto \"encubrimiento\" del ataque y podr\u00eda quedar incriminado con sus dichos. El ex director de Operaciones de la SIDE, Antonio Stiuso, se present\u00f3 a declarar como testigo\u2026","rel":"","context":"En \u00abJUDICIALES\u00bb","block_context":{"text":"JUDICIALES","link":"http:\/\/www.24baires.com\/?cat=68"},"img":{"alt_text":"stiuso","src":"https:\/\/i0.wp.com\/www.24baires.com\/wp-content\/uploads\/2015\/10\/stiuso.jpg?resize=350%2C200","width":350,"height":200,"srcset":"https:\/\/i0.wp.com\/www.24baires.com\/wp-content\/uploads\/2015\/10\/stiuso.jpg?resize=350%2C200 1x, https:\/\/i0.wp.com\/www.24baires.com\/wp-content\/uploads\/2015\/10\/stiuso.jpg?resize=525%2C300 1.5x"},"classes":[]}],"jetpack_sharing_enabled":true,"jetpack_likes_enabled":true,"jetpack_featured_media_url":"","_links":{"self":[{"href":"http:\/\/www.24baires.com\/index.php?rest_route=\/wp\/v2\/posts\/73690","targetHints":{"allow":["GET"]}}],"collection":[{"href":"http:\/\/www.24baires.com\/index.php?rest_route=\/wp\/v2\/posts"}],"about":[{"href":"http:\/\/www.24baires.com\/index.php?rest_route=\/wp\/v2\/types\/post"}],"author":[{"embeddable":true,"href":"http:\/\/www.24baires.com\/index.php?rest_route=\/wp\/v2\/users\/8"}],"replies":[{"embeddable":true,"href":"http:\/\/www.24baires.com\/index.php?rest_route=%2Fwp%2Fv2%2Fcomments&post=73690"}],"version-history":[{"count":1,"href":"http:\/\/www.24baires.com\/index.php?rest_route=\/wp\/v2\/posts\/73690\/revisions"}],"predecessor-version":[{"id":73691,"href":"http:\/\/www.24baires.com\/index.php?rest_route=\/wp\/v2\/posts\/73690\/revisions\/73691"}],"wp:attachment":[{"href":"http:\/\/www.24baires.com\/index.php?rest_route=%2Fwp%2Fv2%2Fmedia&parent=73690"}],"wp:term":[{"taxonomy":"category","embeddable":true,"href":"http:\/\/www.24baires.com\/index.php?rest_route=%2Fwp%2Fv2%2Fcategories&post=73690"},{"taxonomy":"post_tag","embeddable":true,"href":"http:\/\/www.24baires.com\/index.php?rest_route=%2Fwp%2Fv2%2Ftags&post=73690"}],"curies":[{"name":"wp","href":"https:\/\/api.w.org\/{rel}","templated":true}]}}