{"id":73684,"date":"2015-10-16T17:00:08","date_gmt":"2015-10-16T20:00:08","guid":{"rendered":"http:\/\/www.24baires.com\/?p=73684"},"modified":"2015-10-16T17:05:32","modified_gmt":"2015-10-16T20:05:32","slug":"otra-radio-de-pilar-denuncio-que-no-cobro-pauta-del-gobierno-porteno","status":"publish","type":"post","link":"http:\/\/www.24baires.com\/?p=73684","title":{"rendered":"Otra radio de Pilar denunci\u00f3 que no cobr\u00f3 pauta del gobierno porte\u00f1o"},"content":{"rendered":"<p>La nueva denuncia sobre pautas asignadas y nunca cobradas, fue conocida hoy, luego de que un directivo de una radio de Pilar difundiera una carta enviada al candidato a intendente por Cambiemos, Nicol\u00e1s Ducot\u00e9, en la que le advertirle sobre esta situaci\u00f3n.<!--more--><\/p>\n<p>El director de Radio FM Estudio 2, Miguel Friedlander, envi\u00f3 la misiva al actual concejal local y candidato a intendente donde le manifiesta que \u00abpor favor arbitre los medios para no involucrar\u00bb a su emisora \u00aben un esc\u00e1ndalo fraudulento que tiene similitudes con el reciente caso de Fernando Niembro\u00bb.<\/p>\n<p>La situaci\u00f3n ha tenido un fuerte impacto local y desde el Concejo Deliberante de Pilar se ha convocado a una urgente sesi\u00f3n extraordinaria para tratar un pedido de informes al bloque del PRO que preside el candidato Ducot\u00e9.<\/p>\n<p>Esta denuncia se suma a otra, presentada la semana pasada, por la tambi\u00e9n pilarense Radio X y al igual que en este caso, el due\u00f1o de la emisora denunci\u00f3 que figuraba en listados cobrando dinero en concepto de pautas publicitarias que nunca ingres\u00f3 a la emisora, por lo que solicit\u00f3 que se aclare el tema.<\/p>\n","protected":false},"excerpt":{"rendered":"<p>La nueva denuncia sobre pautas asignadas y nunca cobradas, fue conocida hoy, luego de que un directivo de una radio de Pilar difundiera una carta enviada al candidato a intendente por Cambiemos, Nicol\u00e1s Ducot\u00e9, en la que le advertirle sobre esta situaci\u00f3n.<\/p>\n","protected":false},"author":4,"featured_media":0,"comment_status":"open","ping_status":"open","sticky":false,"template":"","format":"standard","meta":{"_jetpack_newsletter_access":"","_jetpack_dont_email_post_to_subs":false,"_jetpack_newsletter_tier_id":0,"_jetpack_memberships_contains_paywalled_content":false,"_jetpack_memberships_contains_paid_content":false,"footnotes":""},"categories":[51],"tags":[],"class_list":["post-73684","post","type-post","status-publish","format-standard","hentry","category-politica"],"jetpack_shortlink":"https:\/\/wp.me\/p2JWE0-jas","jetpack-related-posts":[{"id":97665,"url":"http:\/\/www.24baires.com\/?p=97665","url_meta":{"origin":73684,"position":0},"title":"Pilar: atacaron a balazos un local partidario de Unidad Ciudadana","author":"AF","date":"25\/09\/2017","format":false,"excerpt":"Un local partidario de Unidad Ciudadana fue atacado a balazos en la localidad bonaerense de Pilar, y el primer candidato a concejal de ese espacio, Federico Ach\u00e1val, responsabiliz\u00f3 por el hecho al intendente Nicol\u00e1s Ducot\u00e9 (Cambiemos) por considerar que \u201cincita a la violencia\u201d. El hecho ocurri\u00f3 en la madrugada del\u2026","rel":"","context":"En \u00abLocales\u00bb","block_context":{"text":"Locales","link":"http:\/\/www.24baires.com\/?cat=38"},"img":{"alt_text":"","src":"https:\/\/i0.wp.com\/www.24baires.com\/wp-content\/uploads\/2017\/09\/disparos-UC-pilar.jpg?resize=350%2C200","width":350,"height":200,"srcset":"https:\/\/i0.wp.com\/www.24baires.com\/wp-content\/uploads\/2017\/09\/disparos-UC-pilar.jpg?resize=350%2C200 1x, https:\/\/i0.wp.com\/www.24baires.com\/wp-content\/uploads\/2017\/09\/disparos-UC-pilar.jpg?resize=525%2C300 1.5x"},"classes":[]},{"id":98550,"url":"http:\/\/www.24baires.com\/?p=98550","url_meta":{"origin":73684,"position":1},"title":"Denuncian que Ducot\u00e9 contrat\u00f3 municipales durante la campa\u00f1a y los despidi\u00f3 pasadas las elecciones","author":"GB","date":"04\/11\/2017","format":false,"excerpt":"Desde el Concejo Deliberante de Pilar denunciaron que el intendente Nicol\u00e1s Ducot\u00e9 contrat\u00f3 cerca de dos mil trabajadores durante la campa\u00f1a electoral y que \"una semanas despu\u00e9s de las elecciones comenz\u00f3 con los despidos\" que hoy ascienden a unos 160 municipales. El concejal de Unidad Ciudadana en Pilar Federico Achaval\u2026","rel":"","context":"En \u00abLocales\u00bb","block_context":{"text":"Locales","link":"http:\/\/www.24baires.com\/?cat=38"},"img":{"alt_text":"","src":"https:\/\/i0.wp.com\/www.24baires.com\/wp-content\/uploads\/2017\/11\/intendente-pilar.jpg?resize=350%2C200","width":350,"height":200,"srcset":"https:\/\/i0.wp.com\/www.24baires.com\/wp-content\/uploads\/2017\/11\/intendente-pilar.jpg?resize=350%2C200 1x, https:\/\/i0.wp.com\/www.24baires.com\/wp-content\/uploads\/2017\/11\/intendente-pilar.jpg?resize=525%2C300 1.5x"},"classes":[]},{"id":107225,"url":"http:\/\/www.24baires.com\/?p=107225","url_meta":{"origin":73684,"position":2},"title":"Se cay\u00f3 el techo de una escuela en Pilar y hubo heridos","author":"GB","date":"15\/03\/2019","format":false,"excerpt":"Referentes de Suteba realizaron una conferencia de prensa en la cual denunciaron lo ocurrido en el aula de primer grado de la Escuela 25. Durante la jornada del jueves trascendi\u00f3 que en una escuela de la localidad de Pilar hubo un accidente que termin\u00f3 con una maestra y dos ni\u00f1os\u2026","rel":"","context":"En \u00abProvincia\u00bb","block_context":{"text":"Provincia","link":"http:\/\/www.24baires.com\/?cat=40"},"img":{"alt_text":"","src":"https:\/\/i0.wp.com\/www.24baires.com\/wp-content\/uploads\/2018\/06\/docentes-en-lucha.jpg?resize=350%2C200","width":350,"height":200,"srcset":"https:\/\/i0.wp.com\/www.24baires.com\/wp-content\/uploads\/2018\/06\/docentes-en-lucha.jpg?resize=350%2C200 1x, https:\/\/i0.wp.com\/www.24baires.com\/wp-content\/uploads\/2018\/06\/docentes-en-lucha.jpg?resize=525%2C300 1.5x"},"classes":[]},{"id":111248,"url":"http:\/\/www.24baires.com\/?p=111248","url_meta":{"origin":73684,"position":3},"title":"Vidal sum\u00f3 a Carri\u00f3 a la campa\u00f1a bonaerense","author":"AF","date":"18\/07\/2019","format":false,"excerpt":"La pol\u00e9mica diputada acompa\u00f1\u00f3 a la actual gobernadora en una visita a Pilar. Crece la alarma en el macrismo por una posible derrota. En el oficialismo buscan darle mayor fuerza a la campa\u00f1a de Vidal. Los n\u00fameros de las encuestas no convencen, el raid medi\u00e1tico de la gobernadora no tuvo\u2026","rel":"","context":"En \u00abPol\u00edtica\u00bb","block_context":{"text":"Pol\u00edtica","link":"http:\/\/www.24baires.com\/?cat=51"},"img":{"alt_text":"","src":"https:\/\/i0.wp.com\/www.24baires.com\/wp-content\/uploads\/2019\/07\/carri%C3%B3-vidal.jpg?resize=350%2C200","width":350,"height":200,"srcset":"https:\/\/i0.wp.com\/www.24baires.com\/wp-content\/uploads\/2019\/07\/carri%C3%B3-vidal.jpg?resize=350%2C200 1x, https:\/\/i0.wp.com\/www.24baires.com\/wp-content\/uploads\/2019\/07\/carri%C3%B3-vidal.jpg?resize=525%2C300 1.5x"},"classes":[]},{"id":112747,"url":"http:\/\/www.24baires.com\/?p=112747","url_meta":{"origin":73684,"position":4},"title":"El Frente de Todos recobr\u00f3 una decena de municipios","author":"AF","date":"28\/10\/2019","format":false,"excerpt":"La estrategia de llamar a cortar boleta de Juntos por el Cambio permiti\u00f3 que algunos intendentes, como Diego Valenzuela y Julio Garro, conservaran su cargo. En Pilar, el macrista Nicol\u00e1s Ducot\u00e9 perdi\u00f3. En la provincia de Buenos Aires el Frente de Todos recobr\u00f3 una decena municipios, aunque los intendentes Pro\u2026","rel":"","context":"En \u00abELECCIONES 2019\u00bb","block_context":{"text":"ELECCIONES 2019","link":"http:\/\/www.24baires.com\/?cat=329"},"img":{"alt_text":"Resultado de imagen para axel con intendentes","src":"https:\/\/i0.wp.com\/www.infobae.com\/new-resizer\/jKuOvdTq85KKCeSvt0lldnHqmgI%3D\/750x0\/filters%3Aquality%28100%29\/s3.amazonaws.com\/arc-wordpress-client-uploads\/infobae-wp\/wp-content\/uploads\/2019\/07\/03193441\/Axel-Kiciloff-y-Veronica-Magario-con-intendentes-Frente-de-todos-2.jpg?resize=350%2C200&ssl=1","width":350,"height":200,"srcset":"https:\/\/i0.wp.com\/www.infobae.com\/new-resizer\/jKuOvdTq85KKCeSvt0lldnHqmgI%3D\/750x0\/filters%3Aquality%28100%29\/s3.amazonaws.com\/arc-wordpress-client-uploads\/infobae-wp\/wp-content\/uploads\/2019\/07\/03193441\/Axel-Kiciloff-y-Veronica-Magario-con-intendentes-Frente-de-todos-2.jpg?resize=350%2C200&ssl=1 1x, https:\/\/i0.wp.com\/www.infobae.com\/new-resizer\/jKuOvdTq85KKCeSvt0lldnHqmgI%3D\/750x0\/filters%3Aquality%28100%29\/s3.amazonaws.com\/arc-wordpress-client-uploads\/infobae-wp\/wp-content\/uploads\/2019\/07\/03193441\/Axel-Kiciloff-y-Veronica-Magario-con-intendentes-Frente-de-todos-2.jpg?resize=525%2C300&ssl=1 1.5x"},"classes":[]},{"id":98892,"url":"http:\/\/www.24baires.com\/?p=98892","url_meta":{"origin":73684,"position":5},"title":"Pilar: busca arancelar la atenci\u00f3n en hospitales a vecinos de otros partidos","author":"AF","date":"23\/11\/2017","format":false,"excerpt":"El intendente de Pilar, Nicol\u00e1s Ducot\u00e9, retom\u00f3 una antigua idea en esa comuna y buscar\u00e1 arancelar la atenci\u00f3n en hospitales municipales y centros de salud locales para personas que no vivan en el distrito. El jefe comunal incluy\u00f3 en el proyecto de ordenanza Fiscal y Tarifaria una \u201cTasa por Servicios\u2026","rel":"","context":"En \u00abLocales\u00bb","block_context":{"text":"Locales","link":"http:\/\/www.24baires.com\/?cat=38"},"img":{"alt_text":"","src":"https:\/\/i0.wp.com\/www.24baires.com\/wp-content\/uploads\/2015\/05\/hospital-necochea.jpg?resize=350%2C200","width":350,"height":200,"srcset":"https:\/\/i0.wp.com\/www.24baires.com\/wp-content\/uploads\/2015\/05\/hospital-necochea.jpg?resize=350%2C200 1x, https:\/\/i0.wp.com\/www.24baires.com\/wp-content\/uploads\/2015\/05\/hospital-necochea.jpg?resize=525%2C300 1.5x"},"classes":[]}],"jetpack_sharing_enabled":true,"jetpack_likes_enabled":true,"jetpack_featured_media_url":"","_links":{"self":[{"href":"http:\/\/www.24baires.com\/index.php?rest_route=\/wp\/v2\/posts\/73684","targetHints":{"allow":["GET"]}}],"collection":[{"href":"http:\/\/www.24baires.com\/index.php?rest_route=\/wp\/v2\/posts"}],"about":[{"href":"http:\/\/www.24baires.com\/index.php?rest_route=\/wp\/v2\/types\/post"}],"author":[{"embeddable":true,"href":"http:\/\/www.24baires.com\/index.php?rest_route=\/wp\/v2\/users\/4"}],"replies":[{"embeddable":true,"href":"http:\/\/www.24baires.com\/index.php?rest_route=%2Fwp%2Fv2%2Fcomments&post=73684"}],"version-history":[{"count":1,"href":"http:\/\/www.24baires.com\/index.php?rest_route=\/wp\/v2\/posts\/73684\/revisions"}],"predecessor-version":[{"id":73685,"href":"http:\/\/www.24baires.com\/index.php?rest_route=\/wp\/v2\/posts\/73684\/revisions\/73685"}],"wp:attachment":[{"href":"http:\/\/www.24baires.com\/index.php?rest_route=%2Fwp%2Fv2%2Fmedia&parent=73684"}],"wp:term":[{"taxonomy":"category","embeddable":true,"href":"http:\/\/www.24baires.com\/index.php?rest_route=%2Fwp%2Fv2%2Fcategories&post=73684"},{"taxonomy":"post_tag","embeddable":true,"href":"http:\/\/www.24baires.com\/index.php?rest_route=%2Fwp%2Fv2%2Ftags&post=73684"}],"curies":[{"name":"wp","href":"https:\/\/api.w.org\/{rel}","templated":true}]}}