{"id":73651,"date":"2015-10-16T10:30:42","date_gmt":"2015-10-16T13:30:42","guid":{"rendered":"http:\/\/www.24baires.com\/?p=73651"},"modified":"2015-10-17T09:51:06","modified_gmt":"2015-10-17T12:51:06","slug":"el-kirchnerismo-es-un-millon-de-veces-mas-grande-que-macri","status":"publish","type":"post","link":"http:\/\/www.24baires.com\/?p=73651","title":{"rendered":"\u00abEl kirchnerismo es un mill\u00f3n de veces m\u00e1s grande que Macri\u201d"},"content":{"rendered":"<p><img data-recalc-dims=\"1\" loading=\"lazy\" decoding=\"async\" class=\"aligncenter size-full wp-image-63981\" src=\"https:\/\/i0.wp.com\/www.24baires.com\/wp-content\/uploads\/2015\/04\/anibal-conferencia.jpg?resize=560%2C379\" alt=\"anibal conferencia\" width=\"560\" height=\"379\" srcset=\"https:\/\/i0.wp.com\/www.24baires.com\/wp-content\/uploads\/2015\/04\/anibal-conferencia.jpg?w=560 560w, https:\/\/i0.wp.com\/www.24baires.com\/wp-content\/uploads\/2015\/04\/anibal-conferencia.jpg?resize=300%2C203 300w\" sizes=\"auto, (max-width: 560px) 100vw, 560px\" \/>El jefe de Gabinete y candidato a gobernador bonaerense por el FpV, An\u00edbal Fern\u00e1ndez, calific\u00f3 como un \u00abcara de piedra\u00bb al postulante presidencial de Cambiemos por haber dicho que \u00abel kirchnerismo ya pas\u00f3\u00bb y \u00abva a quedar como una p\u00e1gina chiquita de la historia\u00bb.<!--more--><\/p>\n<p>\u201cEsa parte muy chiquita de la historia ser\u00e1 un mill\u00f3n de veces m\u00e1s grande que \u00e9l\u201d, respondi\u00f3 el funcionario al ser consultado sobre los dichos del saliente jefe de Gobierno porte\u00f1o.<\/p>\n<p>Asimismo, Fern\u00e1ndez consider\u00f3 \u00abc\u00f3mico\u00bb que Macri haya expresado que le pedir\u00eda la renuncia a la procuradora general de la Naci\u00f3n, Alejandra Gils Carb\u00f3; y al presidente del Banco Central, Alejandro Vanoli, entre otros funcionarios del kirchnerismo, en caso de ganar las elecciones.<\/p>\n<p>\u00ab\u00bfPor qu\u00e9 no pide la renuncia del fiscal general de Ciudad de Buenos Aires, Mart\u00edn Ocampo; a Yael Bendel, actual directora del Consejo de los Derechos del Ni\u00f1o; Carolina Stanley, la ministra de Desarrollo Social de la Ciudad de Buenos Aires, responsable del Instituto de la Vivienda, por no realizar obras se desmoronaron las barandas de un edificio del barrio de Soldati , donde perdi\u00f3 la vida un menor y otros resultaron heridos?\u00bb, se pregunt\u00f3 el funcionario nacional en su habitual contacto con la prensa en Casa de Gobierno al salir al cruce de los dichos del l\u00edder del PRO.<\/p>\n<p>\u201cMe asombra su desverg\u00fcenza y la cara de piedra que tiene\u201d, concluy\u00f3 Fern\u00e1ndez.<\/p>\n","protected":false},"excerpt":{"rendered":"<p>El jefe de Gabinete y candidato a gobernador bonaerense por el FpV, An\u00edbal Fern\u00e1ndez, calific\u00f3 como un \u00abcara de piedra\u00bb al postulante presidencial de Cambiemos por haber dicho que \u00abel kirchnerismo ya pas\u00f3\u00bb y \u00abva a quedar como una p\u00e1gina chiquita de la historia\u00bb.<\/p>\n","protected":false},"author":4,"featured_media":0,"comment_status":"open","ping_status":"open","sticky":false,"template":"","format":"standard","meta":{"_jetpack_newsletter_access":"","_jetpack_dont_email_post_to_subs":false,"_jetpack_newsletter_tier_id":0,"_jetpack_memberships_contains_paywalled_content":false,"_jetpack_memberships_contains_paid_content":false,"footnotes":""},"categories":[51],"tags":[],"class_list":["post-73651","post","type-post","status-publish","format-standard","hentry","category-politica"],"jetpack_shortlink":"https:\/\/wp.me\/p2JWE0-j9V","jetpack-related-posts":[{"id":120269,"url":"http:\/\/www.24baires.com\/?p=120269","url_meta":{"origin":73651,"position":0},"title":"Cristina a Macri: \u201cUsted es muy mentiroso, ingeniero\u201d","author":"AF","date":"10\/07\/2023","format":false,"excerpt":"Los ex mandatarios se cruzaron en Twitter por la pol\u00edtica energ\u00e9tica de sus gobiernos y la inauguraci\u00f3n de la obra en Salliquel\u00f3. El dirigente de Juntos por el Cambio hab\u00eda calificado al kirchnerismo como el \u201cpeor gobierno de la historia\u201d. La vicepresidenta Cristina Fern\u00e1ndez de Kirchner tild\u00f3 hoy de \u201cmuy\u2026","rel":"","context":"En \u00abPol\u00edtica\u00bb","block_context":{"text":"Pol\u00edtica","link":"http:\/\/www.24baires.com\/?cat=51"},"img":{"alt_text":"","src":"https:\/\/i0.wp.com\/www.24baires.com\/wp-content\/uploads\/2021\/10\/macri.jpg?resize=350%2C200","width":350,"height":200,"srcset":"https:\/\/i0.wp.com\/www.24baires.com\/wp-content\/uploads\/2021\/10\/macri.jpg?resize=350%2C200 1x, https:\/\/i0.wp.com\/www.24baires.com\/wp-content\/uploads\/2021\/10\/macri.jpg?resize=525%2C300 1.5x, https:\/\/i0.wp.com\/www.24baires.com\/wp-content\/uploads\/2021\/10\/macri.jpg?resize=700%2C400 2x"},"classes":[]},{"id":119118,"url":"http:\/\/www.24baires.com\/?p=119118","url_meta":{"origin":73651,"position":1},"title":"El oficialismo convoca a la oposici\u00f3n al di\u00e1logo","author":"AF","date":"20\/07\/2022","format":false,"excerpt":"Las palabras del gobernador bonaerense se suman al llamado que realiz\u00f3 la vicepresidenta Cristina Kirchner en sus \u00faltimas apariciones p\u00fablicas y las expresiones de principio de mes del ministro \"Wado\" de Pedro. Desde el massismo tambi\u00e9n piden lograr consenso b\u00e1sicos. En un contexto econ\u00f3mico complejo, mientras avanzan las reuniones de\u2026","rel":"","context":"En \u00abPol\u00edtica\u00bb","block_context":{"text":"Pol\u00edtica","link":"http:\/\/www.24baires.com\/?cat=51"},"img":{"alt_text":"","src":"https:\/\/i0.wp.com\/www.24baires.com\/wp-content\/uploads\/2021\/12\/axel-kicillof-1jpg.jpg?resize=350%2C200","width":350,"height":200,"srcset":"https:\/\/i0.wp.com\/www.24baires.com\/wp-content\/uploads\/2021\/12\/axel-kicillof-1jpg.jpg?resize=350%2C200 1x, https:\/\/i0.wp.com\/www.24baires.com\/wp-content\/uploads\/2021\/12\/axel-kicillof-1jpg.jpg?resize=525%2C300 1.5x, https:\/\/i0.wp.com\/www.24baires.com\/wp-content\/uploads\/2021\/12\/axel-kicillof-1jpg.jpg?resize=700%2C400 2x"},"classes":[]},{"id":105173,"url":"http:\/\/www.24baires.com\/?p=105173","url_meta":{"origin":73651,"position":2},"title":"\u00abSer\u00eda aberrante formar un frente opositor sin el kirchnerismo\u00bb","author":"GB","date":"30\/10\/2018","format":false,"excerpt":"El intendente de Tigre afirm\u00f3 que CFK y Massa tienen \"ideas en com\u00fan\" y pidi\u00f3 que confluyan en un mismo frente. Larroque le abri\u00f3 las puertas al exdiputado y dijo que \"el \u00fanico l\u00edmite es Macri\". El intendente de Tigre, Julio Zamora, opin\u00f3 que ser\u00eda \"aberrante\" excluir al kirchnerismo del\u2026","rel":"","context":"En \u00abPol\u00edtica\u00bb","block_context":{"text":"Pol\u00edtica","link":"http:\/\/www.24baires.com\/?cat=51"},"img":{"alt_text":"","src":"https:\/\/i0.wp.com\/www.24baires.com\/wp-content\/uploads\/2018\/10\/massa-zamora.jpg?resize=350%2C200","width":350,"height":200,"srcset":"https:\/\/i0.wp.com\/www.24baires.com\/wp-content\/uploads\/2018\/10\/massa-zamora.jpg?resize=350%2C200 1x, https:\/\/i0.wp.com\/www.24baires.com\/wp-content\/uploads\/2018\/10\/massa-zamora.jpg?resize=525%2C300 1.5x"},"classes":[]},{"id":100442,"url":"http:\/\/www.24baires.com\/?p=100442","url_meta":{"origin":73651,"position":3},"title":"CFK: \u00abEl \u00fanico argumento es la persecuci\u00f3n pol\u00edtica\u00bb","author":"AF","date":"08\/02\/2018","format":false,"excerpt":"La ex presidenta atribuy\u00f3 la denuncia por \"da\u00f1os y perjuicios\" por 22.500 millones pesos de Javier Iguacel, titular de Vialidad, a la campa\u00f1a instrumentada en su contra por el Gobierno. Marc\u00f3 las contradicciones de la presentaci\u00f3n judicial y pidi\u00f3 que se cite como testigos a todos los que fueron jefes\u2026","rel":"","context":"En \u00abPol\u00edtica\u00bb","block_context":{"text":"Pol\u00edtica","link":"http:\/\/www.24baires.com\/?cat=51"},"img":{"alt_text":"","src":"https:\/\/i0.wp.com\/www.24baires.com\/wp-content\/uploads\/2017\/09\/cristina.jpg?resize=350%2C200","width":350,"height":200,"srcset":"https:\/\/i0.wp.com\/www.24baires.com\/wp-content\/uploads\/2017\/09\/cristina.jpg?resize=350%2C200 1x, https:\/\/i0.wp.com\/www.24baires.com\/wp-content\/uploads\/2017\/09\/cristina.jpg?resize=525%2C300 1.5x"},"classes":[]},{"id":111682,"url":"http:\/\/www.24baires.com\/?p=111682","url_meta":{"origin":73651,"position":4},"title":"Denunciaron a Macri por \u00abviolencia financiera\u00bb por sus dichos tras las PASO","author":"AF","date":"18\/08\/2019","format":false,"excerpt":"La presentaci\u00f3n la hizo una fundaci\u00f3n contra Macri, Pe\u00f1a y el ex ministro Dujovne, entre otros funcionarios. Los acusa de implementar un \"plan sist\u00e9mico para afectar al servicio financiero argentino\". Fernando Miguez, titular de la Fundaci\u00f3n por la Paz y el Cambio Clim\u00e1tico, realiz\u00f3 el pasado viernes una denuncia por\u2026","rel":"","context":"En \u00abPol\u00edtica\u00bb","block_context":{"text":"Pol\u00edtica","link":"http:\/\/www.24baires.com\/?cat=51"},"img":{"alt_text":"","src":"https:\/\/i0.wp.com\/www.24baires.com\/wp-content\/uploads\/2019\/08\/macri.png?resize=350%2C200","width":350,"height":200,"srcset":"https:\/\/i0.wp.com\/www.24baires.com\/wp-content\/uploads\/2019\/08\/macri.png?resize=350%2C200 1x, https:\/\/i0.wp.com\/www.24baires.com\/wp-content\/uploads\/2019\/08\/macri.png?resize=525%2C300 1.5x"},"classes":[]},{"id":108471,"url":"http:\/\/www.24baires.com\/?p=108471","url_meta":{"origin":73651,"position":5},"title":"Duran Barba asegura que \u00abMacri decepcion\u00f3\u00bb y que podr\u00eda bajarse de la candidatura","author":"AF","date":"29\/05\/2019","format":false,"excerpt":"\"Es una decisi\u00f3n de \u00e9l\", afirm\u00f3 el ecuatoriano en una entrevista con el diario brasile\u00f1o O'Globo, donde reconoci\u00f3 que \"Macri decepci\u00f3n\u00f3\", que \"la situaci\u00f3n est\u00e1 complicada\" y que est\u00e1 \"preocupado\" por la reelecci\u00f3n. \"Es una decisi\u00f3n de \u00e9l. Es un buen dirigente. Los que le piden que desista nunca participaron\u2026","rel":"","context":"En \u00abPol\u00edtica\u00bb","block_context":{"text":"Pol\u00edtica","link":"http:\/\/www.24baires.com\/?cat=51"},"img":{"alt_text":"","src":"https:\/\/i0.wp.com\/www.24baires.com\/wp-content\/uploads\/2016\/01\/dur%C3%A1n-barba.jpg?resize=350%2C200","width":350,"height":200,"srcset":"https:\/\/i0.wp.com\/www.24baires.com\/wp-content\/uploads\/2016\/01\/dur%C3%A1n-barba.jpg?resize=350%2C200 1x, https:\/\/i0.wp.com\/www.24baires.com\/wp-content\/uploads\/2016\/01\/dur%C3%A1n-barba.jpg?resize=525%2C300 1.5x"},"classes":[]}],"jetpack_sharing_enabled":true,"jetpack_likes_enabled":true,"jetpack_featured_media_url":"","_links":{"self":[{"href":"http:\/\/www.24baires.com\/index.php?rest_route=\/wp\/v2\/posts\/73651","targetHints":{"allow":["GET"]}}],"collection":[{"href":"http:\/\/www.24baires.com\/index.php?rest_route=\/wp\/v2\/posts"}],"about":[{"href":"http:\/\/www.24baires.com\/index.php?rest_route=\/wp\/v2\/types\/post"}],"author":[{"embeddable":true,"href":"http:\/\/www.24baires.com\/index.php?rest_route=\/wp\/v2\/users\/4"}],"replies":[{"embeddable":true,"href":"http:\/\/www.24baires.com\/index.php?rest_route=%2Fwp%2Fv2%2Fcomments&post=73651"}],"version-history":[{"count":1,"href":"http:\/\/www.24baires.com\/index.php?rest_route=\/wp\/v2\/posts\/73651\/revisions"}],"predecessor-version":[{"id":73652,"href":"http:\/\/www.24baires.com\/index.php?rest_route=\/wp\/v2\/posts\/73651\/revisions\/73652"}],"wp:attachment":[{"href":"http:\/\/www.24baires.com\/index.php?rest_route=%2Fwp%2Fv2%2Fmedia&parent=73651"}],"wp:term":[{"taxonomy":"category","embeddable":true,"href":"http:\/\/www.24baires.com\/index.php?rest_route=%2Fwp%2Fv2%2Fcategories&post=73651"},{"taxonomy":"post_tag","embeddable":true,"href":"http:\/\/www.24baires.com\/index.php?rest_route=%2Fwp%2Fv2%2Ftags&post=73651"}],"curies":[{"name":"wp","href":"https:\/\/api.w.org\/{rel}","templated":true}]}}