{"id":73646,"date":"2015-10-15T21:30:11","date_gmt":"2015-10-16T00:30:11","guid":{"rendered":"http:\/\/www.24baires.com\/?p=73646"},"modified":"2015-10-15T20:23:27","modified_gmt":"2015-10-15T23:23:27","slug":"scioli-llamo-al-voto-util-que-es-a-favor-de-todos-a-favor-de-la-argentina","status":"publish","type":"post","link":"http:\/\/www.24baires.com\/?p=73646","title":{"rendered":"Scioli llam\u00f3 al voto \u00fatil que \u00abes a favor de todos, a favor de la Argentina\u00bb"},"content":{"rendered":"<p><img data-recalc-dims=\"1\" loading=\"lazy\" decoding=\"async\" class=\"aligncenter size-full wp-image-70134\" src=\"https:\/\/i0.wp.com\/www.24baires.com\/wp-content\/uploads\/2015\/08\/scioli-cierre-campa%C3%B1a.jpg?resize=560%2C307\" alt=\"scioli cierre campa\u00f1a\" width=\"560\" height=\"307\" srcset=\"https:\/\/i0.wp.com\/www.24baires.com\/wp-content\/uploads\/2015\/08\/scioli-cierre-campa%C3%B1a.jpg?w=560 560w, https:\/\/i0.wp.com\/www.24baires.com\/wp-content\/uploads\/2015\/08\/scioli-cierre-campa%C3%B1a.jpg?resize=300%2C164 300w\" sizes=\"auto, (max-width: 560px) 100vw, 560px\" \/>Lo indic\u00f3 el candidato presidencial del FPV, durante un encuentro peronista en Embalse, C\u00f3rdoba. \u00abTodos unidos avanzaremos en la agenda del desarrollo, con profundo sentido federal\u00bb, enfatiz\u00f3.<!--more--><\/p>\n<p>El candidato presidencial del Frente para la Victoria (FpV), Daniel Scioli, asegur\u00f3 que el \u00abvoto verdaderamente \u00fatil, que es a favor de la agenda del desarrollo, que no es en contra de nadie, sino a favor de todos, a favor de la Argentina\u00bb, en el marco de un encuentro peronista en la localidad cordobesa de Embalse.<\/p>\n<p>A 11 d\u00edas de las elecciones generales y en b\u00fasqueda del voto peronista cordob\u00e9s, Scioli consider\u00f3 que \u00abC\u00f3rdoba es el coraz\u00f3n de la Argentina y tenemos que hacerlo latir m\u00e1s que nunca para seguir industrializando y desarrollando el pa\u00eds\u00bb.<\/p>\n<p>\u00abNecesitamos trabajar codo a codo para ir avanzando en las obras estrat\u00e9gicas para C\u00f3rdoba y el pa\u00eds\u00bb, exhort\u00f3 Scioli en el acto que se desarroll\u00f3 en el Polideportivo Tur\u00edstico de Embalse.<\/p>\n<p>En ese sentido, el candidato presidencial del FpV se comprometi\u00f3 con los cordobeses a asumir la responsabilidad de \u00abavanzar en la Argentina del desarrollo si me dan la oportunidad de ser su pr\u00f3ximo presidente\u00bb.<\/p>\n<p>Scioli destac\u00f3 tambi\u00e9n el acompa\u00f1amiento de intendentes radicales de C\u00f3rdoba que en estos \u00faltimos d\u00edas manifestaron la adhesi\u00f3n a la propuesta del FpV y, al respecto, dijo que \u00abhonran el esp\u00edritu fundacional del radicalismo\u00bb.<\/p>\n<p>\u00abTodos unidos avanzaremos en la agenda del desarrollo y con profundo sentido federal\u00bb, remarc\u00f3.<\/p>\n<p>Ante cientos de dirigentes peronistas, el gobernador bonaerense evoc\u00f3 tambi\u00e9n el D\u00eda de la Lealtad, al cual defini\u00f3 como un \u00absentimiento peronista donde m\u00e1s que nunca tenemos que rescatar la bandera de nuestro movimiento para la soberan\u00eda pol\u00edtica, la independencia econ\u00f3mica y la justicia social\u00bb.<\/p>\n<p>\u00abConvoco a los cordobeses y a los argentinos para que el 25 de octubre voten a lo seguro y confiable, de lo previsible, de lo conocido, de lo coherente. El pasado es la devaluaci\u00f3n, es el ajuste, es el endeudamiento. Yo propongo m\u00e1s trabajo genuino, mejor distribuci\u00f3n del ingreso y un mejor poder adquisitivo para que el comercio y el turismo se desarrolle\u00bb, resalt\u00f3 Scioli.<\/p>\n<p>\u00abConf\u00eden en mi. Yo s\u00e9 lo que hay que hacer, s\u00e9 c\u00f3mo hacerlo y voy a cuidar lo que haya que cuidar, cambiar lo que haya que cambiar, corregir lo que haya que corregir. Y fundamentalmente con un esp\u00edritu de integraci\u00f3n, del comercio, la industria, la construcci\u00f3n, el campo y todos los sectores\u00bb, reiter\u00f3.<\/p>\n<p>Scioli, durante el acto, firm\u00f3 un acta compromiso por el desarrollo tur\u00edstico de ciudad de Embalse, en el departamento Calamuchita, con el intendente Federico Alesandri y el legislador provincial, Carlos Alesandri, padre del intendente.<\/p>\n<p>Tambi\u00e9n se comprometi\u00f3 a la creaci\u00f3n de una Escuela de Oficios e impulsar la creaci\u00f3n de una Escuela Nacional de Educaci\u00f3n T\u00e9cnica.<\/p>\n<p>En materia energ\u00e9tica anunci\u00f3 obras para la extensi\u00f3n de la vida \u00fatil por 30 a\u00f1os de la Central Nucleoel\u00e9ctrica Embalse.<\/p>\n<p>Entre otros, participaron del encuentro el secretario de Pol\u00edtica Internacional, Rafael Follonier; el ministro de Agricultura, Alejando \u00abTopo\u00bb Rodr\u00edguez; legisladores nacionales Mart\u00edn Gill y Fabi\u00e1n Francioni; el rector de la Universidad Nacional de C\u00f3rdoba (UNC), Francisco Tamarit; el intendente de Villa Mar\u00eda, Eduardo Acastello; dirigentes del Partido Justicialista, intendentes y referentes del peronismo local.<\/p>\n","protected":false},"excerpt":{"rendered":"<p>Lo indic\u00f3 el candidato presidencial del FPV, durante un encuentro peronista en Embalse, C\u00f3rdoba. \u00abTodos unidos avanzaremos en la agenda del desarrollo, con profundo sentido federal\u00bb, enfatiz\u00f3.<\/p>\n","protected":false},"author":8,"featured_media":0,"comment_status":"open","ping_status":"open","sticky":false,"template":"","format":"standard","meta":{"_jetpack_newsletter_access":"","_jetpack_dont_email_post_to_subs":false,"_jetpack_newsletter_tier_id":0,"_jetpack_memberships_contains_paywalled_content":false,"_jetpack_memberships_contains_paid_content":false,"footnotes":""},"categories":[51],"tags":[],"class_list":["post-73646","post","type-post","status-publish","format-standard","hentry","category-politica"],"jetpack_shortlink":"https:\/\/wp.me\/p2JWE0-j9Q","jetpack-related-posts":[{"id":70133,"url":"http:\/\/www.24baires.com\/?p=70133","url_meta":{"origin":73646,"position":0},"title":"Cierre de campa\u00f1a: \u00abVengo a proponer innovaci\u00f3n, investigaci\u00f3n e inversi\u00f3n\u00bb","author":"GB","date":"06\/08\/2015","format":false,"excerpt":"De cara a las PASO del pr\u00f3ximo domingo, el precandidato presidencial del Frente para la Victoria (FpV), Daniel Scioli, puso \u00e9nfasis en que uno de los mayores desaf\u00edos en la Argentina es atraer nuevas inversiones, adem\u00e1s de avanzar en investigaci\u00f3n y desarrollo. \"Tierra, techo y trabajo son derechos sagrados en\u2026","rel":"","context":"En \u00abElecciones 2015\u00bb","block_context":{"text":"Elecciones 2015","link":"http:\/\/www.24baires.com\/?cat=74"},"img":{"alt_text":"","src":"https:\/\/i0.wp.com\/www.24baires.com\/wp-content\/uploads\/2015\/08\/scioli-cierre-campa%C3%B1a.jpg?resize=350%2C200","width":350,"height":200,"srcset":"https:\/\/i0.wp.com\/www.24baires.com\/wp-content\/uploads\/2015\/08\/scioli-cierre-campa%C3%B1a.jpg?resize=350%2C200 1x, https:\/\/i0.wp.com\/www.24baires.com\/wp-content\/uploads\/2015\/08\/scioli-cierre-campa%C3%B1a.jpg?resize=525%2C300 1.5x"},"classes":[]},{"id":108387,"url":"http:\/\/www.24baires.com\/?p=108387","url_meta":{"origin":73646,"position":1},"title":"Scioli ratific\u00f3 su candidatura presidencial","author":"GB","date":"25\/05\/2019","format":false,"excerpt":"El exgobernador de la Provincia de Buenos Aires particip\u00f3 del Congreso Educativo de Ajedrez que se realiz\u00f3 en la ciudad balnearia y manifest\u00f3 sus deseos de ser el primer mandatario del pa\u00eds despu\u00e9s del 10 de diciembre, sin embargo aclar\u00f3: \u201cVer\u00e9 como peronista en qu\u00e9 lugar puedo hacer mi mayor\u2026","rel":"","context":"En \u00abPol\u00edtica\u00bb","block_context":{"text":"Pol\u00edtica","link":"http:\/\/www.24baires.com\/?cat=51"},"img":{"alt_text":"","src":"https:\/\/i0.wp.com\/www.24baires.com\/wp-content\/uploads\/2019\/05\/scioli-mar-del.jpg?resize=350%2C200","width":350,"height":200,"srcset":"https:\/\/i0.wp.com\/www.24baires.com\/wp-content\/uploads\/2019\/05\/scioli-mar-del.jpg?resize=350%2C200 1x, https:\/\/i0.wp.com\/www.24baires.com\/wp-content\/uploads\/2019\/05\/scioli-mar-del.jpg?resize=525%2C300 1.5x"},"classes":[]},{"id":101122,"url":"http:\/\/www.24baires.com\/?p=101122","url_meta":{"origin":73646,"position":2},"title":"Indagar\u00e1n a Scioli por irregularidades en la construcci\u00f3n de las UPA 24","author":"AF","date":"17\/03\/2018","format":false,"excerpt":"El ex gobernador Daniel Scioli y quien fuera su ministro de Salud, Alejandro Collia, fueron imputados y citados a prestar declaraci\u00f3n indagatoria en el marco de una causa que investiga presuntas irregularidades en la adjudicaci\u00f3n de ocho Unidades de Pronta Atenci\u00f3n (UPA 24) para las que se destinaron m\u00e1s de\u2026","rel":"","context":"En \u00abJUDICIALES\u00bb","block_context":{"text":"JUDICIALES","link":"http:\/\/www.24baires.com\/?cat=68"},"img":{"alt_text":"","src":"https:\/\/i0.wp.com\/www.24baires.com\/wp-content\/uploads\/2014\/05\/Daniel-Scioli.jpg?resize=350%2C200","width":350,"height":200,"srcset":"https:\/\/i0.wp.com\/www.24baires.com\/wp-content\/uploads\/2014\/05\/Daniel-Scioli.jpg?resize=350%2C200 1x, https:\/\/i0.wp.com\/www.24baires.com\/wp-content\/uploads\/2014\/05\/Daniel-Scioli.jpg?resize=525%2C300 1.5x"},"classes":[]},{"id":67195,"url":"http:\/\/www.24baires.com\/?p=67195","url_meta":{"origin":73646,"position":3},"title":"Scioli asegura que los Intendentes que volvieron al FpV lo hicieron porque \u00abquieren ganar\u00bb","author":"AF","date":"08\/06\/2015","format":false,"excerpt":"El gobernador bonaerense y precandidato presidencial se refiri\u00f3 as\u00ed a los que abandonaron el Frente Renovador. \"La mayor\u00eda es peronista y no quiere ser funcional a una alianza que contradice los ejes centrales\" del peronismo. El gobernador bonaerense y precandidato presidencial del Frente para la Victoria (FPV), Daniel Scioli, dijo\u2026","rel":"","context":"En \u00abElecciones 2015\u00bb","block_context":{"text":"Elecciones 2015","link":"http:\/\/www.24baires.com\/?cat=74"},"img":{"alt_text":"scioli 1","src":"https:\/\/i0.wp.com\/www.24baires.com\/wp-content\/uploads\/2015\/01\/scioli-1.jpg?resize=350%2C200","width":350,"height":200,"srcset":"https:\/\/i0.wp.com\/www.24baires.com\/wp-content\/uploads\/2015\/01\/scioli-1.jpg?resize=350%2C200 1x, https:\/\/i0.wp.com\/www.24baires.com\/wp-content\/uploads\/2015\/01\/scioli-1.jpg?resize=525%2C300 1.5x"},"classes":[]},{"id":69497,"url":"http:\/\/www.24baires.com\/?p=69497","url_meta":{"origin":73646,"position":4},"title":"Scioli y Zannini participan del encuentro del PJ en Parque Norte","author":"AF","date":"24\/07\/2015","format":false,"excerpt":"El gobernador bonaerense y candidato a presidente del FpV y su compa\u00f1ero de f\u00f3rmula dar\u00e1n el presente hoy en el cierre de una jornada organizada por Gestar, instituto impulsado por el ex presidente N\u00e9stor Kirchner. A poco m\u00e1s de dos semanas de las elecciones primarias (PASO) a nivel nacional, Gestar,\u2026","rel":"","context":"En \u00abPol\u00edtica\u00bb","block_context":{"text":"Pol\u00edtica","link":"http:\/\/www.24baires.com\/?cat=51"},"img":{"alt_text":"","src":"https:\/\/i0.wp.com\/www.24baires.com\/wp-content\/uploads\/2015\/07\/scioli-zannini1.jpg?resize=350%2C200","width":350,"height":200,"srcset":"https:\/\/i0.wp.com\/www.24baires.com\/wp-content\/uploads\/2015\/07\/scioli-zannini1.jpg?resize=350%2C200 1x, https:\/\/i0.wp.com\/www.24baires.com\/wp-content\/uploads\/2015\/07\/scioli-zannini1.jpg?resize=525%2C300 1.5x"},"classes":[]},{"id":72427,"url":"http:\/\/www.24baires.com\/?p=72427","url_meta":{"origin":73646,"position":5},"title":"Scioli le pidi\u00f3 a Macri que acepte y acate el fallo de la Corte tucumana","author":"GB","date":"21\/09\/2015","format":false,"excerpt":"El candidato a presidente del FpV solicit\u00f3 a su contrincante de Cambiemos que acepte el triunfo del oficialismo en Tucum\u00e1n y acate el fallo de la Corte Suprema de Justicia provincial que dio por v\u00e1lidos los comicios del 23 de agosto. \"A buena hora que (el candidato opositor Jos\u00e9) Cano\u2026","rel":"","context":"En \u00abPol\u00edtica\u00bb","block_context":{"text":"Pol\u00edtica","link":"http:\/\/www.24baires.com\/?cat=51"},"img":{"alt_text":"scioli","src":"https:\/\/i0.wp.com\/www.24baires.com\/wp-content\/uploads\/2015\/09\/scioli1.jpg?resize=350%2C200","width":350,"height":200,"srcset":"https:\/\/i0.wp.com\/www.24baires.com\/wp-content\/uploads\/2015\/09\/scioli1.jpg?resize=350%2C200 1x, https:\/\/i0.wp.com\/www.24baires.com\/wp-content\/uploads\/2015\/09\/scioli1.jpg?resize=525%2C300 1.5x"},"classes":[]}],"jetpack_sharing_enabled":true,"jetpack_likes_enabled":true,"jetpack_featured_media_url":"","_links":{"self":[{"href":"http:\/\/www.24baires.com\/index.php?rest_route=\/wp\/v2\/posts\/73646","targetHints":{"allow":["GET"]}}],"collection":[{"href":"http:\/\/www.24baires.com\/index.php?rest_route=\/wp\/v2\/posts"}],"about":[{"href":"http:\/\/www.24baires.com\/index.php?rest_route=\/wp\/v2\/types\/post"}],"author":[{"embeddable":true,"href":"http:\/\/www.24baires.com\/index.php?rest_route=\/wp\/v2\/users\/8"}],"replies":[{"embeddable":true,"href":"http:\/\/www.24baires.com\/index.php?rest_route=%2Fwp%2Fv2%2Fcomments&post=73646"}],"version-history":[{"count":1,"href":"http:\/\/www.24baires.com\/index.php?rest_route=\/wp\/v2\/posts\/73646\/revisions"}],"predecessor-version":[{"id":73647,"href":"http:\/\/www.24baires.com\/index.php?rest_route=\/wp\/v2\/posts\/73646\/revisions\/73647"}],"wp:attachment":[{"href":"http:\/\/www.24baires.com\/index.php?rest_route=%2Fwp%2Fv2%2Fmedia&parent=73646"}],"wp:term":[{"taxonomy":"category","embeddable":true,"href":"http:\/\/www.24baires.com\/index.php?rest_route=%2Fwp%2Fv2%2Fcategories&post=73646"},{"taxonomy":"post_tag","embeddable":true,"href":"http:\/\/www.24baires.com\/index.php?rest_route=%2Fwp%2Fv2%2Ftags&post=73646"}],"curies":[{"name":"wp","href":"https:\/\/api.w.org\/{rel}","templated":true}]}}