{"id":73636,"date":"2015-10-15T20:00:13","date_gmt":"2015-10-15T23:00:13","guid":{"rendered":"http:\/\/www.24baires.com\/?p=73636"},"modified":"2015-10-15T19:20:42","modified_gmt":"2015-10-15T22:20:42","slug":"un-jefe-de-la-metropolitana-quedo-al-borde-del-juicio-por-la-represion-en-el-borda","status":"publish","type":"post","link":"http:\/\/www.24baires.com\/?p=73636","title":{"rendered":"Un jefe de la Metropolitana qued\u00f3 al borde del juicio por la represi\u00f3n en el Borda"},"content":{"rendered":"<p><img data-recalc-dims=\"1\" loading=\"lazy\" decoding=\"async\" class=\"aligncenter size-full wp-image-32036\" src=\"https:\/\/i0.wp.com\/www.24baires.com\/wp-content\/uploads\/2013\/09\/represion-en-el-borda.jpg?resize=560%2C419\" alt=\"represion en el borda\" width=\"560\" height=\"419\" srcset=\"https:\/\/i0.wp.com\/www.24baires.com\/wp-content\/uploads\/2013\/09\/represion-en-el-borda.jpg?w=560 560w, https:\/\/i0.wp.com\/www.24baires.com\/wp-content\/uploads\/2013\/09\/represion-en-el-borda.jpg?resize=300%2C224 300w\" sizes=\"auto, (max-width: 560px) 100vw, 560px\" \/>El comisionado Mart\u00edn Roth est\u00e1 imputado por los incidentes ocurridos en el hospital neuropsiqui\u00e1trico en abril de 2013. Resta que las partes formulen la acusaci\u00f3n para iniciar el debate judicial.<!--more--><\/p>\n<p>Fuentes judiciales informaron a minutouno.com que los querellantes Rub\u00e9n Oscar C\u00e1ceres y Guillermo Rolando Puerta se opusieron a la clausura de instrucci\u00f3n por encontrarse en pleno tr\u00e1mite diversos recursos ante la C\u00e1mara Nacional de Casaci\u00f3n en lo Criminal y Correccional.<\/p>\n<p>Entre esos recursos pendientes est\u00e1 una nueva apelaci\u00f3n contra el sobreseimiento de Macri; el de la vicejefa de gobierno, Mar\u00eda Eugenia Vidal: del jefe de Gabinete, Horacio Rodr\u00edguez Larreta, y de los ministros Guillermo Montenegro de Seguridad y Justicia y Graciela Reybaud, de Salud.<\/p>\n<p>Los querellantes, v\u00edctimas de la represi\u00f3n, sostuvieron que \u00abal tratarse de hechos de naturaleza colectiva y llevados a cabo por una multiplicidad de actores, corresponde estar a la espera de lo que all\u00ed se resuelva\u00bb.<\/p>\n<p>Sin embargo, la Sala 6 de la C\u00e1mara, con las firmas de los jueces Alberto Seijas y Carlos Alberto Gonz\u00e1lez, rechaz\u00f3 el planteo y dejo a Roth en camino al juicio oral.<\/p>\n<p>&nbsp;<\/p>\n<p>&nbsp;<\/p>\n<p>&nbsp;<\/p>\n<p>&nbsp;<\/p>\n<p>&nbsp;<\/p>\n<p>&nbsp;<\/p>\n<p>&nbsp;<\/p>\n<p>&nbsp;<\/p>\n<p>&nbsp;<\/p>\n<p>&nbsp;<\/p>\n<p>&nbsp;<\/p>\n<p>&nbsp;<\/p>\n<p>&nbsp;<\/p>\n<p>&nbsp;<\/p>\n","protected":false},"excerpt":{"rendered":"<p>El comisionado Mart\u00edn Roth est\u00e1 imputado por los incidentes ocurridos en el hospital neuropsiqui\u00e1trico en abril de 2013. Resta que las partes formulen la acusaci\u00f3n para iniciar el debate judicial.<\/p>\n","protected":false},"author":8,"featured_media":0,"comment_status":"open","ping_status":"open","sticky":false,"template":"","format":"standard","meta":{"_jetpack_newsletter_access":"","_jetpack_dont_email_post_to_subs":false,"_jetpack_newsletter_tier_id":0,"_jetpack_memberships_contains_paywalled_content":false,"_jetpack_memberships_contains_paid_content":false,"footnotes":""},"categories":[51],"tags":[],"class_list":["post-73636","post","type-post","status-publish","format-standard","hentry","category-politica"],"jetpack_shortlink":"https:\/\/wp.me\/p2JWE0-j9G","jetpack-related-posts":[{"id":40203,"url":"http:\/\/www.24baires.com\/?p=40203","url_meta":{"origin":73636,"position":0},"title":"Piden que se procese a Macri por la represi\u00f3n en el Borda","author":"GB","date":"10\/02\/2014","format":false,"excerpt":"La filial porte\u00f1a de la ATE present\u00f3 un recurso de queja con pedido de procesamiento contra el jefe de Gobierno porte\u00f1o por la \"brutal represi\u00f3n\" a m\u00e9dicos, internos y periodistas, durante el desalojo de los talleres del hospital Borda. Ahora, la C\u00e1mara deber\u00e1 fijar una audiencia de \"informe oral\" para\u2026","rel":"","context":"En \u00abPol\u00edtica\u00bb","block_context":{"text":"Pol\u00edtica","link":"http:\/\/www.24baires.com\/?cat=51"},"img":{"alt_text":"represi\u00f3n en el borda","src":"https:\/\/i0.wp.com\/www.24baires.com\/wp-content\/uploads\/2014\/02\/represi%C3%B3n-en-el-borda.jpg?resize=350%2C200","width":350,"height":200},"classes":[]},{"id":51536,"url":"http:\/\/www.24baires.com\/?p=51536","url_meta":{"origin":73636,"position":1},"title":"Por la represi\u00f3n en el Borda piden analizar llamadas de Macri y su Gabinete","author":"GB","date":"10\/08\/2014","format":false,"excerpt":"Una de las querellas de la causa por las responsabilidades pol\u00edticas en la brutal represi\u00f3n que la Polic\u00eda Metropolitana emprendi\u00f3 durante el desalojo de los talleres del Hospital Borda en abril de 2013 pidi\u00f3 una bater\u00eda de medidas para reactivar la investigaci\u00f3n en la que est\u00e1n bajo la mira el\u2026","rel":"","context":"En \u00abJUDICIALES\u00bb","block_context":{"text":"JUDICIALES","link":"http:\/\/www.24baires.com\/?cat=68"},"img":{"alt_text":"metropolitana borda","src":"https:\/\/i0.wp.com\/www.24baires.com\/wp-content\/uploads\/2013\/04\/metropolitana-borda.jpg?resize=350%2C200","width":350,"height":200,"srcset":"https:\/\/i0.wp.com\/www.24baires.com\/wp-content\/uploads\/2013\/04\/metropolitana-borda.jpg?resize=350%2C200 1x, https:\/\/i0.wp.com\/www.24baires.com\/wp-content\/uploads\/2013\/04\/metropolitana-borda.jpg?resize=525%2C300 1.5x"},"classes":[]},{"id":56174,"url":"http:\/\/www.24baires.com\/?p=56174","url_meta":{"origin":73636,"position":2},"title":"Buscan que Macri pague por la represi\u00f3n en el Borda","author":"Grupo Sierra","date":"28\/10\/2014","format":false,"excerpt":"La Defensor\u00eda General de la Naci\u00f3n apel\u00f3 el fallo de primera instancia que en octubre sobresey\u00f3 al jefe de gobierno porte\u00f1o y a otros funcionarios. Se conoci\u00f3 hoy la apelaci\u00f3n del fallo judicial de primera instancia que el 24 de octubre sobresey\u00f3 nuevamente al jefe de gobierno de la ciudad\u2026","rel":"","context":"En \u00abJUDICIALES\u00bb","block_context":{"text":"JUDICIALES","link":"http:\/\/www.24baires.com\/?cat=68"},"img":{"alt_text":"macri 3","src":"https:\/\/i0.wp.com\/www.24baires.com\/wp-content\/uploads\/2014\/09\/macri-3.jpg?resize=350%2C200","width":350,"height":200,"srcset":"https:\/\/i0.wp.com\/www.24baires.com\/wp-content\/uploads\/2014\/09\/macri-3.jpg?resize=350%2C200 1x, https:\/\/i0.wp.com\/www.24baires.com\/wp-content\/uploads\/2014\/09\/macri-3.jpg?resize=525%2C300 1.5x"},"classes":[]},{"id":117899,"url":"http:\/\/www.24baires.com\/?p=117899","url_meta":{"origin":73636,"position":3},"title":"La Aduana es querellante en la investigaci\u00f3n por contrabando de armas a Bolivia","author":"AF","date":"22\/07\/2021","format":false,"excerpt":"El organismo se present\u00f3 como querellante en la investigaci\u00f3n por supuesto contrabando de armas y pertrechos a Bolivia, elementos que habr\u00edan sido utilizados en la represi\u00f3n posterior al golpe de Estado del 2019. La Direcci\u00f3n General de Aduanas se present\u00f3 este jueves como querellante en la causa en la que\u2026","rel":"","context":"En \u00abJUDICIALES\u00bb","block_context":{"text":"JUDICIALES","link":"http:\/\/www.24baires.com\/?cat=68"},"img":{"alt_text":"","src":"https:\/\/i0.wp.com\/www.24baires.com\/wp-content\/uploads\/2019\/08\/macri.png?resize=350%2C200","width":350,"height":200,"srcset":"https:\/\/i0.wp.com\/www.24baires.com\/wp-content\/uploads\/2019\/08\/macri.png?resize=350%2C200 1x, https:\/\/i0.wp.com\/www.24baires.com\/wp-content\/uploads\/2019\/08\/macri.png?resize=525%2C300 1.5x"},"classes":[]},{"id":42970,"url":"http:\/\/www.24baires.com\/?p=42970","url_meta":{"origin":73636,"position":4},"title":"Trabajadores reclaman por la represi\u00f3n en el Borda","author":"Grupo Sierra","date":"28\/03\/2014","format":false,"excerpt":"Los miembros de ATE Capital se movilizaron hoy a los Tribunales porte\u00f1os. El viernes pr\u00f3ximo los trabajadores apelar\u00e1n el sobreseimiento de los funcionarios porte\u00f1os por el accionar de la Polic\u00eda Metropolitana. Trabajadores de ATE presentaron un recurso de apelaci\u00f3n ante la C\u00e1mara del Crimen prote\u00f1a el procesamiento de los cinco\u2026","rel":"","context":"En \u00abJUDICIALES\u00bb","block_context":{"text":"JUDICIALES","link":"http:\/\/www.24baires.com\/?cat=68"},"img":{"alt_text":"represi\u00f3n en el borda","src":"https:\/\/i0.wp.com\/www.24baires.com\/wp-content\/uploads\/2014\/02\/represi%C3%B3n-en-el-borda.jpg?resize=350%2C200","width":350,"height":200},"classes":[]},{"id":113198,"url":"http:\/\/www.24baires.com\/?p=113198","url_meta":{"origin":73636,"position":5},"title":"Milani fue absuelto por la desaparici\u00f3n del soldado Ledo","author":"AF","date":"29\/11\/2019","format":false,"excerpt":"C\u00e9sar Milani, ex jefe del Ej\u00e9rcito del gobierno de Cristina Fern\u00e1ndez de Kirchner, acusado de falsear un acta sobre la presunta \"deserci\u00f3n\" del soldado Alberto Agapito Ledo, desaparecido en 1976, fue absuelto por el Tribunal Oral Federal de Tucum\u00e1n. \"Fue una campa\u00f1a pol\u00edtica, medi\u00e1tica y judicial in\u00e9dita contra un jefe\u2026","rel":"","context":"En \u00abJUDICIALES\u00bb","block_context":{"text":"JUDICIALES","link":"http:\/\/www.24baires.com\/?cat=68"},"img":{"alt_text":"","src":"https:\/\/i0.wp.com\/www.24baires.com\/wp-content\/uploads\/2015\/06\/milani2.jpg?resize=350%2C200","width":350,"height":200,"srcset":"https:\/\/i0.wp.com\/www.24baires.com\/wp-content\/uploads\/2015\/06\/milani2.jpg?resize=350%2C200 1x, https:\/\/i0.wp.com\/www.24baires.com\/wp-content\/uploads\/2015\/06\/milani2.jpg?resize=525%2C300 1.5x"},"classes":[]}],"jetpack_sharing_enabled":true,"jetpack_likes_enabled":true,"jetpack_featured_media_url":"","_links":{"self":[{"href":"http:\/\/www.24baires.com\/index.php?rest_route=\/wp\/v2\/posts\/73636","targetHints":{"allow":["GET"]}}],"collection":[{"href":"http:\/\/www.24baires.com\/index.php?rest_route=\/wp\/v2\/posts"}],"about":[{"href":"http:\/\/www.24baires.com\/index.php?rest_route=\/wp\/v2\/types\/post"}],"author":[{"embeddable":true,"href":"http:\/\/www.24baires.com\/index.php?rest_route=\/wp\/v2\/users\/8"}],"replies":[{"embeddable":true,"href":"http:\/\/www.24baires.com\/index.php?rest_route=%2Fwp%2Fv2%2Fcomments&post=73636"}],"version-history":[{"count":1,"href":"http:\/\/www.24baires.com\/index.php?rest_route=\/wp\/v2\/posts\/73636\/revisions"}],"predecessor-version":[{"id":73637,"href":"http:\/\/www.24baires.com\/index.php?rest_route=\/wp\/v2\/posts\/73636\/revisions\/73637"}],"wp:attachment":[{"href":"http:\/\/www.24baires.com\/index.php?rest_route=%2Fwp%2Fv2%2Fmedia&parent=73636"}],"wp:term":[{"taxonomy":"category","embeddable":true,"href":"http:\/\/www.24baires.com\/index.php?rest_route=%2Fwp%2Fv2%2Fcategories&post=73636"},{"taxonomy":"post_tag","embeddable":true,"href":"http:\/\/www.24baires.com\/index.php?rest_route=%2Fwp%2Fv2%2Ftags&post=73636"}],"curies":[{"name":"wp","href":"https:\/\/api.w.org\/{rel}","templated":true}]}}