{"id":73630,"date":"2015-10-15T19:09:08","date_gmt":"2015-10-15T22:09:08","guid":{"rendered":"http:\/\/www.24baires.com\/?p=73630"},"modified":"2015-10-15T19:09:08","modified_gmt":"2015-10-15T22:09:08","slug":"la-corte-pidio-la-captura-internacional-de-otro-irani-por-el-atentado-a-la-embajada-de-israel","status":"publish","type":"post","link":"http:\/\/www.24baires.com\/?p=73630","title":{"rendered":"La Corte pidi\u00f3 la captura internacional de otro iran\u00ed por el atentado a la Embajada de Israel"},"content":{"rendered":"<p><img data-recalc-dims=\"1\" loading=\"lazy\" decoding=\"async\" class=\"aligncenter size-full wp-image-52932\" src=\"https:\/\/i0.wp.com\/www.24baires.com\/wp-content\/uploads\/2014\/09\/corte-suprema.jpg?resize=560%2C314\" alt=\"corte suprema\" width=\"560\" height=\"314\" srcset=\"https:\/\/i0.wp.com\/www.24baires.com\/wp-content\/uploads\/2014\/09\/corte-suprema.jpg?w=560 560w, https:\/\/i0.wp.com\/www.24baires.com\/wp-content\/uploads\/2014\/09\/corte-suprema.jpg?resize=300%2C168 300w\" sizes=\"auto, (max-width: 560px) 100vw, 560px\" \/>La Corte Suprema de Justicia de la Naci\u00f3n orden\u00f3 la captura internacional de Hussein Mohamad Ibrahim Suleiman y reiter\u00f3 la de Jos\u00e9 Salman El Reda Reda.<!--more--><\/p>\n<p>La Corte Suprema de Justicia de la Naci\u00f3n resolvi\u00f3 en la acordada de este jueves solicitar la captura internacional de otro ciudadano iran\u00ed en el marco de la investigaci\u00f3n por el atentado a la Embajada de Israel perpetrado el 17 de marzo de 1992.<\/p>\n<p>Seg\u00fan inform\u00f3 el Centro de Informaci\u00f3n Judicial (CIJ) inform\u00f3 que el m\u00e1ximo tribunal de la Naci\u00f3n resolvi\u00f3 en la causa 5.142 XXIV \u00abSumario instruido en la Cr\u00eda. 15a. por averiguaci\u00f3n de los delitos de explosi\u00f3n, homicidio, lesiones calificadas y da\u00f1o (arts. 186,80 Inc. 4 y 5 y 183 del CP) con motivo del atentado a la Embajada de Israel\u00bb, ordenar la captura internacional de Hussein Mohamad Ibrahim Suleiman y reiterar la correspondiente a Jose Salman El Reda Reda.<\/p>\n<p>El pedido lleva las firmas de los jueces Ricardo Lorenzetti, Elena Highton de Nolasco, Carlos Fayt y Juan Carlos Maqueda.<\/p>\n<p>Desde el a\u00f1o 2005 la Corte investiga a Hussein Mohamad Ibrahim Suleiman como agente operativo de la organizaci\u00f3n terrorista Hezbollah e integrante de la agrupaci\u00f3n Jihad Isl\u00e1mica. Suleiman habr\u00eda ingresado en la Rep\u00fablica Argentina a principios de 1992 los explosivos que fueron utilizados en el atentado a la sede diplom\u00e1tica israel\u00ed.<\/p>\n<p>Reci\u00e9n en septiembre de 2015 la embajada de Israel en Buenos Aires, a trav\u00e9s del Ministerio de Relaciones Exteriores y Culto, confirm\u00f3 la informaci\u00f3n antes detallada, en virtud de lo cual se orden\u00f3 la captura internacional del nombrado.<\/p>\n<p>&nbsp;<\/p>\n<p>&nbsp;<\/p>\n<p>&nbsp;<\/p>\n<p>&nbsp;<\/p>\n<p>&nbsp;<\/p>\n<p>&nbsp;<\/p>\n<p>&nbsp;<\/p>\n<p>&nbsp;<\/p>\n<p>&nbsp;<\/p>\n<p>&nbsp;<\/p>\n<p>&nbsp;<\/p>\n<p>&nbsp;<\/p>\n","protected":false},"excerpt":{"rendered":"<p>La Corte Suprema de Justicia de la Naci\u00f3n orden\u00f3 la captura internacional de Hussein Mohamad Ibrahim Suleiman y reiter\u00f3 la de Jos\u00e9 Salman El Reda Reda.<\/p>\n","protected":false},"author":8,"featured_media":0,"comment_status":"open","ping_status":"open","sticky":false,"template":"","format":"standard","meta":{"_jetpack_newsletter_access":"","_jetpack_dont_email_post_to_subs":false,"_jetpack_newsletter_tier_id":0,"_jetpack_memberships_contains_paywalled_content":false,"_jetpack_memberships_contains_paid_content":false,"footnotes":""},"categories":[51],"tags":[],"class_list":["post-73630","post","type-post","status-publish","format-standard","hentry","category-politica"],"jetpack_shortlink":"https:\/\/wp.me\/p2JWE0-j9A","jetpack-related-posts":[{"id":64026,"url":"http:\/\/www.24baires.com\/?p=64026","url_meta":{"origin":73630,"position":0},"title":"Es oficial: Cristina orden\u00f3 la desclasificaci\u00f3n de los archivos por el atentado a la Embajada","author":"GB","date":"09\/04\/2015","format":false,"excerpt":"La presidenta Cristina Fern\u00e1ndez de Kirchner orden\u00f3 \"la desclasificaci\u00f3n de la totalidad de la documentaci\u00f3n de los archivos de inteligencia\" relacionados con el atentado contra la embajada de Israel, luego de que ayer que se lo pidiera la Corte Suprema de Justicia. As\u00ed lo hizo a trav\u00e9s del decreto 529,\u2026","rel":"","context":"En \u00abLocales\u00bb","block_context":{"text":"Locales","link":"http:\/\/www.24baires.com\/?cat=38"},"img":{"alt_text":"","src":"https:\/\/i0.wp.com\/www.24baires.com\/wp-content\/uploads\/2015\/04\/atentado-embajada-de-Israel.jpg?resize=350%2C200","width":350,"height":200,"srcset":"https:\/\/i0.wp.com\/www.24baires.com\/wp-content\/uploads\/2015\/04\/atentado-embajada-de-Israel.jpg?resize=350%2C200 1x, https:\/\/i0.wp.com\/www.24baires.com\/wp-content\/uploads\/2015\/04\/atentado-embajada-de-Israel.jpg?resize=525%2C300 1.5x"},"classes":[]},{"id":62563,"url":"http:\/\/www.24baires.com\/?p=62563","url_meta":{"origin":73630,"position":1},"title":"Lorenzetti aclar\u00f3 que \u00abhubo sentencia sobre la embajada de Israel\u00bb","author":"GB","date":"03\/03\/2015","format":false,"excerpt":"Con una presencia de magistrados y letrados superior a la de otros a\u00f1os, el presidente de la Corte dio inicio al \"a\u00f1o judicial\" con un discurso en el que llam\u00f3 a \"terminar con las investigaciones oscuras que se traban, a terminar con la impunidad\". Remarc\u00f3 la independencia de poderes y\u2026","rel":"","context":"En \u00abPol\u00edtica\u00bb","block_context":{"text":"Pol\u00edtica","link":"http:\/\/www.24baires.com\/?cat=51"},"img":{"alt_text":"lorenzetti-corte-suprema","src":"https:\/\/i0.wp.com\/www.24baires.com\/wp-content\/uploads\/2012\/10\/lorenzetti-corte-suprema.jpg?resize=350%2C200","width":350,"height":200,"srcset":"https:\/\/i0.wp.com\/www.24baires.com\/wp-content\/uploads\/2012\/10\/lorenzetti-corte-suprema.jpg?resize=350%2C200 1x, https:\/\/i0.wp.com\/www.24baires.com\/wp-content\/uploads\/2012\/10\/lorenzetti-corte-suprema.jpg?resize=525%2C300 1.5x"},"classes":[]},{"id":63370,"url":"http:\/\/www.24baires.com\/?p=63370","url_meta":{"origin":73630,"position":2},"title":"Desclasificar\u00e1n los archivos del atentado a la Embajada de Israel","author":"GB","date":"19\/03\/2015","format":false,"excerpt":"La presidenta Cristina Fern\u00e1ndez de Kirchner adelant\u00f3 que \"ni bien\" la Corte Suprema de Justicia \"lo solicite\", el Poder Ejecutivo desclasificar\u00e1 la informaci\u00f3n reservada sobre el atentado a la embajada de Israel, del que esta semana se cumplieron 23 a\u00f1os. La presidenta Cristina Fern\u00e1ndez de Kirchner revel\u00f3 que el Poder\u2026","rel":"","context":"En \u00abPol\u00edtica\u00bb","block_context":{"text":"Pol\u00edtica","link":"http:\/\/www.24baires.com\/?cat=51"},"img":{"alt_text":"","src":"https:\/\/i0.wp.com\/www.24baires.com\/wp-content\/uploads\/2015\/03\/embajada-israel.jpg?resize=350%2C200","width":350,"height":200,"srcset":"https:\/\/i0.wp.com\/www.24baires.com\/wp-content\/uploads\/2015\/03\/embajada-israel.jpg?resize=350%2C200 1x, https:\/\/i0.wp.com\/www.24baires.com\/wp-content\/uploads\/2015\/03\/embajada-israel.jpg?resize=525%2C300 1.5x"},"classes":[]},{"id":47206,"url":"http:\/\/www.24baires.com\/?p=47206","url_meta":{"origin":73630,"position":3},"title":"Prescribi\u00f3 causa contra Fayt por un libro sobre \u00abterrorismo sagrado\u00bb","author":"AF","date":"02\/06\/2014","format":false,"excerpt":"En 2001 el integrante de la Corte Suprema public\u00f3 un libro donde escribi\u00f3 sobre los atentados a la AMIA y a la embajada de Isarael. All\u00ed mencion\u00f3 a un exfuncionario iran\u00ed, quien lo demand\u00f3 por da\u00f1os y perjuicios. La Corte Suprema de Justicia de la Naci\u00f3n -en esta oportunidad, integrada\u2026","rel":"","context":"En \u00abJUDICIALES\u00bb","block_context":{"text":"JUDICIALES","link":"http:\/\/www.24baires.com\/?cat=68"},"img":{"alt_text":"","src":"https:\/\/i0.wp.com\/www.24baires.com\/wp-content\/uploads\/2014\/06\/fayt.jpg?resize=350%2C200","width":350,"height":200,"srcset":"https:\/\/i0.wp.com\/www.24baires.com\/wp-content\/uploads\/2014\/06\/fayt.jpg?resize=350%2C200 1x, https:\/\/i0.wp.com\/www.24baires.com\/wp-content\/uploads\/2014\/06\/fayt.jpg?resize=525%2C300 1.5x"},"classes":[]},{"id":62632,"url":"http:\/\/www.24baires.com\/?p=62632","url_meta":{"origin":73630,"position":4},"title":"La Corte neg\u00f3 que el atentado a la Embajada de Israel sea \u00abcosa juzgada\u00bb","author":"GB","date":"04\/03\/2015","format":false,"excerpt":"El m\u00e1ximo tribunal sostuvo que \"contin\u00faa la investigaci\u00f3n\" del atentado contra la sede diplom\u00e1tica israel\u00ed, lo que se contrapone con las afirmaciones de Ricardo Lorenzetti, quien dijo que era \"cosa juzgada\". La Corte Suprema de Justicia difundi\u00f3, a trav\u00e9s del Centro de Informaci\u00f3n Judicial (CIJ), un informe en el que\u2026","rel":"","context":"En \u00abPol\u00edtica\u00bb","block_context":{"text":"Pol\u00edtica","link":"http:\/\/www.24baires.com\/?cat=51"},"img":{"alt_text":"","src":"","width":0,"height":0},"classes":[]},{"id":62594,"url":"http:\/\/www.24baires.com\/?p=62594","url_meta":{"origin":73630,"position":5},"title":"Timerman anunci\u00f3 comunicaciones con Israel por AMIA","author":"Grupo Sierra","date":"03\/03\/2015","format":false,"excerpt":"El canciller argentino dio a conocer una carta de su par israel\u00ed, Avigdon Liberman, d\u00f3nde muestra el inter\u00e9s de su pa\u00eds por esclarecer los ataques a la embajada y la AMIA. H\u00e9ctor Timerman, habl\u00f3 esta tarde desde la Sala de Conferencias de Casa de Gobierno e hizo menci\u00f3n a una\u2026","rel":"","context":"En \u00abInternacionales\u00bb","block_context":{"text":"Internacionales","link":"http:\/\/www.24baires.com\/?cat=73"},"img":{"alt_text":"timerman","src":"https:\/\/i0.wp.com\/www.24baires.com\/wp-content\/uploads\/2014\/08\/timerman.jpg?resize=350%2C200","width":350,"height":200,"srcset":"https:\/\/i0.wp.com\/www.24baires.com\/wp-content\/uploads\/2014\/08\/timerman.jpg?resize=350%2C200 1x, https:\/\/i0.wp.com\/www.24baires.com\/wp-content\/uploads\/2014\/08\/timerman.jpg?resize=525%2C300 1.5x"},"classes":[]}],"jetpack_sharing_enabled":true,"jetpack_likes_enabled":true,"jetpack_featured_media_url":"","_links":{"self":[{"href":"http:\/\/www.24baires.com\/index.php?rest_route=\/wp\/v2\/posts\/73630","targetHints":{"allow":["GET"]}}],"collection":[{"href":"http:\/\/www.24baires.com\/index.php?rest_route=\/wp\/v2\/posts"}],"about":[{"href":"http:\/\/www.24baires.com\/index.php?rest_route=\/wp\/v2\/types\/post"}],"author":[{"embeddable":true,"href":"http:\/\/www.24baires.com\/index.php?rest_route=\/wp\/v2\/users\/8"}],"replies":[{"embeddable":true,"href":"http:\/\/www.24baires.com\/index.php?rest_route=%2Fwp%2Fv2%2Fcomments&post=73630"}],"version-history":[{"count":1,"href":"http:\/\/www.24baires.com\/index.php?rest_route=\/wp\/v2\/posts\/73630\/revisions"}],"predecessor-version":[{"id":73631,"href":"http:\/\/www.24baires.com\/index.php?rest_route=\/wp\/v2\/posts\/73630\/revisions\/73631"}],"wp:attachment":[{"href":"http:\/\/www.24baires.com\/index.php?rest_route=%2Fwp%2Fv2%2Fmedia&parent=73630"}],"wp:term":[{"taxonomy":"category","embeddable":true,"href":"http:\/\/www.24baires.com\/index.php?rest_route=%2Fwp%2Fv2%2Fcategories&post=73630"},{"taxonomy":"post_tag","embeddable":true,"href":"http:\/\/www.24baires.com\/index.php?rest_route=%2Fwp%2Fv2%2Ftags&post=73630"}],"curies":[{"name":"wp","href":"https:\/\/api.w.org\/{rel}","templated":true}]}}