{"id":73622,"date":"2015-10-15T16:23:19","date_gmt":"2015-10-15T19:23:19","guid":{"rendered":"http:\/\/www.24baires.com\/?p=73622"},"modified":"2015-10-16T10:42:20","modified_gmt":"2015-10-16T13:42:20","slug":"scioli-confirmo-que-batakis-sera-su-ministra-de-economia","status":"publish","type":"post","link":"http:\/\/www.24baires.com\/?p=73622","title":{"rendered":"Scioli confirm\u00f3 que Batakis ser\u00e1 su ministra de Econom\u00eda"},"content":{"rendered":"<p><img data-recalc-dims=\"1\" loading=\"lazy\" decoding=\"async\" src=\"https:\/\/i0.wp.com\/www.24baires.com\/wp-content\/uploads\/2014\/01\/Silvina-Batakis.jpg?resize=560%2C338\" alt=\"Silvina-Batakis\" width=\"560\" height=\"338\" class=\"aligncenter size-full wp-image-38854\" srcset=\"https:\/\/i0.wp.com\/www.24baires.com\/wp-content\/uploads\/2014\/01\/Silvina-Batakis.jpg?w=560 560w, https:\/\/i0.wp.com\/www.24baires.com\/wp-content\/uploads\/2014\/01\/Silvina-Batakis.jpg?resize=300%2C181 300w\" sizes=\"auto, (max-width: 560px) 100vw, 560px\" \/>El gobernador bonaerense y candidato a presidente por el Frente para la Victoria (FpV) anunci\u00f3 que en el caso de resultar electo la ministra de Econom\u00eda ser\u00e1 la actual titular del Palacio de Hacienda provincial, Silvina Batakis.<!--more--><\/p>\n<p>A 11 d\u00edas de los comicios generales, Scioli contin\u00faa con su estrategia de confirmar qui\u00e9nes ser\u00edan sus funcionarios y, en esta oportunidad, sum\u00f3 el nombre de Batakis para ser la ministra de Econom\u00eda a nivel nacional.<\/p>\n<p>En declaraciones a Canal 13 del Grupo Clar\u00edn, el candidato oficialista confirm\u00f3 que su ministra de Econom\u00eda en la provincia de Buenos Aires desde 2011 lo acompa\u00f1ar\u00e1 en la Naci\u00f3n, en el caso de ganas las elecciones el pr\u00f3ximo 25 de octubre.<\/p>\n<p>Por lo tanto, el eventual gabinete sciolista ya tiene confirmados a Alberto P\u00e9rez (Jefatura de Gabinete), Sergio Urribarri (Interior y Transporte), Diego Bossio (Infraestructura), Maurice Closs (Turismo), Juli\u00e1n Dom\u00ednguez (Industria), Alberto Barbieri (Educaci\u00f3n), Alejandro Collia (Salud) y Miguel Peirano (Banco de Desarrollo).<\/p>\n<p>Batakis asumi\u00f3 la cartera econ\u00f3mica bonaerense el 12 de diciembre de 2011, tras haber conducido la subsecretar\u00eda de Hacienda desde diciembre de 2009, seg\u00fan detalla su curr\u00edculum publicado en el sitio web del Ministerio provincial.<\/p>\n<p>En la provincia de Buenos Aires fue jefa de Gabinete de Asesores del Ministerio de Econom\u00eda; directora de Zonas Francas; directora provincial de Econom\u00eda Ambiental y Energ\u00edas Alternativas en el OPDS; directora provincial de Estudios Econ\u00f3micos en el Ministerio de Econom\u00eda y asistente en la Direcci\u00f3n de Planificaci\u00f3n del Ministerio de Infraestructura.<\/p>\n<p>Batakis, es licenciada en Econom\u00eda egresada de la Universidad Nacional de La Plata, tiene un master en Finanzas P\u00fablicas Provinciales de la misma casa de estudios, y un master en Econom\u00eda Ambiental de la Universidad de York, en Inglaterra.<br \/>\nIMPRIMIRACCESIBLEACCESIBLE<\/p>\n","protected":false},"excerpt":{"rendered":"<p>El gobernador bonaerense y candidato a presidente por el Frente para la Victoria (FpV) anunci\u00f3 que en el caso de resultar electo la ministra de Econom\u00eda ser\u00e1 la actual titular del Palacio de Hacienda provincial, Silvina Batakis.<\/p>\n","protected":false},"author":8,"featured_media":0,"comment_status":"open","ping_status":"open","sticky":false,"template":"","format":"standard","meta":{"_jetpack_newsletter_access":"","_jetpack_dont_email_post_to_subs":false,"_jetpack_newsletter_tier_id":0,"_jetpack_memberships_contains_paywalled_content":false,"_jetpack_memberships_contains_paid_content":false,"footnotes":""},"categories":[51],"tags":[],"class_list":["post-73622","post","type-post","status-publish","format-standard","hentry","category-politica"],"jetpack_shortlink":"https:\/\/wp.me\/p2JWE0-j9s","jetpack-related-posts":[{"id":119049,"url":"http:\/\/www.24baires.com\/?p=119049","url_meta":{"origin":73622,"position":0},"title":"Silvina Batakis es la nueva Ministra de Econom\u00eda","author":"GB","date":"04\/07\/2022","format":false,"excerpt":"Tras largas horas de negociaciones, el presidente Alberto Fern\u00e1ndez design\u00f3 a Batakis en reemplazo de Mart\u00edn Guzm\u00e1n La nueva ministra de Econom\u00eda ser\u00e1 Silvina Batakis confirmaron este domingo fuentes oficiales, luego de intensas negociaciones de los diferentes espacios que integran el Frente de Todos (FdT) en el marco de cambios\u2026","rel":"","context":"En \u00abEconom\u00eda\u00bb","block_context":{"text":"Econom\u00eda","link":"http:\/\/www.24baires.com\/?cat=45"},"img":{"alt_text":"","src":"https:\/\/i0.wp.com\/www.24baires.com\/wp-content\/uploads\/2022\/07\/batakis.jpg?resize=350%2C200","width":350,"height":200,"srcset":"https:\/\/i0.wp.com\/www.24baires.com\/wp-content\/uploads\/2022\/07\/batakis.jpg?resize=350%2C200 1x, https:\/\/i0.wp.com\/www.24baires.com\/wp-content\/uploads\/2022\/07\/batakis.jpg?resize=525%2C300 1.5x, https:\/\/i0.wp.com\/www.24baires.com\/wp-content\/uploads\/2022\/07\/batakis.jpg?resize=700%2C400 2x, https:\/\/i0.wp.com\/www.24baires.com\/wp-content\/uploads\/2022\/07\/batakis.jpg?resize=1050%2C600 3x"},"classes":[]},{"id":119053,"url":"http:\/\/www.24baires.com\/?p=119053","url_meta":{"origin":73622,"position":1},"title":"Los tres ejes que se propone Batakis para su gesti\u00f3n","author":"AF","date":"04\/07\/2022","format":false,"excerpt":"A los pocos minutos de jurar en su cargo, Batakis dijo que \"vamos a seguir el programa econ\u00f3mico del Presidente\". Tambi\u00e9n se\u00f1al\u00f3 que \"queremos una mirada federal, que incluya a todos y todas los argentinos y argentinas\". Los tres puntos principales que estableci\u00f3 para su gesti\u00f3n al frente de Econom\u00eda.\u2026","rel":"","context":"En \u00abEconom\u00eda\u00bb","block_context":{"text":"Econom\u00eda","link":"http:\/\/www.24baires.com\/?cat=45"},"img":{"alt_text":"","src":"https:\/\/i0.wp.com\/www.24baires.com\/wp-content\/uploads\/2022\/07\/Batakis-1.jpg?resize=350%2C200","width":350,"height":200,"srcset":"https:\/\/i0.wp.com\/www.24baires.com\/wp-content\/uploads\/2022\/07\/Batakis-1.jpg?resize=350%2C200 1x, https:\/\/i0.wp.com\/www.24baires.com\/wp-content\/uploads\/2022\/07\/Batakis-1.jpg?resize=525%2C300 1.5x, https:\/\/i0.wp.com\/www.24baires.com\/wp-content\/uploads\/2022\/07\/Batakis-1.jpg?resize=700%2C400 2x"},"classes":[]},{"id":119056,"url":"http:\/\/www.24baires.com\/?p=119056","url_meta":{"origin":73622,"position":2},"title":"\u00abSeguramente habr\u00e1 algunas modificaciones\u00bb en las revisiones del acuerdo con el FMI","author":"AF","date":"05\/07\/2022","format":false,"excerpt":"La flamante ministra de Econom\u00eda afirm\u00f3 que se debe \"trabajar de manera conjunta\" para cumplir con el acuerdo. \"Viendo las metas de cada revisi\u00f3n, seguramente habr\u00e1 algunas modificaciones\", remarc\u00f3. La flamante ministra de Econom\u00eda, Silvina Batakis, que \"seguramente habr\u00e1 algunas modificaciones\" en las pr\u00f3ximas revisiones del acuerdo con el Fondo\u2026","rel":"","context":"En \u00abEconom\u00eda\u00bb","block_context":{"text":"Econom\u00eda","link":"http:\/\/www.24baires.com\/?cat=45"},"img":{"alt_text":"","src":"https:\/\/i0.wp.com\/www.24baires.com\/wp-content\/uploads\/2022\/07\/62c35d28a345d_900.jpg?resize=350%2C200","width":350,"height":200,"srcset":"https:\/\/i0.wp.com\/www.24baires.com\/wp-content\/uploads\/2022\/07\/62c35d28a345d_900.jpg?resize=350%2C200 1x, https:\/\/i0.wp.com\/www.24baires.com\/wp-content\/uploads\/2022\/07\/62c35d28a345d_900.jpg?resize=525%2C300 1.5x, https:\/\/i0.wp.com\/www.24baires.com\/wp-content\/uploads\/2022\/07\/62c35d28a345d_900.jpg?resize=700%2C400 2x"},"classes":[]},{"id":119065,"url":"http:\/\/www.24baires.com\/?p=119065","url_meta":{"origin":73622,"position":3},"title":"Batakis confirm\u00f3 la conformaci\u00f3n de una nueva canasta de precios cuidados","author":"GB","date":"07\/07\/2022","format":false,"excerpt":"Silvina Batakis sostuvo que \"el control de los precios es uno de los mecanismos para controlar la inflaci\u00f3n\" La ministra de Econom\u00eda Silvina Batakis confirm\u00f3 que se encuentra trabajando en una nueva canasta de bienes y servicios de Precios Cuidados y asegur\u00f3 que \"el control de los precios es uno\u2026","rel":"","context":"En \u00abEconom\u00eda\u00bb","block_context":{"text":"Econom\u00eda","link":"http:\/\/www.24baires.com\/?cat=45"},"img":{"alt_text":"","src":"https:\/\/i0.wp.com\/www.24baires.com\/wp-content\/uploads\/2022\/07\/silvina-batakisjpg.jpg?resize=350%2C200","width":350,"height":200},"classes":[]},{"id":119082,"url":"http:\/\/www.24baires.com\/?p=119082","url_meta":{"origin":73622,"position":4},"title":"Batakis anunci\u00f3 cu\u00e1les ser\u00e1n sus medidas econ\u00f3micas","author":"AF","date":"11\/07\/2022","format":false,"excerpt":"La ministra de Econom\u00eda dio a conocer las primeras medidas que pondr\u00e1 en marcha. Tambi\u00e9n hizo un repaso de los temas centrales en materia econ\u00f3mica. El video de la conferencia de prensa de Silvina Batakis. La ministra de Econom\u00eda, Silvina Batakis, anunci\u00f3 este lunes las primeras medidas que implementar\u00e1 desde\u2026","rel":"","context":"En \u00abEconom\u00eda\u00bb","block_context":{"text":"Econom\u00eda","link":"http:\/\/www.24baires.com\/?cat=45"},"img":{"alt_text":"","src":"https:\/\/i0.wp.com\/www.24baires.com\/wp-content\/uploads\/2022\/07\/Batakis-1.jpg?resize=350%2C200","width":350,"height":200,"srcset":"https:\/\/i0.wp.com\/www.24baires.com\/wp-content\/uploads\/2022\/07\/Batakis-1.jpg?resize=350%2C200 1x, https:\/\/i0.wp.com\/www.24baires.com\/wp-content\/uploads\/2022\/07\/Batakis-1.jpg?resize=525%2C300 1.5x, https:\/\/i0.wp.com\/www.24baires.com\/wp-content\/uploads\/2022\/07\/Batakis-1.jpg?resize=700%2C400 2x"},"classes":[]},{"id":119077,"url":"http:\/\/www.24baires.com\/?p=119077","url_meta":{"origin":73622,"position":5},"title":"La pr\u00f3xima semana se habilitar\u00e1 el formulario para el subsidio de luz y gas","author":"GB","date":"11\/07\/2022","format":false,"excerpt":"La ministra de Econom\u00eda de la Naci\u00f3n, Silvina Batakis, confirm\u00f3 qu\u00e9 d\u00eda estar\u00e1 disponible el formulario para conservar los subsidios de luz y gas Luego de que el Gobierno nacional anunciara las nuevas escalas de segmentaci\u00f3n de tarifas de servicios p\u00fablicos, aquellos ciudadanos que quieran mantener los subsidios que hoy\u2026","rel":"","context":"En \u00abPol\u00edtica\u00bb","block_context":{"text":"Pol\u00edtica","link":"http:\/\/www.24baires.com\/?cat=51"},"img":{"alt_text":"","src":"https:\/\/i0.wp.com\/www.24baires.com\/wp-content\/uploads\/2016\/04\/gas-mdp.jpg?resize=350%2C200","width":350,"height":200,"srcset":"https:\/\/i0.wp.com\/www.24baires.com\/wp-content\/uploads\/2016\/04\/gas-mdp.jpg?resize=350%2C200 1x, https:\/\/i0.wp.com\/www.24baires.com\/wp-content\/uploads\/2016\/04\/gas-mdp.jpg?resize=525%2C300 1.5x, https:\/\/i0.wp.com\/www.24baires.com\/wp-content\/uploads\/2016\/04\/gas-mdp.jpg?resize=700%2C400 2x"},"classes":[]}],"jetpack_sharing_enabled":true,"jetpack_likes_enabled":true,"jetpack_featured_media_url":"","_links":{"self":[{"href":"http:\/\/www.24baires.com\/index.php?rest_route=\/wp\/v2\/posts\/73622","targetHints":{"allow":["GET"]}}],"collection":[{"href":"http:\/\/www.24baires.com\/index.php?rest_route=\/wp\/v2\/posts"}],"about":[{"href":"http:\/\/www.24baires.com\/index.php?rest_route=\/wp\/v2\/types\/post"}],"author":[{"embeddable":true,"href":"http:\/\/www.24baires.com\/index.php?rest_route=\/wp\/v2\/users\/8"}],"replies":[{"embeddable":true,"href":"http:\/\/www.24baires.com\/index.php?rest_route=%2Fwp%2Fv2%2Fcomments&post=73622"}],"version-history":[{"count":1,"href":"http:\/\/www.24baires.com\/index.php?rest_route=\/wp\/v2\/posts\/73622\/revisions"}],"predecessor-version":[{"id":73623,"href":"http:\/\/www.24baires.com\/index.php?rest_route=\/wp\/v2\/posts\/73622\/revisions\/73623"}],"wp:attachment":[{"href":"http:\/\/www.24baires.com\/index.php?rest_route=%2Fwp%2Fv2%2Fmedia&parent=73622"}],"wp:term":[{"taxonomy":"category","embeddable":true,"href":"http:\/\/www.24baires.com\/index.php?rest_route=%2Fwp%2Fv2%2Fcategories&post=73622"},{"taxonomy":"post_tag","embeddable":true,"href":"http:\/\/www.24baires.com\/index.php?rest_route=%2Fwp%2Fv2%2Ftags&post=73622"}],"curies":[{"name":"wp","href":"https:\/\/api.w.org\/{rel}","templated":true}]}}