{"id":73591,"date":"2015-10-14T22:23:22","date_gmt":"2015-10-15T01:23:22","guid":{"rendered":"http:\/\/www.24baires.com\/?p=73591"},"modified":"2015-10-15T09:42:58","modified_gmt":"2015-10-15T12:42:58","slug":"osvaldo-frances-fue-reelecto-como-presidente-de-arbia","status":"publish","type":"post","link":"http:\/\/www.24baires.com\/?p=73591","title":{"rendered":"Osvaldo Franc\u00e9s fue reelecto como Presidente de Arbia"},"content":{"rendered":"<p><img data-recalc-dims=\"1\" loading=\"lazy\" decoding=\"async\" class=\"aligncenter size-full wp-image-73592\" src=\"https:\/\/i0.wp.com\/www.24baires.com\/wp-content\/uploads\/2015\/10\/j.jpg?resize=560%2C460\" alt=\"j\" width=\"560\" height=\"460\" srcset=\"https:\/\/i0.wp.com\/www.24baires.com\/wp-content\/uploads\/2015\/10\/j.jpg?w=560 560w, https:\/\/i0.wp.com\/www.24baires.com\/wp-content\/uploads\/2015\/10\/j.jpg?resize=300%2C246 300w\" sizes=\"auto, (max-width: 560px) 100vw, 560px\" \/>Se eligi\u00f3 la Comisi\u00f3n Directiva de ARBIA por cuatro a\u00f1os m\u00e1s, en forma un\u00e1nime, por los asistentes en Asamblea General Ordinaria, siendo reelecto el marplatense Osvaldo Franc\u00e9s como titular de dicha entidad. <!--more--><\/p>\n<p>manera:<\/p>\n<p>Presidente: Osvaldo Guillermo Frances, Vicepresidente: Lucas Patricio Navarro, Secretario: Daniel Marcelo Ju\u00e1rez, Tesorero: Hector Daniel Pulido. Los Vocales titulares electos fueron: 1ro. Jorge Noguer, 2do. Javier Gonz\u00e1lez, 3ro. Jorge Antonio Leal, 4to. Emiliano Rossi y 5to. Amador Grande.<\/p>\n<p>Mientras que los Vocales Suplentes, as\u00ed quedaron constitu\u00eddos: 1ro. Mario Bevacqua, 2do. Mario Valiente, 3ro. Ricardo Adri\u00e1n Gim\u00e9nez, 4to. Ricardo Elorza y 5to. Gerardo Rodr\u00edguez.<\/p>\n<p>La Comisi\u00f3n Revisora de Cuenta que as\u00ed conformada: Revisor de Cuenta Titular: 1ro. Miguel Di Spalatro, 2do. Dardo De Crist\u00f3faro y 3ro. Daniel Fern\u00e1ndez. Mientras que como Revisor de Cuenta Suplente: fue electo Jorge Alberto Gialluca.<\/p>\n<p>&nbsp;<\/p>\n<p>&nbsp;<\/p>\n<p>&nbsp;<\/p>\n<p>&nbsp;<\/p>\n<p>&nbsp;<\/p>\n<p>&nbsp;<\/p>\n<p>&nbsp;<\/p>\n<p>&nbsp;<\/p>\n<p>&nbsp;<\/p>\n<p>&nbsp;<\/p>\n","protected":false},"excerpt":{"rendered":"<p>Se eligi\u00f3 la Comisi\u00f3n Directiva de ARBIA por cuatro a\u00f1os m\u00e1s, en forma un\u00e1nime, por los asistentes en Asamblea General Ordinaria, siendo reelecto el marplatense Osvaldo Franc\u00e9s como titular de dicha entidad.<\/p>\n","protected":false},"author":8,"featured_media":0,"comment_status":"open","ping_status":"open","sticky":false,"template":"","format":"standard","meta":{"_jetpack_newsletter_access":"","_jetpack_dont_email_post_to_subs":false,"_jetpack_newsletter_tier_id":0,"_jetpack_memberships_contains_paywalled_content":false,"_jetpack_memberships_contains_paid_content":false,"footnotes":""},"categories":[51],"tags":[],"class_list":["post-73591","post","type-post","status-publish","format-standard","hentry","category-politica"],"jetpack_shortlink":"https:\/\/wp.me\/p2JWE0-j8X","jetpack-related-posts":[{"id":70794,"url":"http:\/\/www.24baires.com\/?p=70794","url_meta":{"origin":73591,"position":0},"title":"Tinelli fue habilitado para ser candidato a presidente de AFA","author":"GB","date":"18\/08\/2015","format":false,"excerpt":"El empresario televisivo consigui\u00f3 los avales un\u00e1nimemente para cambiar el famoso art\u00edculo 50 del reglamento y est\u00e1 habilitado para ocupar el sill\u00f3n que dej\u00f3 libre Julio Grondona. A su vez, ser\u00e1 vicepresidente tercero, detr\u00e1s de Segura y D\u00b4Onofrio. La aprobaci\u00f3n oficial por unanimidad de la candidatura de Marcelo Tinelli para\u2026","rel":"","context":"En \u00abDeportes\u00bb","block_context":{"text":"Deportes","link":"http:\/\/www.24baires.com\/?cat=12"},"img":{"alt_text":"Tinelli","src":"https:\/\/i0.wp.com\/www.24baires.com\/wp-content\/uploads\/2014\/04\/Tinelli.jpg?resize=350%2C200","width":350,"height":200,"srcset":"https:\/\/i0.wp.com\/www.24baires.com\/wp-content\/uploads\/2014\/04\/Tinelli.jpg?resize=350%2C200 1x, https:\/\/i0.wp.com\/www.24baires.com\/wp-content\/uploads\/2014\/04\/Tinelli.jpg?resize=525%2C300 1.5x"},"classes":[]},{"id":7638,"url":"http:\/\/www.24baires.com\/?p=7638","url_meta":{"origin":73591,"position":1},"title":"El Foro de Medios en Azul se transmiti\u00f3 por primera vez por la Antena de TV Municipal","author":"Grupo Sierra","date":"02\/12\/2012","format":false,"excerpt":"Con la presencia del Consejero, del Consejo Federal de Comunicaci\u00f3n Audiovisual, Osvaldo Franc\u00e9s, presidente de Asociaci\u00f3n de Radiodifusoras Bonaerenses y del Interior de la Rep\u00fablica Argentina (ARBIA) y de la Confederaci\u00f3n de Radios y Medios de Comunicaci\u00f3n CoRaMeCO, se realiz\u00f3 en la ciudad de Azul un nuevo foro para esclarecer\u2026","rel":"","context":"En \u00abMedios\u00bb","block_context":{"text":"Medios","link":"http:\/\/www.24baires.com\/?cat=54"},"img":{"alt_text":"","src":"https:\/\/i0.wp.com\/www.24baires.com\/wp-content\/uploads\/2012\/12\/foro-azul-7D-300x225.jpg?resize=350%2C200","width":350,"height":200},"classes":[]},{"id":29902,"url":"http:\/\/www.24baires.com\/?p=29902","url_meta":{"origin":73591,"position":2},"title":"Se firm\u00f3 un acuerdo de cooperaci\u00f3n entre ARBIA y la Defensor\u00eda del P\u00fablico","author":"GB","date":"10\/08\/2013","format":false,"excerpt":"La Defensora del P\u00fablico de Servicios de Comunicaci\u00f3n Audiovisual, Lic. Cynthia Ottaviano y el Presidente de ARBIA, Osvaldo Franc\u00e9s, suscribieron la semana pasada, en la sede de la defensor\u00eda en la Capital Federal, un Convenio de Cooperaci\u00f3n Institucional, por el cual se oficializa el trabajo que desde el mismo momento\u2026","rel":"","context":"En \u00abMedios\u00bb","block_context":{"text":"Medios","link":"http:\/\/www.24baires.com\/?cat=54"},"img":{"alt_text":"ARBIA","src":"https:\/\/i0.wp.com\/www.24baires.com\/wp-content\/uploads\/2013\/08\/ARBIA-300x274.jpg?resize=350%2C200","width":350,"height":200},"classes":[]},{"id":35437,"url":"http:\/\/www.24baires.com\/?p=35437","url_meta":{"origin":73591,"position":3},"title":"El Consejo Federal de Comunicaci\u00f3n Audiovisual renov\u00f3 autoridades","author":"Grupo Sierra","date":"19\/11\/2013","format":false,"excerpt":"Con una composici\u00f3n renovada, tuvo lugar la onceava sesi\u00f3n extraordinaria del Cofeca. Pedro B\u00e1ez fue reelecto y continuar\u00e1 al frente del Consejo por los pr\u00f3ximos dos a\u00f1os acompa\u00f1ado por Osvaldo Franc\u00e9s en la vicepresidencia. Los consejeros propusieron a N\u00e9stor Avalle y a Eduardo Seminara para el Directorio del AFSCA y\u2026","rel":"","context":"En \u00abMedios\u00bb","block_context":{"text":"Medios","link":"http:\/\/www.24baires.com\/?cat=54"},"img":{"alt_text":"","src":"https:\/\/i0.wp.com\/www.24baires.com\/wp-content\/uploads\/2013\/11\/consejo-federal-afsca.jpg?resize=350%2C200","width":350,"height":200,"srcset":"https:\/\/i0.wp.com\/www.24baires.com\/wp-content\/uploads\/2013\/11\/consejo-federal-afsca.jpg?resize=350%2C200 1x, https:\/\/i0.wp.com\/www.24baires.com\/wp-content\/uploads\/2013\/11\/consejo-federal-afsca.jpg?resize=525%2C300 1.5x"},"classes":[]},{"id":50230,"url":"http:\/\/www.24baires.com\/?p=50230","url_meta":{"origin":73591,"position":4},"title":"M\u00e1s de 100 productoras audiovisuales se reunieron en la sede de ARBIA","author":"Grupo Sierra","date":"19\/07\/2014","format":false,"excerpt":"En la casa central de ARBIA (Asociaci\u00f3n de Radiodifusoras Bonaerenses y del Interior de Argentina) en la ciudad de Mar del Plata, con la asistencia de m\u00e1s de cien realizadores, se concret\u00f3 el Segundo Encuentro Regional de Productoras Audiovisuales organizado por AFSCA y la entidad anfitriona. Representantes de distintas organizaciones\u2026","rel":"","context":"En \u00abMedios\u00bb","block_context":{"text":"Medios","link":"http:\/\/www.24baires.com\/?cat=54"},"img":{"alt_text":"","src":"https:\/\/i0.wp.com\/www.24baires.com\/wp-content\/uploads\/2014\/07\/arbia-productoras.jpg?resize=350%2C200","width":350,"height":200,"srcset":"https:\/\/i0.wp.com\/www.24baires.com\/wp-content\/uploads\/2014\/07\/arbia-productoras.jpg?resize=350%2C200 1x, https:\/\/i0.wp.com\/www.24baires.com\/wp-content\/uploads\/2014\/07\/arbia-productoras.jpg?resize=525%2C300 1.5x"},"classes":[]},{"id":66639,"url":"http:\/\/www.24baires.com\/?p=66639","url_meta":{"origin":73591,"position":5},"title":"\u00abEste no fue otro 25 de Mayo m\u00e1s\u00bb asegur\u00f3 el titular de ARBIA","author":"Grupo Sierra","date":"27\/05\/2015","format":false,"excerpt":"El titular de ARBIA (Asociaci\u00f3n Radiodifusoras Bonaerenses y del Interior de Argentina), Osvaldo Franc\u00e9s, reflexion\u00f3 sobre la movilizaci\u00f3n del 25 de mayo pasado, en la que la asociaci\u00f3n de radiodifusoras m\u00e1s importante de la Provincia de Buenos Aires concurri\u00f3 con su propia columna. Otra vez quedo reflejado que la plaza\u2026","rel":"","context":"En \u00abMedios\u00bb","block_context":{"text":"Medios","link":"http:\/\/www.24baires.com\/?cat=54"},"img":{"alt_text":"","src":"https:\/\/i0.wp.com\/www.24baires.com\/wp-content\/uploads\/2015\/05\/arbia.jpg?resize=350%2C200","width":350,"height":200,"srcset":"https:\/\/i0.wp.com\/www.24baires.com\/wp-content\/uploads\/2015\/05\/arbia.jpg?resize=350%2C200 1x, https:\/\/i0.wp.com\/www.24baires.com\/wp-content\/uploads\/2015\/05\/arbia.jpg?resize=525%2C300 1.5x"},"classes":[]}],"jetpack_sharing_enabled":true,"jetpack_likes_enabled":true,"jetpack_featured_media_url":"","_links":{"self":[{"href":"http:\/\/www.24baires.com\/index.php?rest_route=\/wp\/v2\/posts\/73591","targetHints":{"allow":["GET"]}}],"collection":[{"href":"http:\/\/www.24baires.com\/index.php?rest_route=\/wp\/v2\/posts"}],"about":[{"href":"http:\/\/www.24baires.com\/index.php?rest_route=\/wp\/v2\/types\/post"}],"author":[{"embeddable":true,"href":"http:\/\/www.24baires.com\/index.php?rest_route=\/wp\/v2\/users\/8"}],"replies":[{"embeddable":true,"href":"http:\/\/www.24baires.com\/index.php?rest_route=%2Fwp%2Fv2%2Fcomments&post=73591"}],"version-history":[{"count":2,"href":"http:\/\/www.24baires.com\/index.php?rest_route=\/wp\/v2\/posts\/73591\/revisions"}],"predecessor-version":[{"id":73595,"href":"http:\/\/www.24baires.com\/index.php?rest_route=\/wp\/v2\/posts\/73591\/revisions\/73595"}],"wp:attachment":[{"href":"http:\/\/www.24baires.com\/index.php?rest_route=%2Fwp%2Fv2%2Fmedia&parent=73591"}],"wp:term":[{"taxonomy":"category","embeddable":true,"href":"http:\/\/www.24baires.com\/index.php?rest_route=%2Fwp%2Fv2%2Fcategories&post=73591"},{"taxonomy":"post_tag","embeddable":true,"href":"http:\/\/www.24baires.com\/index.php?rest_route=%2Fwp%2Fv2%2Ftags&post=73591"}],"curies":[{"name":"wp","href":"https:\/\/api.w.org\/{rel}","templated":true}]}}