{"id":73585,"date":"2015-10-14T21:15:55","date_gmt":"2015-10-15T00:15:55","guid":{"rendered":"http:\/\/www.24baires.com\/?p=73585"},"modified":"2015-10-14T19:52:03","modified_gmt":"2015-10-14T22:52:03","slug":"giorgi-sera-la-ministra-de-produccion-de-anibal-si-es-electo-gobernador","status":"publish","type":"post","link":"http:\/\/www.24baires.com\/?p=73585","title":{"rendered":"Giorgi ser\u00e1 la ministra de Producci\u00f3n de An\u00edbal si es electo gobernador"},"content":{"rendered":"<p><img data-recalc-dims=\"1\" loading=\"lazy\" decoding=\"async\" class=\"aligncenter size-full wp-image-73586\" src=\"https:\/\/i0.wp.com\/www.24baires.com\/wp-content\/uploads\/2015\/10\/anibal-f.jpg?resize=560%2C316\" alt=\"anibal f\" width=\"560\" height=\"316\" srcset=\"https:\/\/i0.wp.com\/www.24baires.com\/wp-content\/uploads\/2015\/10\/anibal-f.jpg?w=560 560w, https:\/\/i0.wp.com\/www.24baires.com\/wp-content\/uploads\/2015\/10\/anibal-f.jpg?resize=300%2C169 300w\" sizes=\"auto, (max-width: 560px) 100vw, 560px\" \/>El candidato a gobernador bonaerense por el Frente para la Victoria, An\u00edbal Fern\u00e1ndez, anunci\u00f3 que la actual ministra de Industria de la Naci\u00f3n, D\u00e9bora Giorgi, ocupar\u00e1 el ministerio de la Producci\u00f3n provincial si gana las elecciones el pr\u00f3ximo 25 de octubre.<!--more--><\/p>\n<p>El anuncio lo formul\u00f3 el jefe de Gabinete al presentar su gabinete industrial durante un acto que se realiz\u00f3 en el Teatro Argentino de La Plata.<\/p>\n","protected":false},"excerpt":{"rendered":"<p>El candidato a gobernador bonaerense por el Frente para la Victoria, An\u00edbal Fern\u00e1ndez, anunci\u00f3 que la actual ministra de Industria de la Naci\u00f3n, D\u00e9bora Giorgi, ocupar\u00e1 el ministerio de la Producci\u00f3n provincial si gana las elecciones el pr\u00f3ximo 25 de octubre.<\/p>\n","protected":false},"author":8,"featured_media":0,"comment_status":"open","ping_status":"open","sticky":false,"template":"","format":"standard","meta":{"_jetpack_newsletter_access":"","_jetpack_dont_email_post_to_subs":false,"_jetpack_newsletter_tier_id":0,"_jetpack_memberships_contains_paywalled_content":false,"_jetpack_memberships_contains_paid_content":false,"footnotes":""},"categories":[51],"tags":[],"class_list":["post-73585","post","type-post","status-publish","format-standard","hentry","category-politica"],"jetpack_shortlink":"https:\/\/wp.me\/p2JWE0-j8R","jetpack-related-posts":[{"id":118020,"url":"http:\/\/www.24baires.com\/?p=118020","url_meta":{"origin":73585,"position":0},"title":"\u00abNo somos parte del pa\u00eds que quiere flexibilizar derechos de los que trabajan\u00bb","author":"AF","date":"20\/09\/2021","format":false,"excerpt":"\"Cuando la gente no nos vota nos enojamos con nosotros y no con la gente\", a la vez que destac\u00f3 que en la coalici\u00f3n de gobierno los debates se dan \"de cara a la gente\", argument\u00f3 tambi\u00e9n el Presidente al encabezar el acto de jura de los nuevos ministros. El\u2026","rel":"","context":"En \u00abPol\u00edtica\u00bb","block_context":{"text":"Pol\u00edtica","link":"http:\/\/www.24baires.com\/?cat=51"},"img":{"alt_text":"","src":"https:\/\/i0.wp.com\/www.24baires.com\/wp-content\/uploads\/2021\/09\/6148f1d0c6765_1004x564.jpg?resize=350%2C200","width":350,"height":200,"srcset":"https:\/\/i0.wp.com\/www.24baires.com\/wp-content\/uploads\/2021\/09\/6148f1d0c6765_1004x564.jpg?resize=350%2C200 1x, https:\/\/i0.wp.com\/www.24baires.com\/wp-content\/uploads\/2021\/09\/6148f1d0c6765_1004x564.jpg?resize=525%2C300 1.5x"},"classes":[]},{"id":118018,"url":"http:\/\/www.24baires.com\/?p=118018","url_meta":{"origin":73585,"position":1},"title":"Asumen los nuevos ministros del Gabinete nacional","author":"GB","date":"20\/09\/2021","format":false,"excerpt":"Con el cambio de Gabinete, el presidente Alberto Fern\u00e1ndez relanzar\u00e1 su gesti\u00f3n de cara a las elecciones legislativas de noviembre. Este lunes, a las 16 en Casa Rosada, jurar\u00e1n los nuevos ministros designados por el presidente Alberto Fern\u00e1ndez. De esta forma, asumir\u00e1n formalmente sus cargos An\u00edbal Fern\u00e1ndez, al frente del\u2026","rel":"","context":"En \u00abLocales\u00bb","block_context":{"text":"Locales","link":"http:\/\/www.24baires.com\/?cat=38"},"img":{"alt_text":"","src":"https:\/\/i0.wp.com\/www.24baires.com\/wp-content\/uploads\/2017\/02\/casa-rosada.jpg?resize=350%2C200","width":350,"height":200,"srcset":"https:\/\/i0.wp.com\/www.24baires.com\/wp-content\/uploads\/2017\/02\/casa-rosada.jpg?resize=350%2C200 1x, https:\/\/i0.wp.com\/www.24baires.com\/wp-content\/uploads\/2017\/02\/casa-rosada.jpg?resize=525%2C300 1.5x"},"classes":[]},{"id":73747,"url":"http:\/\/www.24baires.com\/?p=73747","url_meta":{"origin":73585,"position":2},"title":"An\u00edbal Fern\u00e1ndez anticip\u00f3 \u00abun gabinete con los mejores\u00bb","author":"GB","date":"18\/10\/2015","format":false,"excerpt":"El jefe de Gabinete y candidato a gobernador bonaerense An\u00edbal Fern\u00e1ndez resalt\u00f3 la idoneidad de D\u00e9bora Giorgi y de Roberto Domenech, quienes ocupar\u00e1n los ministerios de Industria y de Asuntos Agrarios si el candidato del FpV se impone en las elecciones del pr\u00f3ximo domingo, al mismo tiempo que asegur\u00f3 que\u2026","rel":"","context":"En \u00abPol\u00edtica\u00bb","block_context":{"text":"Pol\u00edtica","link":"http:\/\/www.24baires.com\/?cat=51"},"img":{"alt_text":"an\u00edbal cierre","src":"https:\/\/i0.wp.com\/www.24baires.com\/wp-content\/uploads\/2015\/08\/an%C3%ADbal-cierre.jpg?resize=350%2C200","width":350,"height":200,"srcset":"https:\/\/i0.wp.com\/www.24baires.com\/wp-content\/uploads\/2015\/08\/an%C3%ADbal-cierre.jpg?resize=350%2C200 1x, https:\/\/i0.wp.com\/www.24baires.com\/wp-content\/uploads\/2015\/08\/an%C3%ADbal-cierre.jpg?resize=525%2C300 1.5x"},"classes":[]},{"id":118006,"url":"http:\/\/www.24baires.com\/?p=118006","url_meta":{"origin":73585,"position":3},"title":"Recambio de ministros: Manzur, Jefe de Gabinete y An\u00edbal Fern\u00e1ndez a Seguridad","author":"GB","date":"18\/09\/2021","format":false,"excerpt":"Wado De Pedro seguir\u00e1 en su lugar, pero se ir\u00e1n Felipe Sol\u00e1, Roberto Salvarezza y Sabina Frederic. Juan Manzur reemplaza a Cafiero que ser\u00e1 Canciller El gobierno nacional confirm\u00f3 los cambios en el gabinete de ministros y prepara un relanzamiento de la gesti\u00f3n a partir del pr\u00f3ximo lunes, con el\u2026","rel":"","context":"En \u00abPol\u00edtica\u00bb","block_context":{"text":"Pol\u00edtica","link":"http:\/\/www.24baires.com\/?cat=51"},"img":{"alt_text":"","src":"https:\/\/i0.wp.com\/www.24baires.com\/wp-content\/uploads\/2021\/09\/Zxa4bz6uJ_1256x620__1-1024x505.jpg?resize=350%2C200","width":350,"height":200,"srcset":"https:\/\/i0.wp.com\/www.24baires.com\/wp-content\/uploads\/2021\/09\/Zxa4bz6uJ_1256x620__1-1024x505.jpg?resize=350%2C200 1x, https:\/\/i0.wp.com\/www.24baires.com\/wp-content\/uploads\/2021\/09\/Zxa4bz6uJ_1256x620__1-1024x505.jpg?resize=525%2C300 1.5x"},"classes":[]},{"id":111411,"url":"http:\/\/www.24baires.com\/?p=111411","url_meta":{"origin":73585,"position":4},"title":"P\u00e9rez Corradi afirm\u00f3 que el Gobierno lo presion\u00f3 para incriminar a An\u00edbal Fern\u00e1ndez","author":"AF","date":"31\/07\/2019","format":false,"excerpt":"Desde el penal de Marcos Paz, sostuvo que la ministra de Seguridad, a trav\u00e9s de un agente de inteligencia, le hab\u00eda prometido beneficios si acusaba al ex jefe de Gabinete. Un nuevo esc\u00e1ndalo por presunta extorsi\u00f3n vuelve a involucrar a la ministra de Seguridad, Patricia Bullrich, y al de Justicia,\u2026","rel":"","context":"En \u00abJUDICIALES\u00bb","block_context":{"text":"JUDICIALES","link":"http:\/\/www.24baires.com\/?cat=68"},"img":{"alt_text":"","src":"https:\/\/i0.wp.com\/www.24baires.com\/wp-content\/uploads\/2016\/06\/ibar-p%C3%A9rez-corradi.jpg?resize=350%2C200","width":350,"height":200,"srcset":"https:\/\/i0.wp.com\/www.24baires.com\/wp-content\/uploads\/2016\/06\/ibar-p%C3%A9rez-corradi.jpg?resize=350%2C200 1x, https:\/\/i0.wp.com\/www.24baires.com\/wp-content\/uploads\/2016\/06\/ibar-p%C3%A9rez-corradi.jpg?resize=525%2C300 1.5x"},"classes":[]},{"id":118028,"url":"http:\/\/www.24baires.com\/?p=118028","url_meta":{"origin":73585,"position":5},"title":"Kicillof tom\u00f3 juramento a los ministros y los invit\u00f3 a ser \u00abun gabinete militante\u00bb","author":"AF","date":"21\/09\/2021","format":false,"excerpt":"El acto se realiz\u00f3 en el Teatro Metro de La Plata. Mart\u00edn Insaurralde jur\u00f3 como jefe de Gabinete; Carlos Bianco, ser\u00e1 jefe de asesores; Cristina \u00c1lvarez Rodr\u00edguez, ministra de Gobierno y Leonardo Nardini, ministro de Instraestructura. El gobernador de la provincia de Buenos Aires, Axel Kicillof, tom\u00f3 juramento a Mart\u00edn\u2026","rel":"","context":"En \u00abProvincia\u00bb","block_context":{"text":"Provincia","link":"http:\/\/www.24baires.com\/?cat=40"},"img":{"alt_text":"","src":"https:\/\/i0.wp.com\/www.24baires.com\/wp-content\/uploads\/2021\/09\/614a414bedf3d.09.2021-565_1004x565.jpg?resize=350%2C200","width":350,"height":200,"srcset":"https:\/\/i0.wp.com\/www.24baires.com\/wp-content\/uploads\/2021\/09\/614a414bedf3d.09.2021-565_1004x565.jpg?resize=350%2C200 1x, https:\/\/i0.wp.com\/www.24baires.com\/wp-content\/uploads\/2021\/09\/614a414bedf3d.09.2021-565_1004x565.jpg?resize=525%2C300 1.5x"},"classes":[]}],"jetpack_sharing_enabled":true,"jetpack_likes_enabled":true,"jetpack_featured_media_url":"","_links":{"self":[{"href":"http:\/\/www.24baires.com\/index.php?rest_route=\/wp\/v2\/posts\/73585","targetHints":{"allow":["GET"]}}],"collection":[{"href":"http:\/\/www.24baires.com\/index.php?rest_route=\/wp\/v2\/posts"}],"about":[{"href":"http:\/\/www.24baires.com\/index.php?rest_route=\/wp\/v2\/types\/post"}],"author":[{"embeddable":true,"href":"http:\/\/www.24baires.com\/index.php?rest_route=\/wp\/v2\/users\/8"}],"replies":[{"embeddable":true,"href":"http:\/\/www.24baires.com\/index.php?rest_route=%2Fwp%2Fv2%2Fcomments&post=73585"}],"version-history":[{"count":1,"href":"http:\/\/www.24baires.com\/index.php?rest_route=\/wp\/v2\/posts\/73585\/revisions"}],"predecessor-version":[{"id":73587,"href":"http:\/\/www.24baires.com\/index.php?rest_route=\/wp\/v2\/posts\/73585\/revisions\/73587"}],"wp:attachment":[{"href":"http:\/\/www.24baires.com\/index.php?rest_route=%2Fwp%2Fv2%2Fmedia&parent=73585"}],"wp:term":[{"taxonomy":"category","embeddable":true,"href":"http:\/\/www.24baires.com\/index.php?rest_route=%2Fwp%2Fv2%2Fcategories&post=73585"},{"taxonomy":"post_tag","embeddable":true,"href":"http:\/\/www.24baires.com\/index.php?rest_route=%2Fwp%2Fv2%2Ftags&post=73585"}],"curies":[{"name":"wp","href":"https:\/\/api.w.org\/{rel}","templated":true}]}}