{"id":73583,"date":"2015-10-14T20:00:28","date_gmt":"2015-10-14T23:00:28","guid":{"rendered":"http:\/\/www.24baires.com\/?p=73583"},"modified":"2015-10-14T19:48:12","modified_gmt":"2015-10-14T22:48:12","slug":"scioli-dice-que-negociara-la-deuda-con-los-buitres-con-firmeza","status":"publish","type":"post","link":"http:\/\/www.24baires.com\/?p=73583","title":{"rendered":"Scioli dice que negociar\u00e1 la deuda con los buitres con firmeza"},"content":{"rendered":"<p><img data-recalc-dims=\"1\" loading=\"lazy\" decoding=\"async\" class=\"aligncenter size-full wp-image-72134\" src=\"https:\/\/i0.wp.com\/www.24baires.com\/wp-content\/uploads\/2015\/09\/scioli1.jpg?resize=560%2C357\" alt=\"scioli\" width=\"560\" height=\"357\" srcset=\"https:\/\/i0.wp.com\/www.24baires.com\/wp-content\/uploads\/2015\/09\/scioli1.jpg?w=560 560w, https:\/\/i0.wp.com\/www.24baires.com\/wp-content\/uploads\/2015\/09\/scioli1.jpg?resize=300%2C191 300w\" sizes=\"auto, (max-width: 560px) 100vw, 560px\" \/>El candidato presidencial del Frente para la Victoria descart\u00f3 una devaluaci\u00f3n y sostuvo que la competitividad se mejorar\u00e1 \u00abv\u00eda costos log\u00edsticos y financieros e instrumentos fiscales\u00bb. Critic\u00f3 a Macri por su af\u00e1n de dejar que sea el mercado el que dicte la pol\u00edtica cambiaria.<!--more--><\/p>\n<p>El gobernador de la provincia de Buenos Aires y candidato presidencial por el Frente para la Victoria, Daniel Scioli, asegur\u00f3 este mi\u00e9rcoles que una negociaci\u00f3n con los holdouts por la deuda reestructurada deber\u00e1 hacerse en condiciones \u00abjustas\u00bb para el pa\u00eds.<\/p>\n<p>En una entrevista con DyN, al ser consultado \u00aben qu\u00e9 condiciones hay que negociar con los holdouts\u00bb, Scioli plante\u00f3 que debe darse en condiciones \u00abjustas, equitativas y que mantengan la sustentabilidad social, econ\u00f3mica y productiva del pa\u00eds\u00bb.<\/p>\n<p>Cuando se le pregunt\u00f3 si pueden traerse al pa\u00eds 30 mil millones de d\u00f3lares por a\u00f1o, como propuso en su campa\u00f1a, sin acordar con los fondos buitre, remarc\u00f3 que \u00abobviamente\u00bb porque \u00ablas oportunidades que hay hoy en el pa\u00eds son enormes para los inversores\u00bb.<\/p>\n<p>\u00abVeo un inter\u00e9s creciente en la matriz energ\u00e9tica, miner\u00eda sustentable, turismo y el complejo agroalimentario\u00bb, remarc\u00f3.<br \/>\nEn otro orden, dijo que mantendr\u00e1 la pol\u00edtica oficial de control sobre el precio del d\u00f3lar, al destacar la importancia de la \u00abadministraci\u00f3n responsable\u00bb de las reservas.<br \/>\nEn una entrevista concedida a la agencia de noticias DyN, Scioli descart\u00f3 una devaluaci\u00f3n y sostuvo que \u00abhoy se est\u00e1 trabajando con este tipo de cambio, y la competitividad la tenemos que mejorar v\u00eda los costos log\u00edsticos y financieros e instrumentos fiscales\u00bb.<\/p>\n<p>\u00abHay una administraci\u00f3n responsable de las reservas, y en buena hora. Ya hemos visto cuando lo dejamos librado al mercado, que es lo que dice (Mauricio) Macri, las consecuencias que eso tiene. El mercado no se ocupar\u00eda nunca de mandar el Arsat II y promover la cultura. No dio a luz a 950 chicos con la ley de fertilizaci\u00f3n gratuita asistida, no logr\u00f3 que avancemos el 40 por ciento de agua potable y cloacas, no proyecta a futuro 1 mill\u00f3n de viviendas. En todas estas iniciativas, la alianza que ahora preside Macri vot\u00f3 en contra\u00bb dispar\u00f3 el candidato del FPV.<\/p>\n<p>&nbsp;<\/p>\n<p>&nbsp;<\/p>\n<p>&nbsp;<\/p>\n<p>&nbsp;<\/p>\n<p>&nbsp;<\/p>\n<p>&nbsp;<\/p>\n<p>&nbsp;<\/p>\n<p>&nbsp;<\/p>\n<p>&nbsp;<\/p>\n<p>&nbsp;<\/p>\n<p>&nbsp;<\/p>\n<p>&nbsp;<\/p>\n","protected":false},"excerpt":{"rendered":"<p>El candidato presidencial del Frente para la Victoria descart\u00f3 una devaluaci\u00f3n y sostuvo que la competitividad se mejorar\u00e1 \u00abv\u00eda costos log\u00edsticos y financieros e instrumentos fiscales\u00bb. Critic\u00f3 a Macri por su af\u00e1n de dejar que sea el mercado el que dicte la pol\u00edtica cambiaria.<\/p>\n","protected":false},"author":8,"featured_media":0,"comment_status":"open","ping_status":"open","sticky":false,"template":"","format":"standard","meta":{"_jetpack_newsletter_access":"","_jetpack_dont_email_post_to_subs":false,"_jetpack_newsletter_tier_id":0,"_jetpack_memberships_contains_paywalled_content":false,"_jetpack_memberships_contains_paid_content":false,"footnotes":""},"categories":[51],"tags":[],"class_list":["post-73583","post","type-post","status-publish","format-standard","hentry","category-politica"],"jetpack_shortlink":"https:\/\/wp.me\/p2JWE0-j8P","jetpack-related-posts":[{"id":73738,"url":"http:\/\/www.24baires.com\/?p=73738","url_meta":{"origin":73583,"position":0},"title":"Para Scioli, la negociaci\u00f3n con los fondos buitre \u00abno es prioridad\u00bb en su agenda","author":"GB","date":"18\/10\/2015","format":false,"excerpt":"El candidato presidencial del Frente para la Victoria Daniel Scioli afirm\u00f3 que \u201cNo es una prioridad en mi agenda de trabajo\u201d al referirse a la disputa con los fondos buitre y reiter\u00f3 que nuestro pa\u00eds tiene \u201cvoluntad y capacidad de pago en condiciones justas y equitativas\u201d. \u201cNo es una prioridad\u2026","rel":"","context":"En \u00abPol\u00edtica\u00bb","block_context":{"text":"Pol\u00edtica","link":"http:\/\/www.24baires.com\/?cat=51"},"img":{"alt_text":"scioli","src":"https:\/\/i0.wp.com\/www.24baires.com\/wp-content\/uploads\/2015\/07\/scioli.jpg?resize=350%2C200","width":350,"height":200,"srcset":"https:\/\/i0.wp.com\/www.24baires.com\/wp-content\/uploads\/2015\/07\/scioli.jpg?resize=350%2C200 1x, https:\/\/i0.wp.com\/www.24baires.com\/wp-content\/uploads\/2015\/07\/scioli.jpg?resize=525%2C300 1.5x"},"classes":[]},{"id":120181,"url":"http:\/\/www.24baires.com\/?p=120181","url_meta":{"origin":73583,"position":1},"title":"El Frente de Todos pasa a llamarse \u00abUni\u00f3n por la Patria\u00bb","author":"AF","date":"14\/06\/2023","format":false,"excerpt":"Los distintos sectores que componen el frente oficialista mantienen reuniones para definir, entre otras cosas, la constituci\u00f3n de su junta partidaria y el reglamento electoral que fijar\u00e1 pisos y porcentajes para la integraci\u00f3n de listas. El Frente de Todos (FdT) se llamar\u00e1 Uni\u00f3n por la Patria (UxP) en las pr\u00f3ximas\u2026","rel":"","context":"En \u00abPol\u00edtica\u00bb","block_context":{"text":"Pol\u00edtica","link":"http:\/\/www.24baires.com\/?cat=51"},"img":{"alt_text":"","src":"https:\/\/i0.wp.com\/www.24baires.com\/wp-content\/uploads\/2023\/06\/cfk-25-5.png?resize=350%2C200","width":350,"height":200,"srcset":"https:\/\/i0.wp.com\/www.24baires.com\/wp-content\/uploads\/2023\/06\/cfk-25-5.png?resize=350%2C200 1x, https:\/\/i0.wp.com\/www.24baires.com\/wp-content\/uploads\/2023\/06\/cfk-25-5.png?resize=525%2C300 1.5x, https:\/\/i0.wp.com\/www.24baires.com\/wp-content\/uploads\/2023\/06\/cfk-25-5.png?resize=700%2C400 2x, https:\/\/i0.wp.com\/www.24baires.com\/wp-content\/uploads\/2023\/06\/cfk-25-5.png?resize=1050%2C600 3x"},"classes":[]},{"id":108387,"url":"http:\/\/www.24baires.com\/?p=108387","url_meta":{"origin":73583,"position":2},"title":"Scioli ratific\u00f3 su candidatura presidencial","author":"GB","date":"25\/05\/2019","format":false,"excerpt":"El exgobernador de la Provincia de Buenos Aires particip\u00f3 del Congreso Educativo de Ajedrez que se realiz\u00f3 en la ciudad balnearia y manifest\u00f3 sus deseos de ser el primer mandatario del pa\u00eds despu\u00e9s del 10 de diciembre, sin embargo aclar\u00f3: \u201cVer\u00e9 como peronista en qu\u00e9 lugar puedo hacer mi mayor\u2026","rel":"","context":"En \u00abPol\u00edtica\u00bb","block_context":{"text":"Pol\u00edtica","link":"http:\/\/www.24baires.com\/?cat=51"},"img":{"alt_text":"","src":"https:\/\/i0.wp.com\/www.24baires.com\/wp-content\/uploads\/2019\/05\/scioli-mar-del.jpg?resize=350%2C200","width":350,"height":200,"srcset":"https:\/\/i0.wp.com\/www.24baires.com\/wp-content\/uploads\/2019\/05\/scioli-mar-del.jpg?resize=350%2C200 1x, https:\/\/i0.wp.com\/www.24baires.com\/wp-content\/uploads\/2019\/05\/scioli-mar-del.jpg?resize=525%2C300 1.5x"},"classes":[]},{"id":74497,"url":"http:\/\/www.24baires.com\/?p=74497","url_meta":{"origin":73583,"position":3},"title":"El massismo de Chaco tambi\u00e9n oficializ\u00f3 su respaldo a la candidatura de Scioli","author":"GB","date":"02\/11\/2015","format":false,"excerpt":"Tras el apoyo a la f\u00f3rmula del FPV del ex candidato massista a gobernador de Entre R\u00edos, los referentes de ese espacio en Chaco se pronunciaron en el mismo sentido y cuestionaron a Macri por representar \"el centralismo porte\u00f1o\". Dirigentes del massismo en Chaco manifestaron este lunes, de cara al\u2026","rel":"","context":"En \u00abElecciones 2015\u00bb","block_context":{"text":"Elecciones 2015","link":"http:\/\/www.24baires.com\/?cat=74"},"img":{"alt_text":"scioli-massa1","src":"https:\/\/i0.wp.com\/www.24baires.com\/wp-content\/uploads\/2013\/08\/scioli-massa1.jpg?resize=350%2C200","width":350,"height":200,"srcset":"https:\/\/i0.wp.com\/www.24baires.com\/wp-content\/uploads\/2013\/08\/scioli-massa1.jpg?resize=350%2C200 1x, https:\/\/i0.wp.com\/www.24baires.com\/wp-content\/uploads\/2013\/08\/scioli-massa1.jpg?resize=525%2C300 1.5x"},"classes":[]},{"id":68606,"url":"http:\/\/www.24baires.com\/?p=68606","url_meta":{"origin":73583,"position":4},"title":"Zannini: \u00abHay leyes que impedir\u00edan un acuerdo con los buitres\u00bb","author":"GB","date":"05\/07\/2015","format":false,"excerpt":"El candidato a vicepresidente por el Frente para la Victoria (FpV), Carlos Zannini, asegur\u00f3 que \"hay leyes argentinas que impedir\u00edan un acuerdo con los buitres\". \"No entramos en detalle (en el tema Fondos Buitre) como no entramos en detalle en much\u00edsimos temas. Pero es respetuoso de la pol\u00edtica que conduce\u2026","rel":"","context":"En \u00abPol\u00edtica\u00bb","block_context":{"text":"Pol\u00edtica","link":"http:\/\/www.24baires.com\/?cat=51"},"img":{"alt_text":"zanini1","src":"https:\/\/i0.wp.com\/www.24baires.com\/wp-content\/uploads\/2015\/06\/zanini1.jpg?resize=350%2C200","width":350,"height":200,"srcset":"https:\/\/i0.wp.com\/www.24baires.com\/wp-content\/uploads\/2015\/06\/zanini1.jpg?resize=350%2C200 1x, https:\/\/i0.wp.com\/www.24baires.com\/wp-content\/uploads\/2015\/06\/zanini1.jpg?resize=525%2C300 1.5x"},"classes":[]},{"id":92400,"url":"http:\/\/www.24baires.com\/?p=92400","url_meta":{"origin":73583,"position":5},"title":"Cristina Kirchner compar\u00f3 la deuda del Correo Argentino con el pago a los buitres","author":"GB","date":"14\/02\/2017","format":false,"excerpt":"La expresidenta plante\u00f3 las incoherencias de Macri para calcular el pasivo de su empresa y la de los holdouts. La expresidenta Cristina Kirchner compar\u00f3 la deuda del Correo Argentino con el pago a los fondos buitres. A trav\u00e9s de Twitter, plante\u00f3 las incoherencias de Mauricio Macri para calcular el pasivo\u2026","rel":"","context":"En \u00abPol\u00edtica\u00bb","block_context":{"text":"Pol\u00edtica","link":"http:\/\/www.24baires.com\/?cat=51"},"img":{"alt_text":"","src":"https:\/\/i0.wp.com\/www.24baires.com\/wp-content\/uploads\/2016\/08\/Cristina...jpg?resize=350%2C200","width":350,"height":200,"srcset":"https:\/\/i0.wp.com\/www.24baires.com\/wp-content\/uploads\/2016\/08\/Cristina...jpg?resize=350%2C200 1x, https:\/\/i0.wp.com\/www.24baires.com\/wp-content\/uploads\/2016\/08\/Cristina...jpg?resize=525%2C300 1.5x"},"classes":[]}],"jetpack_sharing_enabled":true,"jetpack_likes_enabled":true,"jetpack_featured_media_url":"","_links":{"self":[{"href":"http:\/\/www.24baires.com\/index.php?rest_route=\/wp\/v2\/posts\/73583","targetHints":{"allow":["GET"]}}],"collection":[{"href":"http:\/\/www.24baires.com\/index.php?rest_route=\/wp\/v2\/posts"}],"about":[{"href":"http:\/\/www.24baires.com\/index.php?rest_route=\/wp\/v2\/types\/post"}],"author":[{"embeddable":true,"href":"http:\/\/www.24baires.com\/index.php?rest_route=\/wp\/v2\/users\/8"}],"replies":[{"embeddable":true,"href":"http:\/\/www.24baires.com\/index.php?rest_route=%2Fwp%2Fv2%2Fcomments&post=73583"}],"version-history":[{"count":1,"href":"http:\/\/www.24baires.com\/index.php?rest_route=\/wp\/v2\/posts\/73583\/revisions"}],"predecessor-version":[{"id":73584,"href":"http:\/\/www.24baires.com\/index.php?rest_route=\/wp\/v2\/posts\/73583\/revisions\/73584"}],"wp:attachment":[{"href":"http:\/\/www.24baires.com\/index.php?rest_route=%2Fwp%2Fv2%2Fmedia&parent=73583"}],"wp:term":[{"taxonomy":"category","embeddable":true,"href":"http:\/\/www.24baires.com\/index.php?rest_route=%2Fwp%2Fv2%2Fcategories&post=73583"},{"taxonomy":"post_tag","embeddable":true,"href":"http:\/\/www.24baires.com\/index.php?rest_route=%2Fwp%2Fv2%2Ftags&post=73583"}],"curies":[{"name":"wp","href":"https:\/\/api.w.org\/{rel}","templated":true}]}}