{"id":73575,"date":"2015-10-14T18:33:17","date_gmt":"2015-10-14T21:33:17","guid":{"rendered":"http:\/\/www.24baires.com\/?p=73575"},"modified":"2015-10-14T18:33:17","modified_gmt":"2015-10-14T21:33:17","slug":"denuncian-que-en-tigre-massa-demoro-la-inauguracion-de-un-hospital","status":"publish","type":"post","link":"http:\/\/www.24baires.com\/?p=73575","title":{"rendered":"Denuncian que en Tigre \u00abMassa demor\u00f3 la inauguraci\u00f3n de un hospital\u00bb"},"content":{"rendered":"<p><img data-recalc-dims=\"1\" loading=\"lazy\" decoding=\"async\" src=\"https:\/\/i0.wp.com\/www.24baires.com\/wp-content\/uploads\/2015\/06\/sergio-massa.jpg?resize=560%2C199\" alt=\"sergio massa\" width=\"560\" height=\"199\" class=\"aligncenter size-full wp-image-67454\" srcset=\"https:\/\/i0.wp.com\/www.24baires.com\/wp-content\/uploads\/2015\/06\/sergio-massa.jpg?w=560 560w, https:\/\/i0.wp.com\/www.24baires.com\/wp-content\/uploads\/2015\/06\/sergio-massa.jpg?resize=300%2C107 300w\" sizes=\"auto, (max-width: 560px) 100vw, 560px\" \/>El candidato presidencial de la alianza Una Nueva Alternativa (UNA) \u201ctard\u00f3 dos a\u00f1os en inaugurar el hospital materno infantil\u201d del municipio de Tigre que estaba terminado desde 2013 y cuya construcci\u00f3n fue totalmente financiada por el Estado Nacional, seg\u00fan denunci\u00f3 el concejal del Frente para la Victoria (FpV) Federico Ugo.<!--more--><\/p>\n<p>\u201cLo inauguraron de urgencia el viernes pasado, porque nosotros denunciamos que el hospital estaba terminado desde hac\u00eda 2 a\u00f1os y no lo hab\u00edan abierto\u201d, explic\u00f3 Ugo hoy a T\u00e9lam.<\/p>\n<p>\u201cLo que hizo Massa el viernes en realidad fue trasladar la maternidad que estaba en Tigre Centro a este nuevo edificio, no es que inauguraron un nuevo servicio para los vecinos\u201d, afirm\u00f3 el edil kirchnerista y a\u00f1adi\u00f3: \u201ctrasladaron el servicio de un edificio viejo a uno m\u00e1s nuevo\u201d.<\/p>\n<p>El edil record\u00f3 hoy que el 31 de agosto pasado el ministro de Salud de la Naci\u00f3n, Daniel Gollan, reclam\u00f3 su urgente apertura y destac\u00f3 que el Estado Nacional invirti\u00f3 unos 200 millones de pesos para su construcci\u00f3n.<\/p>\n<p>\u00abHace mucho tiempo la Naci\u00f3n entreg\u00f3 llave en mano al municipio este hospital para empezar a trabajar con prontitud, pero a la fecha no est\u00e1 funcionando\u00bb, hab\u00eda se\u00f1alado entonces Gollan tras realizar una recorrida por el nosocomio con el prop\u00f3sito de constatar el estado de las obras.<br \/>\nSe  trata del Hospital Materno Infantil Municipal \u00abDr. Florencio Escard\u00f3\u00bb que se encuentra ubicado en las calles Sarmiento y Mendoza en el barrio de Carup\u00e1. En sus 11.800 metros cuadrados se distribuyen unos 5 pabellones que a su vez cuentan con 100 camas de internaci\u00f3n y consultorios externos para todas las especialidades de pediatr\u00eda y obstetricia y de consultas para la atenci\u00f3n de madres y ni\u00f1os.<\/p>\n<p>\u201cLo que da bronca es que Massa ahora dice que lo inaugur\u00f3 con fondos municipales\u201d, manifest\u00f3 Ugo, a la vez apunt\u00f3 que \u201cla idea original cuando la gestiona el vecinalismo era temer un hospital municipal general como lo tienen San Isidro y Vicente L\u00f3pez\u201d.<\/p>\n<p>Seg\u00fan el concejal del Frente para la Victoria, \u201cla inauguraci\u00f3n que hizo Massa el viernes fue un acto electoral, tiene que ver con las elecciones y no pensando en la necesidad de salud que tiene la poblaci\u00f3n de Tigre\u201d.<\/p>\n<p>\u201cNosotros necesitamos un segundo hospital cl\u00ednico, ya que hay uno provincial en General Pacheco y tiene una gran demanda que necesitamos descomprimir un poco\u201d, subray\u00f3.<\/p>\n<p>Dijo tambi\u00e9n que Tigre cuenta con 20 centros de salud \u201cen donde el 90 por ciento no tiene guardias ni los insumos suficientes, por eso insisto en que no es s\u00f3lo el tema de tener m\u00e1s servicios sino adem\u00e1s de tener servicios de calidad\u201d.<\/p>\n<p>\u201cOtro tema vinculado a la salud, muy grave en Tigre, es la falta de cloacas y agua potable, porque el 80 por ciento de la poblaci\u00f3n de Tigre no tiene cloacas\u201d, remarc\u00f3 y precis\u00f3 que \u201cla responsabilidad municipal era proporcionar el equipamiento, los insumos sanitarios y los profesionales, lo que reci\u00e9n hizo despu\u00e9s de dos a\u00f1os\u201d.<\/p>\n<p>El viernes pasado en la inauguraci\u00f3n, Massa dijo: \u201cnuevamente hablamos con hechos. Estamos comprometidos con un Estado eficiente de calidad que le resuelva los problemas a la gente, no la vida a los pol\u00edticos\u201d.<\/p>\n<p>\u201cLos hijos de Tigre se iban a otro lado, por eso cuando llegamos construimos el materno infantil\u201d, resalt\u00f3 para se\u00f1alar finalmente que \u201cno hay sue\u00f1os imposibles, por eso lo plasmamos en cada acci\u00f3n de gobierno, queremos que  los dem\u00e1s vengan y aprendan de nosotros\u00bb.<\/p>\n","protected":false},"excerpt":{"rendered":"<p>El candidato presidencial de la alianza Una Nueva Alternativa (UNA) \u201ctard\u00f3 dos a\u00f1os en inaugurar el hospital materno infantil\u201d del municipio de Tigre que estaba terminado desde 2013 y cuya construcci\u00f3n fue totalmente financiada por el Estado Nacional, seg\u00fan denunci\u00f3 el concejal del Frente para la Victoria (FpV) Federico Ugo.<\/p>\n","protected":false},"author":8,"featured_media":0,"comment_status":"open","ping_status":"open","sticky":false,"template":"","format":"standard","meta":{"_jetpack_newsletter_access":"","_jetpack_dont_email_post_to_subs":false,"_jetpack_newsletter_tier_id":0,"_jetpack_memberships_contains_paywalled_content":false,"_jetpack_memberships_contains_paid_content":false,"footnotes":""},"categories":[51],"tags":[],"class_list":["post-73575","post","type-post","status-publish","format-standard","hentry","category-politica"],"jetpack_shortlink":"https:\/\/wp.me\/p2JWE0-j8H","jetpack-related-posts":[{"id":50096,"url":"http:\/\/www.24baires.com\/?p=50096","url_meta":{"origin":73575,"position":0},"title":"Tigre: denuncian un intento de privatizaci\u00f3n del R\u00edo Luj\u00e1n","author":"Grupo Sierra","date":"17\/07\/2014","format":false,"excerpt":"Un concejal del FpV explic\u00f3 que \"quieren separar los barrios privados de Punta Querand\u00ed, un lugar religioso de pueblos originarios de la zona\". El concejal del Frente para la Victoria de Tigre, Federico Ugo, denunci\u00f3 hoy que la mayor empresa inmobiliaria del distrito, vinculada con un ex asesor del diputado\u2026","rel":"","context":"En \u00abLocales\u00bb","block_context":{"text":"Locales","link":"http:\/\/www.24baires.com\/?cat=38"},"img":{"alt_text":"","src":"https:\/\/i0.wp.com\/www.24baires.com\/wp-content\/uploads\/2014\/07\/tigre-r%C3%ADo-luj%C3%A1n.jpg?resize=350%2C200","width":350,"height":200,"srcset":"https:\/\/i0.wp.com\/www.24baires.com\/wp-content\/uploads\/2014\/07\/tigre-r%C3%ADo-luj%C3%A1n.jpg?resize=350%2C200 1x, https:\/\/i0.wp.com\/www.24baires.com\/wp-content\/uploads\/2014\/07\/tigre-r%C3%ADo-luj%C3%A1n.jpg?resize=525%2C300 1.5x"},"classes":[]},{"id":44620,"url":"http:\/\/www.24baires.com\/?p=44620","url_meta":{"origin":73575,"position":1},"title":"Tigre: denuncian el tercer &#8216;impuestazo&#8217; del massismo en lo que va de 2014","author":"GB","date":"24\/04\/2014","format":false,"excerpt":"\u201cYa realizaron tres aumentos de los impuestos municipales en s\u00f3lo cuatro meses\u201d, cuestion\u00f3 el concejal del FpV, Federico Ugo, y carg\u00f3 contra los aumentos de las tasas municipales. La primera de estas subas fue contemplada en la Ordenanza Fiscal de 2014, aprobada en medio de un esc\u00e1ndalo a fines del\u2026","rel":"","context":"En \u00abMunicipios\u00bb","block_context":{"text":"Municipios","link":"http:\/\/www.24baires.com\/?cat=44"},"img":{"alt_text":"edil fpv","src":"https:\/\/i0.wp.com\/www.24baires.com\/wp-content\/uploads\/2014\/04\/edil-fpv-300x180.jpg?resize=350%2C200","width":350,"height":200},"classes":[]},{"id":60458,"url":"http:\/\/www.24baires.com\/?p=60458","url_meta":{"origin":73575,"position":2},"title":"Tigre: nuevo tarifazo municipal sin la aprobaci\u00f3n del Concejo","author":"AF","date":"21\/01\/2015","format":false,"excerpt":"El intendente massista Julio Zamora decret\u00f3 un aumento del 6 por ciento de las tasa municipales. Seg\u00fan la oposici\u00f3n, el verdadero motivo del incremento se vincula con la terciarizaci\u00f3n de servicios que deber\u00edan ser municipales. El intendente de Tigre, Julio Zamora, decidi\u00f3 aumentar nuevamente las tasas municipales en un 6\u2026","rel":"","context":"En \u00abLocales\u00bb","block_context":{"text":"Locales","link":"http:\/\/www.24baires.com\/?cat=38"},"img":{"alt_text":"","src":"https:\/\/i0.wp.com\/www.24baires.com\/wp-content\/uploads\/2015\/01\/massa-zamora.jpg?resize=350%2C200","width":350,"height":200,"srcset":"https:\/\/i0.wp.com\/www.24baires.com\/wp-content\/uploads\/2015\/01\/massa-zamora.jpg?resize=350%2C200 1x, https:\/\/i0.wp.com\/www.24baires.com\/wp-content\/uploads\/2015\/01\/massa-zamora.jpg?resize=525%2C300 1.5x"},"classes":[]},{"id":62429,"url":"http:\/\/www.24baires.com\/?p=62429","url_meta":{"origin":73575,"position":3},"title":"Detuvieron a precandidato a intendente del FPV mientras realizaba una protesta","author":"GB","date":"28\/02\/2015","format":false,"excerpt":"TIGRE-Se trata de Federico Ugo, quien adem\u00e1s es jefe del bloque de concejales de ese espacio pol\u00edtico.Tambi\u00e9n fueron detenidos un cooperativistas y militantes. Estaban organizando una una actividad en un barrio. El jefe de bloque de concejales del Frente para la Victoria y precandidato a intendente de Tigre, Federico Ugo,\u2026","rel":"","context":"En \u00abMunicipios\u00bb","block_context":{"text":"Municipios","link":"http:\/\/www.24baires.com\/?cat=44"},"img":{"alt_text":"","src":"https:\/\/i0.wp.com\/www.24baires.com\/wp-content\/uploads\/2015\/02\/detencion-en-tigre.jpg?resize=350%2C200","width":350,"height":200},"classes":[]},{"id":65410,"url":"http:\/\/www.24baires.com\/?p=65410","url_meta":{"origin":73575,"position":4},"title":"\u00abEn Tigre convivimos con los empresarios de las drogas y se estigmatiza a nuestros j\u00f3venes\u00bb","author":"GB","date":"06\/05\/2015","format":false,"excerpt":"El concejal local Federico Ugo estuvo en el Primer Foro Participativo para la Prevenci\u00f3n de Adicciones, organizado por la SEDRONAR, en el hospital de Pacheco. Tuvo duros conceptos para la situaci\u00f3n del distrito insignia del massismo. \"En Tigre no existe ning\u00fan \u00e1rea donde acudir si tenemos un familiar o un\u2026","rel":"","context":"En \u00abMunicipios\u00bb","block_context":{"text":"Municipios","link":"http:\/\/www.24baires.com\/?cat=44"},"img":{"alt_text":"","src":"https:\/\/i0.wp.com\/www.24baires.com\/wp-content\/uploads\/2015\/05\/ugo1.jpg?resize=350%2C200","width":350,"height":200,"srcset":"https:\/\/i0.wp.com\/www.24baires.com\/wp-content\/uploads\/2015\/05\/ugo1.jpg?resize=350%2C200 1x, https:\/\/i0.wp.com\/www.24baires.com\/wp-content\/uploads\/2015\/05\/ugo1.jpg?resize=525%2C300 1.5x"},"classes":[]},{"id":49558,"url":"http:\/\/www.24baires.com\/?p=49558","url_meta":{"origin":73575,"position":5},"title":"Denuncian otro aumento de tasas en Tigre","author":"GB","date":"09\/07\/2014","format":false,"excerpt":"Es el quinto incremento en los impuestos municipales que aprueba el massismo en la comuna de su l\u00edder, Sergio Massa. Fuerte rechazo del FpV. En una sesi\u00f3n con algo de pol\u00e9mica, la mayor\u00eda que tiene el Frente Renovador dentro del Concejo Deliberante sirvi\u00f3 para aumentar, nuevamente, las tasas municipales de\u2026","rel":"","context":"En \u00abMunicipios\u00bb","block_context":{"text":"Municipios","link":"http:\/\/www.24baires.com\/?cat=44"},"img":{"alt_text":"","src":"","width":0,"height":0},"classes":[]}],"jetpack_sharing_enabled":true,"jetpack_likes_enabled":true,"jetpack_featured_media_url":"","_links":{"self":[{"href":"http:\/\/www.24baires.com\/index.php?rest_route=\/wp\/v2\/posts\/73575","targetHints":{"allow":["GET"]}}],"collection":[{"href":"http:\/\/www.24baires.com\/index.php?rest_route=\/wp\/v2\/posts"}],"about":[{"href":"http:\/\/www.24baires.com\/index.php?rest_route=\/wp\/v2\/types\/post"}],"author":[{"embeddable":true,"href":"http:\/\/www.24baires.com\/index.php?rest_route=\/wp\/v2\/users\/8"}],"replies":[{"embeddable":true,"href":"http:\/\/www.24baires.com\/index.php?rest_route=%2Fwp%2Fv2%2Fcomments&post=73575"}],"version-history":[{"count":1,"href":"http:\/\/www.24baires.com\/index.php?rest_route=\/wp\/v2\/posts\/73575\/revisions"}],"predecessor-version":[{"id":73576,"href":"http:\/\/www.24baires.com\/index.php?rest_route=\/wp\/v2\/posts\/73575\/revisions\/73576"}],"wp:attachment":[{"href":"http:\/\/www.24baires.com\/index.php?rest_route=%2Fwp%2Fv2%2Fmedia&parent=73575"}],"wp:term":[{"taxonomy":"category","embeddable":true,"href":"http:\/\/www.24baires.com\/index.php?rest_route=%2Fwp%2Fv2%2Fcategories&post=73575"},{"taxonomy":"post_tag","embeddable":true,"href":"http:\/\/www.24baires.com\/index.php?rest_route=%2Fwp%2Fv2%2Ftags&post=73575"}],"curies":[{"name":"wp","href":"https:\/\/api.w.org\/{rel}","templated":true}]}}