{"id":73572,"date":"2015-10-14T17:30:14","date_gmt":"2015-10-14T20:30:14","guid":{"rendered":"http:\/\/www.24baires.com\/?p=73572"},"modified":"2015-10-14T16:38:57","modified_gmt":"2015-10-14T19:38:57","slug":"perito-policial-confirmo-que-nisman-estaba-solo-en-el-bano","status":"publish","type":"post","link":"http:\/\/www.24baires.com\/?p=73572","title":{"rendered":"Perito policial confirm\u00f3 que Nisman estaba solo en el ba\u00f1o"},"content":{"rendered":"<p>Un perito de la Polic\u00eda Federal descart\u00f3 la presencia de una segunda persona en el ba\u00f1o del departamento en la torre Le Parc de Puerto Madero donde fue encontrado muerto el fiscal Alberto Nisman, al declarar como testigo ante la fiscal Viviana Fein.<!--more--><\/p>\n<p>Se trata del principal de la Polic\u00eda Federal y perito qu\u00edmico Juan Osvaldo Ronelli quien declar\u00f3 \u00abs\u00ed se puede descartar la presencia de una segunda persona en el ba\u00f1o\u00bb del departamento donde se encontr\u00f3 a Nisman sin vida.<\/p>\n<p>\u00abEl an\u00e1lisis pormenorizado hecho por la junta criminal\u00edstica en cuanto a las fotos, los videos, la situaci\u00f3n en el ba\u00f1o y las posibilidades a partir de las manchas (de sangre) lo posicionan a Nisman frente al espejo con doble empu\u00f1amiento, y las manchas por backspatter en el piso, en el inodoro, en la mesada y las que se encuentran un poco hacia atr\u00e1s de donde hubiera estado el cuerpo con orientaci\u00f3n hacia el inodoro, descartan la interposici\u00f3n de una segunda persona\u00bb, declar\u00f3 bajo juramento el perito.<\/p>\n<p>Ronelli fue citado por Fein para aclarar algunos puntos sobre el peritaje criminal\u00edstico y controversias entre los peritos oficiales, los que representan al empleado inform\u00e1tico Diego Lagomarsino y los de la querella por las hijas de Nisman.<\/p>\n<p>\u00abNo hay indicios o patrones de sangre que indiquen arrastre, contacto, movimiento del cuerpo, restos de sangre lavada, sino todo lo contrario. La presencia de manchas de backspatter no posibilitan la interposici\u00f3n de una persona. Sumado a esto, la proyecci\u00f3n por salpicadura son las t\u00edpicas que posee en las dos manos\u00bb, aclar\u00f3.<\/p>\n<p>Sobre la posici\u00f3n de Nisman al momento del disparo, el perito dijo que \u00abno hay evidencias o rastros en cuanto a patrones de manchas de sangre que puedan aseverar o llegar a la conclusi\u00f3n que pudiese haber estado de rodilla a tierra. No hay proyecci\u00f3n, hay goteo (de sangre). La altura va de 50 a 80 cent\u00edmetros y las manchas sobre la manija de la cajonera, el vanitory, m\u00e1s las de la alfombra, tambi\u00e9n son por goteo\u00bb.<\/p>\n","protected":false},"excerpt":{"rendered":"<p>Un perito de la Polic\u00eda Federal descart\u00f3 la presencia de una segunda persona en el ba\u00f1o del departamento en la torre Le Parc de Puerto Madero donde fue encontrado muerto el fiscal Alberto Nisman, al declarar como testigo ante la fiscal Viviana Fein.<\/p>\n","protected":false},"author":8,"featured_media":0,"comment_status":"open","ping_status":"open","sticky":false,"template":"","format":"standard","meta":{"_jetpack_newsletter_access":"","_jetpack_dont_email_post_to_subs":false,"_jetpack_newsletter_tier_id":0,"_jetpack_memberships_contains_paywalled_content":false,"_jetpack_memberships_contains_paid_content":false,"footnotes":""},"categories":[51],"tags":[],"class_list":["post-73572","post","type-post","status-publish","format-standard","hentry","category-politica"],"jetpack_shortlink":"https:\/\/wp.me\/p2JWE0-j8E","jetpack-related-posts":[{"id":61731,"url":"http:\/\/www.24baires.com\/?p=61731","url_meta":{"origin":73572,"position":0},"title":"Hallaron manchas de sangre y pelos tras inspecci\u00f3n en el departamento de Nisman","author":"GB","date":"13\/02\/2015","format":false,"excerpt":"Manchas de sangre, detectadas con luminol, y una serie de pelos que no se sabe a qui\u00e9n pertenecen fueron encontrados este viernes en el departamento de Puerto Madero donde fue encontrado muerto el fiscal Alberto Nisman el pasado 18 de enero, en el marco de una nueva inspecci\u00f3n pedida por\u2026","rel":"","context":"En \u00abLocales\u00bb","block_context":{"text":"Locales","link":"http:\/\/www.24baires.com\/?cat=38"},"img":{"alt_text":"autopsia","src":"https:\/\/i0.wp.com\/www.24baires.com\/wp-content\/uploads\/2015\/01\/autopsia.jpg?resize=350%2C200","width":350,"height":200,"srcset":"https:\/\/i0.wp.com\/www.24baires.com\/wp-content\/uploads\/2015\/01\/autopsia.jpg?resize=350%2C200 1x, https:\/\/i0.wp.com\/www.24baires.com\/wp-content\/uploads\/2015\/01\/autopsia.jpg?resize=525%2C300 1.5x"},"classes":[]},{"id":60322,"url":"http:\/\/www.24baires.com\/?p=60322","url_meta":{"origin":73572,"position":1},"title":"La vaina servida se dispar\u00f3 del arma hallada debajo del cuerpo de Nisman","author":"AF","date":"19\/01\/2015","format":false,"excerpt":"As\u00ed lo confirmaron peritos de la Polic\u00eda Federal, quienes analizan el plomo extra\u00eddo de la cabeza del fiscal con la pistola calibre .22 que se encontr\u00f3 debajo de su cuerpo. Tambi\u00e9n se comprob\u00f3 que el arma hab\u00eda sido disparada recientemente. La vaina servida que se encontr\u00f3 junto al cad\u00e1ver del\u2026","rel":"","context":"En \u00abJUDICIALES\u00bb","block_context":{"text":"JUDICIALES","link":"http:\/\/www.24baires.com\/?cat=68"},"img":{"alt_text":"Alberto-Nisman","src":"https:\/\/i0.wp.com\/www.24baires.com\/wp-content\/uploads\/2015\/01\/Alberto-Nisman.jpg?resize=350%2C200","width":350,"height":200,"srcset":"https:\/\/i0.wp.com\/www.24baires.com\/wp-content\/uploads\/2015\/01\/Alberto-Nisman.jpg?resize=350%2C200 1x, https:\/\/i0.wp.com\/www.24baires.com\/wp-content\/uploads\/2015\/01\/Alberto-Nisman.jpg?resize=525%2C300 1.5x"},"classes":[]},{"id":65955,"url":"http:\/\/www.24baires.com\/?p=65955","url_meta":{"origin":73572,"position":2},"title":"La junta m\u00e9dica elevar\u00e1 hoy el informe sobre la muerte de Nisman","author":"AF","date":"15\/05\/2015","format":false,"excerpt":"La junta para intentar determinar si el fiscal Alberto Nisman se suicid\u00f3 o fue asesinado concluy\u00f3 el lunes su labor y el informe ser\u00eda enviado este mismo viernes a la fiscal Viviana Fein o despu\u00e9s del fin de semana. Fuentes de la investigaci\u00f3n indicaron, a su vez, que el trabajo\u2026","rel":"","context":"En \u00abJUDICIALES\u00bb","block_context":{"text":"JUDICIALES","link":"http:\/\/www.24baires.com\/?cat=68"},"img":{"alt_text":"","src":"","width":0,"height":0},"classes":[]},{"id":102494,"url":"http:\/\/www.24baires.com\/?p=102494","url_meta":{"origin":73572,"position":3},"title":"La C\u00e1mara \u00abreflot\u00f3\u00bb la causa Nisman y asegura que se trat\u00f3 de un crimen","author":"AF","date":"01\/06\/2018","format":false,"excerpt":"Confirm\u00f3 que el ex juez Alberto Nisman fue asesinado. Agregaron que el motivo fue su denuncia contra Cristina Kirchner. Adem\u00e1s dejaron firme el procesamiento de Diego Lagomarsino. La C\u00e1mara Federal hizo su aparici\u00f3n en medio de la debacle econ\u00f3mica que enfrenta el gobierno de Mauricio Macri. Entre masivas manifestaciones en\u2026","rel":"","context":"En \u00abJUDICIALES\u00bb","block_context":{"text":"JUDICIALES","link":"http:\/\/www.24baires.com\/?cat=68"},"img":{"alt_text":"","src":"https:\/\/i0.wp.com\/www.24baires.com\/wp-content\/uploads\/2015\/07\/nisman.jpg?resize=350%2C200","width":350,"height":200,"srcset":"https:\/\/i0.wp.com\/www.24baires.com\/wp-content\/uploads\/2015\/07\/nisman.jpg?resize=350%2C200 1x, https:\/\/i0.wp.com\/www.24baires.com\/wp-content\/uploads\/2015\/07\/nisman.jpg?resize=525%2C300 1.5x"},"classes":[]},{"id":61015,"url":"http:\/\/www.24baires.com\/?p=61015","url_meta":{"origin":73572,"position":4},"title":"Confirman que el \u00fanico ADN hallado en la escena es de Nisman","author":"Grupo Sierra","date":"30\/01\/2015","format":false,"excerpt":"Las muestras de ADN recogidas en el departamento del fiscal poco despu\u00e9s de encontrar su cuerpo sin vida corresponden \u201cde modo categ\u00f3rico\u201d a su perfil gen\u00e9tico, inform\u00f3 un comunicado de la fiscal Viviana Fein. La pericia, de vital importancia para determinar si se trat\u00f3 de un suicidio o de un\u2026","rel":"","context":"En \u00abPoliciales\u00bb","block_context":{"text":"Policiales","link":"http:\/\/www.24baires.com\/?cat=49"},"img":{"alt_text":"casa nisman","src":"https:\/\/i0.wp.com\/www.24baires.com\/wp-content\/uploads\/2015\/01\/casa-nisman.jpg?resize=350%2C200","width":350,"height":200,"srcset":"https:\/\/i0.wp.com\/www.24baires.com\/wp-content\/uploads\/2015\/01\/casa-nisman.jpg?resize=350%2C200 1x, https:\/\/i0.wp.com\/www.24baires.com\/wp-content\/uploads\/2015\/01\/casa-nisman.jpg?resize=525%2C300 1.5x"},"classes":[]},{"id":60306,"url":"http:\/\/www.24baires.com\/?p=60306","url_meta":{"origin":73572,"position":5},"title":"Encontraron muerto en su casa al fiscal Nisman","author":"AF","date":"19\/01\/2015","format":false,"excerpt":"El fiscal federal Alberto Nisman fue encontrado sin vida el domingo por la noche en el ba\u00f1o de su departamento de Puerto Madero junto a un arma de fuego y un casquillo de bala calibre 22, luego de que su madre ingresara a la vivienda alertada por la custodia del\u2026","rel":"","context":"En \u00abPoliciales\u00bb","block_context":{"text":"Policiales","link":"http:\/\/www.24baires.com\/?cat=49"},"img":{"alt_text":"","src":"https:\/\/i0.wp.com\/www.24baires.com\/wp-content\/uploads\/2015\/01\/casa-nisman.jpg?resize=350%2C200","width":350,"height":200,"srcset":"https:\/\/i0.wp.com\/www.24baires.com\/wp-content\/uploads\/2015\/01\/casa-nisman.jpg?resize=350%2C200 1x, https:\/\/i0.wp.com\/www.24baires.com\/wp-content\/uploads\/2015\/01\/casa-nisman.jpg?resize=525%2C300 1.5x"},"classes":[]}],"jetpack_sharing_enabled":true,"jetpack_likes_enabled":true,"jetpack_featured_media_url":"","_links":{"self":[{"href":"http:\/\/www.24baires.com\/index.php?rest_route=\/wp\/v2\/posts\/73572","targetHints":{"allow":["GET"]}}],"collection":[{"href":"http:\/\/www.24baires.com\/index.php?rest_route=\/wp\/v2\/posts"}],"about":[{"href":"http:\/\/www.24baires.com\/index.php?rest_route=\/wp\/v2\/types\/post"}],"author":[{"embeddable":true,"href":"http:\/\/www.24baires.com\/index.php?rest_route=\/wp\/v2\/users\/8"}],"replies":[{"embeddable":true,"href":"http:\/\/www.24baires.com\/index.php?rest_route=%2Fwp%2Fv2%2Fcomments&post=73572"}],"version-history":[{"count":1,"href":"http:\/\/www.24baires.com\/index.php?rest_route=\/wp\/v2\/posts\/73572\/revisions"}],"predecessor-version":[{"id":73573,"href":"http:\/\/www.24baires.com\/index.php?rest_route=\/wp\/v2\/posts\/73572\/revisions\/73573"}],"wp:attachment":[{"href":"http:\/\/www.24baires.com\/index.php?rest_route=%2Fwp%2Fv2%2Fmedia&parent=73572"}],"wp:term":[{"taxonomy":"category","embeddable":true,"href":"http:\/\/www.24baires.com\/index.php?rest_route=%2Fwp%2Fv2%2Fcategories&post=73572"},{"taxonomy":"post_tag","embeddable":true,"href":"http:\/\/www.24baires.com\/index.php?rest_route=%2Fwp%2Fv2%2Ftags&post=73572"}],"curies":[{"name":"wp","href":"https:\/\/api.w.org\/{rel}","templated":true}]}}