{"id":73543,"date":"2015-10-14T11:30:10","date_gmt":"2015-10-14T14:30:10","guid":{"rendered":"http:\/\/www.24baires.com\/?p=73543"},"modified":"2015-10-14T11:43:51","modified_gmt":"2015-10-14T14:43:51","slug":"cuatro-candidatos-presidenciales-se-mostraran-en-el-coloquio-de-idea-en-mar-del-plata","status":"publish","type":"post","link":"http:\/\/www.24baires.com\/?p=73543","title":{"rendered":"Cuatro candidatos presidenciales se mostrar\u00e1n en el Coloquio de IDEA en Mar del Plata"},"content":{"rendered":"<p>Con la participaci\u00f3n de cuatro candidatos presidenciales y cinco gobernadores electos, se iniciar\u00e1 este mi\u00e9rcoles en la ciudad de Mar del Plata el 51\u00ba Coloquio del Instituto para el Desarrollo Empresarial de la Argentina (IDEA), el foro anual de debate que este a\u00f1o pol\u00edtico har\u00e1 centro, adem\u00e1s, en la creaci\u00f3n de empleo, la \u00e9tica y los valores republicanos.<!--more--><\/p>\n<p>El encuentro, que se desarrollar\u00e1 hasta el viernes bajo el t\u00edtulo \u00abTiempo de Acordar y Hacer\u00bb y que este a\u00f1o agot\u00f3 todos los cupos previstos en cuanto a asistentes, ser\u00e1 inaugurado por el candidato a presidente por el Frente para la Victoria, Daniel Scioli, quien brindar\u00e1 una exposici\u00f3n hoy por la noche, tras las palabras de apertura de Ignacio Stegmann, titular de IDEA.<\/p>\n<p>El jueves, a las 17, ser\u00e1 el turno del candidato del Frente Renovador, Sergio Massa, mientras que el viernes a las 16 expondr\u00e1 la postulante por Progresistas, Margarita Stolbizer. La ronda de aspirantes a la primera magistratura cerrar\u00e1 el viernes a las 18,30 con la palabra del candidato por Cambiemos, Mauricio Macri.<\/p>\n","protected":false},"excerpt":{"rendered":"<p>Con la participaci\u00f3n de cuatro candidatos presidenciales y cinco gobernadores electos, se iniciar\u00e1 este mi\u00e9rcoles en la ciudad de Mar del Plata el 51\u00ba Coloquio del Instituto para el Desarrollo Empresarial de la Argentina (IDEA), el foro anual de debate que este a\u00f1o pol\u00edtico har\u00e1 centro, adem\u00e1s, en la creaci\u00f3n de empleo, la \u00e9tica y los valores republicanos.<\/p>\n","protected":false},"author":4,"featured_media":0,"comment_status":"open","ping_status":"open","sticky":false,"template":"","format":"standard","meta":{"_jetpack_newsletter_access":"","_jetpack_dont_email_post_to_subs":false,"_jetpack_newsletter_tier_id":0,"_jetpack_memberships_contains_paywalled_content":false,"_jetpack_memberships_contains_paid_content":false,"footnotes":""},"categories":[51],"tags":[],"class_list":["post-73543","post","type-post","status-publish","format-standard","hentry","category-politica"],"jetpack_shortlink":"https:\/\/wp.me\/p2JWE0-j8b","jetpack-related-posts":[{"id":98048,"url":"http:\/\/www.24baires.com\/?p=98048","url_meta":{"origin":73543,"position":0},"title":"Macri y Cristina coinciden en Mar del Plata","author":"GB","date":"13\/10\/2017","format":false,"excerpt":"El Presidente estar\u00e1 hoy en el cierre del Coloquio de Idea. Y la ex presidenta encabezar\u00e1 un acto en la ciudad El presidente Mauricio Macri y la ex presidenta Cristina Fern\u00e1ndez de Kirchner coincidir\u00e1n este viernes en visitar Mar del Plataa la misma vez, pero con agendas y p\u00fablicos diferentes.\u2026","rel":"","context":"En \u00abPol\u00edtica\u00bb","block_context":{"text":"Pol\u00edtica","link":"http:\/\/www.24baires.com\/?cat=51"},"img":{"alt_text":"","src":"https:\/\/i0.wp.com\/www.24baires.com\/wp-content\/uploads\/2013\/09\/Cristina.Macri_.jpg?resize=350%2C200","width":350,"height":200,"srcset":"https:\/\/i0.wp.com\/www.24baires.com\/wp-content\/uploads\/2013\/09\/Cristina.Macri_.jpg?resize=350%2C200 1x, https:\/\/i0.wp.com\/www.24baires.com\/wp-content\/uploads\/2013\/09\/Cristina.Macri_.jpg?resize=525%2C300 1.5x"},"classes":[]},{"id":56018,"url":"http:\/\/www.24baires.com\/?p=56018","url_meta":{"origin":73543,"position":1},"title":"\u00abLa Grieta\u00bb tambi\u00e9n cruz\u00f3 al Coloquio de IDEA","author":"GB","date":"25\/10\/2014","format":false,"excerpt":"MAR DEL PLATA-A ra\u00edz de la primera jornada del IDEA, desarrollada en \u00a0la ciudad de Mar del Plata, se generaron molestias entre los empresarios participantes. \"No representa el esp\u00edritu de di\u00e1logo de la reuni\u00f3n\", asegur\u00f3 la presidenta del encuentro, Isela Costantini, haciendo referencia a lo\u00a0dicho por , el titular del\u2026","rel":"","context":"En \u00abEconom\u00eda\u00bb","block_context":{"text":"Econom\u00eda","link":"http:\/\/www.24baires.com\/?cat=45"},"img":{"alt_text":"","src":"https:\/\/i0.wp.com\/www.24baires.com\/wp-content\/uploads\/2014\/10\/idea1.jpg?resize=350%2C200","width":350,"height":200},"classes":[]},{"id":33732,"url":"http:\/\/www.24baires.com\/?p=33732","url_meta":{"origin":73543,"position":2},"title":"Massa, Stolbizer y De Narv\u00e1ez expondran ante empresarios en coloquio de IDEA","author":"AF","date":"18\/10\/2013","format":false,"excerpt":"Los candidatos a diputados nacionales por la provincia de Buenos Aires Sergio Massa, Margarita Stolbizer y Francisco De Narv\u00e1ez buscar\u00e1n este viernes seducir a los empresarios del 49\u00ba Coloquio Anual de IDEA. Hoy ser\u00e1 parte de unos de los paneles m\u00e1s esperados, denominado \"Contexto Pol\u00edtico\". All\u00ed compartir\u00e1n lugar Massa, quien\u2026","rel":"","context":"En \u00abPol\u00edtica\u00bb","block_context":{"text":"Pol\u00edtica","link":"http:\/\/www.24baires.com\/?cat=51"},"img":{"alt_text":"","src":"","width":0,"height":0},"classes":[]},{"id":55956,"url":"http:\/\/www.24baires.com\/?p=55956","url_meta":{"origin":73543,"position":3},"title":"Para Kicillof, el coloquio es \u00abpara los nost\u00e1lgicos de los 90\u00bb","author":"Grupo Sierra","date":"24\/10\/2014","format":false,"excerpt":"El ministro de Econom\u00eda sostuvo adem\u00e1s que el encuentro que realiza el Instituto para el Desarrollo Empresarial de la Argentina en Mar del Plata \"deber\u00eda llamarse 'Coloquio ni una Idea'\" y opin\u00f3 que \"se parece m\u00e1s a un estudio de televisi\u00f3n que a un coloquio\". El titular del Palacio de\u2026","rel":"","context":"En \u00abSociedad\u00bb","block_context":{"text":"Sociedad","link":"http:\/\/www.24baires.com\/?cat=1"},"img":{"alt_text":"kicillof y costa","src":"https:\/\/i0.wp.com\/www.24baires.com\/wp-content\/uploads\/2014\/05\/kicillof-y-costa.jpg?resize=350%2C200","width":350,"height":200,"srcset":"https:\/\/i0.wp.com\/www.24baires.com\/wp-content\/uploads\/2014\/05\/kicillof-y-costa.jpg?resize=350%2C200 1x, https:\/\/i0.wp.com\/www.24baires.com\/wp-content\/uploads\/2014\/05\/kicillof-y-costa.jpg?resize=525%2C300 1.5x"},"classes":[]},{"id":33620,"url":"http:\/\/www.24baires.com\/?p=33620","url_meta":{"origin":73543,"position":4},"title":"Scioli inaugura el 49\u00ba Coloquio Anual de IDEA en Mar del Plata","author":"AF","date":"16\/10\/2013","format":false,"excerpt":"El gobernador Daniel Scioli inaugurar\u00e1 esta noche el 49\u00ba Coloquio Anual de IDEA, que se realizar\u00e1 en Mar del Plata bajo el t\u00edtulo \"Argentina-claves para el desarrollo\", en un encuentro en el cual se discutir\u00e1n medidas para el mediano plazo una semana antes de las legislativas del 27 de octubre.\u2026","rel":"","context":"En \u00abPol\u00edtica\u00bb","block_context":{"text":"Pol\u00edtica","link":"http:\/\/www.24baires.com\/?cat=51"},"img":{"alt_text":"","src":"https:\/\/i0.wp.com\/www.24baires.com\/wp-content\/uploads\/2013\/10\/scioli-idea.jpg?resize=350%2C200","width":350,"height":200,"srcset":"https:\/\/i0.wp.com\/www.24baires.com\/wp-content\/uploads\/2013\/10\/scioli-idea.jpg?resize=350%2C200 1x, https:\/\/i0.wp.com\/www.24baires.com\/wp-content\/uploads\/2013\/10\/scioli-idea.jpg?resize=525%2C300 1.5x"},"classes":[]},{"id":108441,"url":"http:\/\/www.24baires.com\/?p=108441","url_meta":{"origin":73543,"position":5},"title":"Massa, Pichetto y Urtubey acordaron ir a las PASO para elegir al candidato de Alternativa Federal","author":"GB","date":"28\/05\/2019","format":false,"excerpt":"Lo acordaron hoy, durante una cumbre celebrada en C\u00f3rdoba junto al gobernador Schiaretti. Roberto Lavagna se mantiene al margen de la compulsa. Finalmente, Alternativa Federal resolver\u00e1 sus diferencias mediante una PASO. Sergio Massa, Juan Manuel Urtubey y Miguel \u00c1ngel Pichetto son los principales candidatos, aunque enviaron un mensaje para que\u2026","rel":"","context":"En \u00abPol\u00edtica\u00bb","block_context":{"text":"Pol\u00edtica","link":"http:\/\/www.24baires.com\/?cat=51"},"img":{"alt_text":"","src":"https:\/\/i0.wp.com\/www.24baires.com\/wp-content\/uploads\/2019\/05\/alternativa-federal.jpg?resize=350%2C200","width":350,"height":200,"srcset":"https:\/\/i0.wp.com\/www.24baires.com\/wp-content\/uploads\/2019\/05\/alternativa-federal.jpg?resize=350%2C200 1x, https:\/\/i0.wp.com\/www.24baires.com\/wp-content\/uploads\/2019\/05\/alternativa-federal.jpg?resize=525%2C300 1.5x"},"classes":[]}],"jetpack_sharing_enabled":true,"jetpack_likes_enabled":true,"jetpack_featured_media_url":"","_links":{"self":[{"href":"http:\/\/www.24baires.com\/index.php?rest_route=\/wp\/v2\/posts\/73543","targetHints":{"allow":["GET"]}}],"collection":[{"href":"http:\/\/www.24baires.com\/index.php?rest_route=\/wp\/v2\/posts"}],"about":[{"href":"http:\/\/www.24baires.com\/index.php?rest_route=\/wp\/v2\/types\/post"}],"author":[{"embeddable":true,"href":"http:\/\/www.24baires.com\/index.php?rest_route=\/wp\/v2\/users\/4"}],"replies":[{"embeddable":true,"href":"http:\/\/www.24baires.com\/index.php?rest_route=%2Fwp%2Fv2%2Fcomments&post=73543"}],"version-history":[{"count":1,"href":"http:\/\/www.24baires.com\/index.php?rest_route=\/wp\/v2\/posts\/73543\/revisions"}],"predecessor-version":[{"id":73544,"href":"http:\/\/www.24baires.com\/index.php?rest_route=\/wp\/v2\/posts\/73543\/revisions\/73544"}],"wp:attachment":[{"href":"http:\/\/www.24baires.com\/index.php?rest_route=%2Fwp%2Fv2%2Fmedia&parent=73543"}],"wp:term":[{"taxonomy":"category","embeddable":true,"href":"http:\/\/www.24baires.com\/index.php?rest_route=%2Fwp%2Fv2%2Fcategories&post=73543"},{"taxonomy":"post_tag","embeddable":true,"href":"http:\/\/www.24baires.com\/index.php?rest_route=%2Fwp%2Fv2%2Ftags&post=73543"}],"curies":[{"name":"wp","href":"https:\/\/api.w.org\/{rel}","templated":true}]}}