{"id":73523,"date":"2015-10-13T20:33:48","date_gmt":"2015-10-13T23:33:48","guid":{"rendered":"http:\/\/www.24baires.com\/?p=73523"},"modified":"2015-10-14T10:52:08","modified_gmt":"2015-10-14T13:52:08","slug":"el-presupuesto-2016-ya-cuenta-con-dictamen-de-comision-en-el-senado","status":"publish","type":"post","link":"http:\/\/www.24baires.com\/?p=73523","title":{"rendered":"El Presupuesto 2016 ya cuenta con dictamen de comisi\u00f3n en el Senado"},"content":{"rendered":"<p><img data-recalc-dims=\"1\" loading=\"lazy\" decoding=\"async\" class=\"alignleft size-full wp-image-35104\" src=\"https:\/\/i0.wp.com\/www.24baires.com\/wp-content\/uploads\/2013\/11\/senado.jpg?resize=260%2C173\" alt=\"senado\" width=\"260\" height=\"173\" \/>La Comisi\u00f3n de Presupuesto y Hacienda firm\u00f3 adem\u00e1s el dictamen de las leyes de pr\u00f3rroga de impuestos a los cr\u00e9ditos y d\u00e9bitos bancarios, conocida como Ley del Cheque, el tributo adicional al precio del cigarrillo y la pr\u00f3rroga de la Emergencia Econ\u00f3mica.<!--more--><\/p>\n<p>En base al cronograma establecido en la C\u00e1mara baja, las iniciativas ser\u00e1n debatidas en el recinto de sesiones el mi\u00e9rcoles 28 de octubre.<\/p>\n<p>&nbsp;<\/p>\n<p>&nbsp;<\/p>\n<p>&nbsp;<\/p>\n<p>&nbsp;<\/p>\n<p>&nbsp;<\/p>\n","protected":false},"excerpt":{"rendered":"<p>La Comisi\u00f3n de Presupuesto y Hacienda firm\u00f3 adem\u00e1s el dictamen de las leyes de pr\u00f3rroga de impuestos a los cr\u00e9ditos y d\u00e9bitos bancarios, conocida como Ley del Cheque, el tributo adicional al precio del cigarrillo y la pr\u00f3rroga de la Emergencia Econ\u00f3mica.<\/p>\n","protected":false},"author":8,"featured_media":0,"comment_status":"open","ping_status":"open","sticky":false,"template":"","format":"standard","meta":{"_jetpack_newsletter_access":"","_jetpack_dont_email_post_to_subs":false,"_jetpack_newsletter_tier_id":0,"_jetpack_memberships_contains_paywalled_content":false,"_jetpack_memberships_contains_paid_content":false,"footnotes":""},"categories":[51],"tags":[],"class_list":["post-73523","post","type-post","status-publish","format-standard","hentry","category-politica"],"jetpack_shortlink":"https:\/\/wp.me\/p2JWE0-j7R","jetpack-related-posts":[{"id":99637,"url":"http:\/\/www.24baires.com\/?p=99637","url_meta":{"origin":73523,"position":0},"title":"Este mi\u00e9rcoles se votar\u00e1 el Presupuesto 2018","author":"AF","date":"26\/12\/2017","format":false,"excerpt":"Los senadores de Cambiemos lograron los votos necesarios para aprobar el proyecto y que se trate en el recinto. En caso de aprobarse el Presupuesto 2018 se convertir\u00eda en ley, junto con la reforma tributaria y la pr\u00f3rroga del impuesto al cheque. El oficialismo consigui\u00f3 este martes darle dictamen al\u2026","rel":"","context":"En \u00abPol\u00edtica\u00bb","block_context":{"text":"Pol\u00edtica","link":"http:\/\/www.24baires.com\/?cat=51"},"img":{"alt_text":"","src":"https:\/\/i0.wp.com\/www.24baires.com\/wp-content\/uploads\/2017\/12\/senado-1.jpg?resize=350%2C200","width":350,"height":200,"srcset":"https:\/\/i0.wp.com\/www.24baires.com\/wp-content\/uploads\/2017\/12\/senado-1.jpg?resize=350%2C200 1x, https:\/\/i0.wp.com\/www.24baires.com\/wp-content\/uploads\/2017\/12\/senado-1.jpg?resize=525%2C300 1.5x"},"classes":[]},{"id":115248,"url":"http:\/\/www.24baires.com\/?p=115248","url_meta":{"origin":73523,"position":1},"title":"El Gobierno pidi\u00f3 extender hasta diciembre la facultad de dar aumento por decreto a jubilados","author":"GB","date":"05\/06\/2020","format":false,"excerpt":"Al mismo tiempo, los legisladores nacionales dar forma a una nueva f\u00f3rmula para los incrementos de haberes. El Poder Ejecutivo Nacional envi\u00f3 a la C\u00e1mara de Diputados de la Naci\u00f3n un proyecto de ley para prorrogar hasta diciembre la facultad de aumentar los haberes de jubilados y pensionados por decreto,\u2026","rel":"","context":"En \u00abPol\u00edtica\u00bb","block_context":{"text":"Pol\u00edtica","link":"http:\/\/www.24baires.com\/?cat=51"},"img":{"alt_text":"","src":"https:\/\/i0.wp.com\/www.24baires.com\/wp-content\/uploads\/2017\/12\/jubilados.jpg?resize=350%2C200","width":350,"height":200,"srcset":"https:\/\/i0.wp.com\/www.24baires.com\/wp-content\/uploads\/2017\/12\/jubilados.jpg?resize=350%2C200 1x, https:\/\/i0.wp.com\/www.24baires.com\/wp-content\/uploads\/2017\/12\/jubilados.jpg?resize=525%2C300 1.5x"},"classes":[]},{"id":118348,"url":"http:\/\/www.24baires.com\/?p=118348","url_meta":{"origin":73523,"position":2},"title":"Diputados debate este jueves el Presupuesto 2022","author":"GB","date":"16\/12\/2021","format":false,"excerpt":"La sesi\u00f3n est\u00e1 convocada para el mediod\u00eda y se espera que sea marat\u00f3nica. Frente de Todos consigui\u00f3 dictamen de mayor\u00eda sobre el proyecto de Presupuesto 2022, al reunir 25 de las 49 firmas de legisladores que integran la comisi\u00f3n de Presupuesto y Hacienda, por lo que este jueves al mediod\u00eda\u2026","rel":"","context":"En \u00abEconom\u00eda\u00bb","block_context":{"text":"Econom\u00eda","link":"http:\/\/www.24baires.com\/?cat=45"},"img":{"alt_text":"","src":"https:\/\/i0.wp.com\/www.24baires.com\/wp-content\/uploads\/2021\/10\/diputados-ley.jpg?resize=350%2C200","width":350,"height":200,"srcset":"https:\/\/i0.wp.com\/www.24baires.com\/wp-content\/uploads\/2021\/10\/diputados-ley.jpg?resize=350%2C200 1x, https:\/\/i0.wp.com\/www.24baires.com\/wp-content\/uploads\/2021\/10\/diputados-ley.jpg?resize=525%2C300 1.5x"},"classes":[]},{"id":32020,"url":"http:\/\/www.24baires.com\/?p=32020","url_meta":{"origin":73523,"position":3},"title":"El Presupuesto, la pr\u00f3rroga de Tributos y Emergencia Econ\u00f3mica obtuvieron mayor\u00eda en Diputados","author":"GB","date":"17\/09\/2013","format":false,"excerpt":"El bloque de diputados kirchnerista, junto a legisladores aliados, consigui\u00f3 emitir esta tarde dict\u00e1menes de mayor\u00eda sobre los proyectos de Ley de Presupuesto 2014, y la pr\u00f3rroga de los tributos y de emergencia econ\u00f3mica, que el oficialismo quiere votar en la sesi\u00f3n del pr\u00f3ximo mi\u00e9rcoles. En el cierre del debate\u2026","rel":"","context":"En \u00abEconom\u00eda\u00bb","block_context":{"text":"Econom\u00eda","link":"http:\/\/www.24baires.com\/?cat=45"},"img":{"alt_text":"","src":"https:\/\/i0.wp.com\/www.24baires.com\/wp-content\/uploads\/2013\/09\/diputados-leyes-economicas.jpg?resize=350%2C200","width":350,"height":200},"classes":[]},{"id":72870,"url":"http:\/\/www.24baires.com\/?p=72870","url_meta":{"origin":73523,"position":4},"title":"Comisi\u00f3n de Diputados dio dictamen por el Presupuesto 2016","author":"GB","date":"29\/09\/2015","format":false,"excerpt":"La C\u00e1mara de Diputados podr\u00eda tratar en la sesi\u00f3n prevista para el 7 de octubre el proyecto de Presupuesto 2016, la pr\u00f3rroga de los impuestos al cheque, monotributo, adicional por cigarrillos y la pr\u00f3rroga de la Emergencia Econ\u00f3mica. La C\u00e1mara de Diputados podr\u00eda tratar en la sesi\u00f3n prevista para el\u2026","rel":"","context":"En \u00abEconom\u00eda\u00bb","block_context":{"text":"Econom\u00eda","link":"http:\/\/www.24baires.com\/?cat=45"},"img":{"alt_text":"c\u00f3digo civil diputados c\u00e1mara","src":"https:\/\/i0.wp.com\/www.24baires.com\/wp-content\/uploads\/2014\/10\/c%C3%B3digo-civil-diputados-c%C3%A1mara.jpg?resize=350%2C200","width":350,"height":200,"srcset":"https:\/\/i0.wp.com\/www.24baires.com\/wp-content\/uploads\/2014\/10\/c%C3%B3digo-civil-diputados-c%C3%A1mara.jpg?resize=350%2C200 1x, https:\/\/i0.wp.com\/www.24baires.com\/wp-content\/uploads\/2014\/10\/c%C3%B3digo-civil-diputados-c%C3%A1mara.jpg?resize=525%2C300 1.5x"},"classes":[]},{"id":32846,"url":"http:\/\/www.24baires.com\/?p=32846","url_meta":{"origin":73523,"position":5},"title":"El Senado debatir\u00e1 en comisi\u00f3n el Presupuesto y otras medidas","author":"GB","date":"01\/10\/2013","format":false,"excerpt":"La C\u00e1mara alta debatir\u00e1 ma\u00f1ana en un plenario de comisiones que contar\u00e1 con la presencia de miembros del equipo econ\u00f3mico del gobierno nacional, los proyectos de ley de Presupuesto 2014, la Pr\u00f3rroga de Impuestos que vence a fin de a\u00f1o y la extensi\u00f3n de la emergencia econ\u00f3mica. La reuni\u00f3n se\u2026","rel":"","context":"En \u00abEconom\u00eda\u00bb","block_context":{"text":"Econom\u00eda","link":"http:\/\/www.24baires.com\/?cat=45"},"img":{"alt_text":"","src":"","width":0,"height":0},"classes":[]}],"jetpack_sharing_enabled":true,"jetpack_likes_enabled":true,"jetpack_featured_media_url":"","_links":{"self":[{"href":"http:\/\/www.24baires.com\/index.php?rest_route=\/wp\/v2\/posts\/73523","targetHints":{"allow":["GET"]}}],"collection":[{"href":"http:\/\/www.24baires.com\/index.php?rest_route=\/wp\/v2\/posts"}],"about":[{"href":"http:\/\/www.24baires.com\/index.php?rest_route=\/wp\/v2\/types\/post"}],"author":[{"embeddable":true,"href":"http:\/\/www.24baires.com\/index.php?rest_route=\/wp\/v2\/users\/8"}],"replies":[{"embeddable":true,"href":"http:\/\/www.24baires.com\/index.php?rest_route=%2Fwp%2Fv2%2Fcomments&post=73523"}],"version-history":[{"count":1,"href":"http:\/\/www.24baires.com\/index.php?rest_route=\/wp\/v2\/posts\/73523\/revisions"}],"predecessor-version":[{"id":73526,"href":"http:\/\/www.24baires.com\/index.php?rest_route=\/wp\/v2\/posts\/73523\/revisions\/73526"}],"wp:attachment":[{"href":"http:\/\/www.24baires.com\/index.php?rest_route=%2Fwp%2Fv2%2Fmedia&parent=73523"}],"wp:term":[{"taxonomy":"category","embeddable":true,"href":"http:\/\/www.24baires.com\/index.php?rest_route=%2Fwp%2Fv2%2Fcategories&post=73523"},{"taxonomy":"post_tag","embeddable":true,"href":"http:\/\/www.24baires.com\/index.php?rest_route=%2Fwp%2Fv2%2Ftags&post=73523"}],"curies":[{"name":"wp","href":"https:\/\/api.w.org\/{rel}","templated":true}]}}