{"id":73500,"date":"2015-10-13T17:00:37","date_gmt":"2015-10-13T20:00:37","guid":{"rendered":"http:\/\/www.24baires.com\/?p=73500"},"modified":"2015-10-13T16:15:26","modified_gmt":"2015-10-13T19:15:26","slug":"urribarri-seria-el-ministro-del-interior-en-caso-que-scioli-gane-la-presidencia","status":"publish","type":"post","link":"http:\/\/www.24baires.com\/?p=73500","title":{"rendered":"Urribarri ser\u00eda el ministro del Interior en caso que Scioli gane la Presidencia"},"content":{"rendered":"<p><img data-recalc-dims=\"1\" loading=\"lazy\" decoding=\"async\" class=\"aligncenter size-full wp-image-73501\" src=\"https:\/\/i0.wp.com\/www.24baires.com\/wp-content\/uploads\/2015\/10\/scioli-urribarri.jpg?resize=560%2C379\" alt=\"scioli urribarri\" width=\"560\" height=\"379\" srcset=\"https:\/\/i0.wp.com\/www.24baires.com\/wp-content\/uploads\/2015\/10\/scioli-urribarri.jpg?w=560 560w, https:\/\/i0.wp.com\/www.24baires.com\/wp-content\/uploads\/2015\/10\/scioli-urribarri.jpg?resize=300%2C203 300w\" sizes=\"auto, (max-width: 560px) 100vw, 560px\" \/>De gira por Uruguay y Brasil donde se reunir\u00e1 con Tabar\u00e9 V\u00e1zquez y Dilma Rousseff, el candidato a la presidencia del Frente para la Victoria dio m\u00e1s indicios de c\u00f3mo se conformar\u00e1 su Gabinete de ministros.<!--more--><\/p>\n<p>El gobernador de la provincia de Buenos Aires y candidato presidencial del Frente para la Victoria, Daniel Scioli dio este martes m\u00e1s indicios acerca de c\u00f3mo se conformar\u00e1 su gabinete en caso de acceder a la Casa Rosada el pr\u00f3ximo 10 de diciembre.<\/p>\n<p>El mandatario provincial ya hab\u00eda confirmado a Alberto Barbieri como ministro de Educaci\u00f3n, a Diego Bossio al frente del ministerio de Infraestructura, al gobernador misionero Maurice Closs como ministro de Turismo y Deporte y a Miguel Peirano como titular del Banco de Desarrollo mientras se da por descontado que Alberto P\u00e9rez, quien lo acompa\u00f1a desde 2007 como jefe de Gabinete bonaerense ocupar\u00e1 el mismo cargo pero a nivel nacional.<\/p>\n<p>Por su parte Alejandro Collia, que lo acompa\u00f1a hace seis a\u00f1os como ministro de Salud de la Provincia, ocupar\u00eda el mismo cargo a nivel nacional. El nombre del actual secretario de Seguridad Interior Sergio Berni podr\u00eda ocupar el cargo que ocupa Cecilia Rodr\u00edguez (Seguridad)<\/p>\n<p>Ahora, en medio de la gira que lo llevar\u00e1 a encontrarse con los mandatarios de Uruguay y Brasil, Scioli confirm\u00f3 que el gobernador de la provincia de Entre R\u00edos y ex precandidato presidencial, Sergio Urribarri, ser\u00e1 su ministro del Interior.<\/p>\n<p>El gobernador entrerriano forma parte de la comitiva que acompa\u00f1a a Scioli en su gira por Uruguay y Brasil donde se reunir\u00e1 con los presidentes Tabar\u00e9 V\u00e1zquez y Dilma Rousseff. Durante su visita a los pa\u00edses vecinos el candidato presidencial dialogar\u00e1 este martes con ambos mandatarios sobre integraci\u00f3n, el rol de la conectividad del transporte, los corredores bioce\u00e1nicos, los ferrocarriles y las hidrov\u00edas.<\/p>\n<p>Scioli ya se reuni\u00f3 anteriormente con los presidentes Michelle Bachelet, de Chile; Evo Morales, de Bolivia, y Ra\u00fal Castro, de Cuba.<\/p>\n<p>&nbsp;<\/p>\n<p>&nbsp;<\/p>\n<p>&nbsp;<\/p>\n<p>&nbsp;<\/p>\n<p>&nbsp;<\/p>\n<p>&nbsp;<\/p>\n<p>&nbsp;<\/p>\n<p>&nbsp;<\/p>\n<p>&nbsp;<\/p>\n<p>&nbsp;<\/p>\n<p>&nbsp;<\/p>\n<p>&nbsp;<\/p>\n<p>&nbsp;<\/p>\n<p>&nbsp;<\/p>\n<p>&nbsp;<\/p>\n<p>&nbsp;<\/p>\n<p>&nbsp;<\/p>\n","protected":false},"excerpt":{"rendered":"<p>De gira por Uruguay y Brasil donde se reunir\u00e1 con Tabar\u00e9 V\u00e1zquez y Dilma Rousseff, el candidato a la presidencia del Frente para la Victoria dio m\u00e1s indicios de c\u00f3mo se conformar\u00e1 su Gabinete de ministros.<\/p>\n","protected":false},"author":8,"featured_media":0,"comment_status":"open","ping_status":"open","sticky":false,"template":"","format":"standard","meta":{"_jetpack_newsletter_access":"","_jetpack_dont_email_post_to_subs":false,"_jetpack_newsletter_tier_id":0,"_jetpack_memberships_contains_paywalled_content":false,"_jetpack_memberships_contains_paid_content":false,"footnotes":""},"categories":[51],"tags":[],"class_list":["post-73500","post","type-post","status-publish","format-standard","hentry","category-politica"],"jetpack_shortlink":"https:\/\/wp.me\/p2JWE0-j7u","jetpack-related-posts":[{"id":119049,"url":"http:\/\/www.24baires.com\/?p=119049","url_meta":{"origin":73500,"position":0},"title":"Silvina Batakis es la nueva Ministra de Econom\u00eda","author":"GB","date":"04\/07\/2022","format":false,"excerpt":"Tras largas horas de negociaciones, el presidente Alberto Fern\u00e1ndez design\u00f3 a Batakis en reemplazo de Mart\u00edn Guzm\u00e1n La nueva ministra de Econom\u00eda ser\u00e1 Silvina Batakis confirmaron este domingo fuentes oficiales, luego de intensas negociaciones de los diferentes espacios que integran el Frente de Todos (FdT) en el marco de cambios\u2026","rel":"","context":"En \u00abEconom\u00eda\u00bb","block_context":{"text":"Econom\u00eda","link":"http:\/\/www.24baires.com\/?cat=45"},"img":{"alt_text":"","src":"https:\/\/i0.wp.com\/www.24baires.com\/wp-content\/uploads\/2022\/07\/batakis.jpg?resize=350%2C200","width":350,"height":200,"srcset":"https:\/\/i0.wp.com\/www.24baires.com\/wp-content\/uploads\/2022\/07\/batakis.jpg?resize=350%2C200 1x, https:\/\/i0.wp.com\/www.24baires.com\/wp-content\/uploads\/2022\/07\/batakis.jpg?resize=525%2C300 1.5x, https:\/\/i0.wp.com\/www.24baires.com\/wp-content\/uploads\/2022\/07\/batakis.jpg?resize=700%2C400 2x, https:\/\/i0.wp.com\/www.24baires.com\/wp-content\/uploads\/2022\/07\/batakis.jpg?resize=1050%2C600 3x"},"classes":[]},{"id":101122,"url":"http:\/\/www.24baires.com\/?p=101122","url_meta":{"origin":73500,"position":1},"title":"Indagar\u00e1n a Scioli por irregularidades en la construcci\u00f3n de las UPA 24","author":"AF","date":"17\/03\/2018","format":false,"excerpt":"El ex gobernador Daniel Scioli y quien fuera su ministro de Salud, Alejandro Collia, fueron imputados y citados a prestar declaraci\u00f3n indagatoria en el marco de una causa que investiga presuntas irregularidades en la adjudicaci\u00f3n de ocho Unidades de Pronta Atenci\u00f3n (UPA 24) para las que se destinaron m\u00e1s de\u2026","rel":"","context":"En \u00abJUDICIALES\u00bb","block_context":{"text":"JUDICIALES","link":"http:\/\/www.24baires.com\/?cat=68"},"img":{"alt_text":"","src":"https:\/\/i0.wp.com\/www.24baires.com\/wp-content\/uploads\/2014\/05\/Daniel-Scioli.jpg?resize=350%2C200","width":350,"height":200,"srcset":"https:\/\/i0.wp.com\/www.24baires.com\/wp-content\/uploads\/2014\/05\/Daniel-Scioli.jpg?resize=350%2C200 1x, https:\/\/i0.wp.com\/www.24baires.com\/wp-content\/uploads\/2014\/05\/Daniel-Scioli.jpg?resize=525%2C300 1.5x"},"classes":[]},{"id":120181,"url":"http:\/\/www.24baires.com\/?p=120181","url_meta":{"origin":73500,"position":2},"title":"El Frente de Todos pasa a llamarse \u00abUni\u00f3n por la Patria\u00bb","author":"AF","date":"14\/06\/2023","format":false,"excerpt":"Los distintos sectores que componen el frente oficialista mantienen reuniones para definir, entre otras cosas, la constituci\u00f3n de su junta partidaria y el reglamento electoral que fijar\u00e1 pisos y porcentajes para la integraci\u00f3n de listas. El Frente de Todos (FdT) se llamar\u00e1 Uni\u00f3n por la Patria (UxP) en las pr\u00f3ximas\u2026","rel":"","context":"En \u00abPol\u00edtica\u00bb","block_context":{"text":"Pol\u00edtica","link":"http:\/\/www.24baires.com\/?cat=51"},"img":{"alt_text":"","src":"https:\/\/i0.wp.com\/www.24baires.com\/wp-content\/uploads\/2023\/06\/cfk-25-5.png?resize=350%2C200","width":350,"height":200,"srcset":"https:\/\/i0.wp.com\/www.24baires.com\/wp-content\/uploads\/2023\/06\/cfk-25-5.png?resize=350%2C200 1x, https:\/\/i0.wp.com\/www.24baires.com\/wp-content\/uploads\/2023\/06\/cfk-25-5.png?resize=525%2C300 1.5x, https:\/\/i0.wp.com\/www.24baires.com\/wp-content\/uploads\/2023\/06\/cfk-25-5.png?resize=700%2C400 2x, https:\/\/i0.wp.com\/www.24baires.com\/wp-content\/uploads\/2023\/06\/cfk-25-5.png?resize=1050%2C600 3x"},"classes":[]},{"id":73762,"url":"http:\/\/www.24baires.com\/?p=73762","url_meta":{"origin":73500,"position":3},"title":"El gabinete de Scioli: Marangoni en el Naci\u00f3n, Filmus en Ciencia y Tecnolog\u00eda y Berni en Seguridad","author":"AF","date":"19\/10\/2015","format":false,"excerpt":"Son los nuevos nombres que se suman al equipo que prepara el candidato del Frente para la Victoria si resulta electo presidente el domingo. Adem\u00e1s, en las \u00faltimas horas fueron confirmados Juli\u00e1n Colombo como secretario General de la Presidencia y Alejandro 'Topo' Rodr\u00edguez en Agricultura. El propio Daniel Scioli anunci\u00f3\u2026","rel":"","context":"En \u00abPol\u00edtica\u00bb","block_context":{"text":"Pol\u00edtica","link":"http:\/\/www.24baires.com\/?cat=51"},"img":{"alt_text":"","src":"https:\/\/i0.wp.com\/www.24baires.com\/wp-content\/uploads\/2015\/10\/marangoni-filmus-berni.jpg?resize=350%2C200","width":350,"height":200,"srcset":"https:\/\/i0.wp.com\/www.24baires.com\/wp-content\/uploads\/2015\/10\/marangoni-filmus-berni.jpg?resize=350%2C200 1x, https:\/\/i0.wp.com\/www.24baires.com\/wp-content\/uploads\/2015\/10\/marangoni-filmus-berni.jpg?resize=525%2C300 1.5x"},"classes":[]},{"id":70939,"url":"http:\/\/www.24baires.com\/?p=70939","url_meta":{"origin":73500,"position":4},"title":"\u201cQue nunca m\u00e1s la variable de ajuste tengan que ser los trabajadores\u201d","author":"AF","date":"21\/08\/2015","format":false,"excerpt":"El gobernador bonaerense y candidato presidencial por el Frente para la Victoria, Daniel Scioli, llam\u00f3 hoy al ejercicio de la \u201cresponsabilidad social\" al postular que \u201cnunca m\u00e1s las variables de ajuste tengan que ser los trabajadores\u201d. \u201cMiren al futuro con mucha esperanza, que todo este esfuerzo que estamos haciendo todos\u2026","rel":"","context":"En \u00abSociedad\u00bb","block_context":{"text":"Sociedad","link":"http:\/\/www.24baires.com\/?cat=1"},"img":{"alt_text":"scioli","src":"https:\/\/i0.wp.com\/www.24baires.com\/wp-content\/uploads\/2015\/07\/scioli1.jpg?resize=350%2C200","width":350,"height":200,"srcset":"https:\/\/i0.wp.com\/www.24baires.com\/wp-content\/uploads\/2015\/07\/scioli1.jpg?resize=350%2C200 1x, https:\/\/i0.wp.com\/www.24baires.com\/wp-content\/uploads\/2015\/07\/scioli1.jpg?resize=525%2C300 1.5x"},"classes":[]},{"id":119156,"url":"http:\/\/www.24baires.com\/?p=119156","url_meta":{"origin":73500,"position":5},"title":"Massa asumir\u00e1 como superministro de Econom\u00eda","author":"AF","date":"28\/07\/2022","format":false,"excerpt":"Alberto Fern\u00e1ndez decidi\u00f3 reorganizar las \u00e1reas econ\u00f3micas para un mejor funcionamiento, coordinaci\u00f3n y gesti\u00f3n: se unificar\u00e1n los ministerios de Econom\u00eda, Desarrollo Productivo y Agricultura, Ganader\u00eda y Pesca, que quedar\u00e1n bajo la \u00f3rbita del actual presidente de la C\u00e1mara de Diputados. Massa anunci\u00f3 que el lunes comenzar\u00e1 a designar a los\u2026","rel":"","context":"En \u00abEconom\u00eda\u00bb","block_context":{"text":"Econom\u00eda","link":"http:\/\/www.24baires.com\/?cat=45"},"img":{"alt_text":"","src":"https:\/\/i0.wp.com\/www.24baires.com\/wp-content\/uploads\/2022\/07\/6243529d100ad_900.jpg?resize=350%2C200","width":350,"height":200,"srcset":"https:\/\/i0.wp.com\/www.24baires.com\/wp-content\/uploads\/2022\/07\/6243529d100ad_900.jpg?resize=350%2C200 1x, https:\/\/i0.wp.com\/www.24baires.com\/wp-content\/uploads\/2022\/07\/6243529d100ad_900.jpg?resize=525%2C300 1.5x, https:\/\/i0.wp.com\/www.24baires.com\/wp-content\/uploads\/2022\/07\/6243529d100ad_900.jpg?resize=700%2C400 2x"},"classes":[]}],"jetpack_sharing_enabled":true,"jetpack_likes_enabled":true,"jetpack_featured_media_url":"","_links":{"self":[{"href":"http:\/\/www.24baires.com\/index.php?rest_route=\/wp\/v2\/posts\/73500","targetHints":{"allow":["GET"]}}],"collection":[{"href":"http:\/\/www.24baires.com\/index.php?rest_route=\/wp\/v2\/posts"}],"about":[{"href":"http:\/\/www.24baires.com\/index.php?rest_route=\/wp\/v2\/types\/post"}],"author":[{"embeddable":true,"href":"http:\/\/www.24baires.com\/index.php?rest_route=\/wp\/v2\/users\/8"}],"replies":[{"embeddable":true,"href":"http:\/\/www.24baires.com\/index.php?rest_route=%2Fwp%2Fv2%2Fcomments&post=73500"}],"version-history":[{"count":1,"href":"http:\/\/www.24baires.com\/index.php?rest_route=\/wp\/v2\/posts\/73500\/revisions"}],"predecessor-version":[{"id":73502,"href":"http:\/\/www.24baires.com\/index.php?rest_route=\/wp\/v2\/posts\/73500\/revisions\/73502"}],"wp:attachment":[{"href":"http:\/\/www.24baires.com\/index.php?rest_route=%2Fwp%2Fv2%2Fmedia&parent=73500"}],"wp:term":[{"taxonomy":"category","embeddable":true,"href":"http:\/\/www.24baires.com\/index.php?rest_route=%2Fwp%2Fv2%2Fcategories&post=73500"},{"taxonomy":"post_tag","embeddable":true,"href":"http:\/\/www.24baires.com\/index.php?rest_route=%2Fwp%2Fv2%2Ftags&post=73500"}],"curies":[{"name":"wp","href":"https:\/\/api.w.org\/{rel}","templated":true}]}}