{"id":73464,"date":"2015-10-12T17:00:15","date_gmt":"2015-10-12T20:00:15","guid":{"rendered":"http:\/\/www.24baires.com\/?p=73464"},"modified":"2015-10-12T15:33:29","modified_gmt":"2015-10-12T18:33:29","slug":"macri-acumula-214-denuncias-en-su-contra-desde-que-asumio-como-jefe-de-gobierno","status":"publish","type":"post","link":"http:\/\/www.24baires.com\/?p=73464","title":{"rendered":"Macri acumula 214 denuncias en su contra desde que asumi\u00f3 como jefe de Gobierno"},"content":{"rendered":"<p><img data-recalc-dims=\"1\" loading=\"lazy\" decoding=\"async\" class=\"aligncenter size-full wp-image-53417\" src=\"https:\/\/i0.wp.com\/www.24baires.com\/wp-content\/uploads\/2014\/09\/macri.jpg?resize=560%2C314\" alt=\"macri\" width=\"560\" height=\"314\" srcset=\"https:\/\/i0.wp.com\/www.24baires.com\/wp-content\/uploads\/2014\/09\/macri.jpg?w=560 560w, https:\/\/i0.wp.com\/www.24baires.com\/wp-content\/uploads\/2014\/09\/macri.jpg?resize=300%2C168 300w\" sizes=\"auto, (max-width: 560px) 100vw, 560px\" \/>Entre las acusaciones que pesan sobre el candidato presidencial se encuentran \u00abestafa y asociaci\u00f3n il\u00edcita\u00bb; \u00abviolaci\u00f3n de deberes de funcionario p\u00fablico\u00bb; \u00abenriquecimiento il\u00edcito\u00bb; \u00abfalsificaci\u00f3n de documentos p\u00fablicos\u00bb y \u00ababandono de personas\u00bb.<!--more--><\/p>\n<p>El candidato presidencial de Cambiemos y jefe de Gobierno porte\u00f1o, Mauricio Macri, acumula 214 denuncias en su contra desde que asumi\u00f3, en 2007, la gesti\u00f3n al frente de la Ciudad de Buenos Aires hasta la actualidad, seg\u00fan consigna un informe elaborado por el portal El Destape.<\/p>\n<p>Entre las acusaciones que pesan sobre el ex presidente de Boca hay presentaciones que le adjudican la comisi\u00f3n de \u00abestafa y asociaci\u00f3n il\u00edcita\u00bb; \u00ababuso de autoridad y violaci\u00f3n de deberes de funcionario p\u00fablico\u00bb; \u00abenriquecimiento il\u00edcito\u00bb; \u00abfalsificaci\u00f3n de documentos p\u00fablicos\u00bb y \u00abamenazas y abandono de personas\u00bb.<\/p>\n<p>La semana pasada, Macri result\u00f3 denunciado otra vez, en esta ocasi\u00f3n por la legisladora de Nuevo Encuentro Gabriela Cerruti, quien considera que el titular del Ejecutivo porte\u00f1o incurri\u00f3 en \u00abomisi\u00f3n maliciosa y falsedad ideol\u00f3gica\u00bb al presentar su declaraci\u00f3n jurada patrimonial ante la Oficina Anticorrupci\u00f3n (AO).<\/p>\n<p>Cerruti sostiene que la documentaci\u00f3n oficializada por Macri, en su condici\u00f3n de postulante presidencial, es distinta a la declaraci\u00f3n jurada correspondiente al ejercicio 2014 de su gesti\u00f3n en la Ciudad.<\/p>\n<p>Macri sigue procesado en una causa por escuchas ilegales en la que est\u00e1 involucrado desde mayo de 2010 como integrante de una \u201cuna asociaci\u00f3n il\u00edcita\u201d avocada a espiar a particulares.<\/p>\n<p>Por esta causa se encuentran al borde del juicio oral el ex esp\u00eda y ex empleado del ministerio de Educaci\u00f3n de la Ciudad, Gerardo Ciro James; el ex ministro de Educaci\u00f3n porte\u00f1o, Mariano Narodowski, el comisario Jorge &#8216;Fino&#8217; Palacios y su sucesor Osvaldo Chamorro.<\/p>\n<p>Palacios, quien fue designado por Macri para poner en funciones la Polic\u00eda Metropolitana, es juzgado en la actualidad por el encubrimiento del atentado a la AMIA, ocurrido en julio de 1994.<\/p>\n<p>En el informe que se presenta el sitio web se rese\u00f1a que tanto Macri como la vicejefa de Gobierno, Mar\u00eda Eugenia Vidal y el responsable de prensa del Ejecutivo de la Ciudad, Miguel de Godoy, se encuentran denunciados por \u201clavado de activos, peculado y falsificaci\u00f3n de documentos\u201d por Carlos Valenzuela, titular del canal 4 de Posadas.<\/p>\n<p>Valenzuela ratific\u00f3 ante la Fiscal\u00eda Federal N\u00ba 1 de Posadas que su emisora no recibi\u00f3 dinero por parte del Gobierno de la Ciudad, tal como surge de los documentos de la propia administraci\u00f3n.<\/p>\n<p>En tanto que en el Juzgado de Instrucci\u00f3n n\u00ba 18, se tramita una causa en la cual se investiga al ministro de Seguridad, Guillermo Montenegro, por contrataciones por parte de la cartera que dirige con una consultora.<\/p>\n<p>Otro de los integrantes del gabinete de Macri que est\u00e1 investigados por la Justicia son el ministro de Cultura de la Ciudad, Hern\u00e1n Lombardi, y el director de la Fundaci\u00f3n Ceppa, Matteo Goretti, por lavado de activos.<\/p>\n<p>En la Fiscal\u00eda de Instrucci\u00f3n n\u00famero 14 a cargo de Pablo Recchini se cursa una investigaci\u00f3n contra Juan Pablo Piccardo, titular de SBASE, por \u201cadministraci\u00f3n fraudulenta, cohecho e incumplimiento de los deberes de funcionario p\u00fablico en la compra de 86 vagones de Subte de Buenos Aires al Metro de Madrid\u201d.<\/p>\n<p>El Destape tambi\u00e9n recuerda el caso del candidato a intendente de Mor\u00f3n por el PRO, director asociado de la consulta Poliarqu\u00eda y esposo de Vidal, Ramiro Tagliaferro.<\/p>\n<p>Esa consultora fue contratada por el Gobierno de la Ciudad, lo que resultar\u00eda incompatible por tener en su directorio al marido de la vicejefa porte\u00f1a.<\/p>\n<p>Todos estos casos se suman adem\u00e1s a las imputaciones que pesan sobre el periodista Fernando Niembro por contrataciones irregulares que su productora, La Usina, efectu\u00f3 con la Ciudad por un monto de $ 21 millones.<\/p>\n<p>Las repercusiones de este caso y sus derivaciones judiciales, determinaron que el periodista deportivo resignara la candidatura a diputado nacional por el PRO en la provincia de Buenos Aires.<\/p>\n","protected":false},"excerpt":{"rendered":"<p>Entre las acusaciones que pesan sobre el candidato presidencial se encuentran \u00abestafa y asociaci\u00f3n il\u00edcita\u00bb; \u00abviolaci\u00f3n de deberes de funcionario p\u00fablico\u00bb; \u00abenriquecimiento il\u00edcito\u00bb; \u00abfalsificaci\u00f3n de documentos p\u00fablicos\u00bb y \u00ababandono de personas\u00bb.<\/p>\n","protected":false},"author":8,"featured_media":0,"comment_status":"open","ping_status":"open","sticky":false,"template":"","format":"standard","meta":{"_jetpack_newsletter_access":"","_jetpack_dont_email_post_to_subs":false,"_jetpack_newsletter_tier_id":0,"_jetpack_memberships_contains_paywalled_content":false,"_jetpack_memberships_contains_paid_content":false,"footnotes":""},"categories":[51],"tags":[],"class_list":["post-73464","post","type-post","status-publish","format-standard","hentry","category-politica"],"jetpack_shortlink":"https:\/\/wp.me\/p2JWE0-j6U","jetpack-related-posts":[{"id":103437,"url":"http:\/\/www.24baires.com\/?p=103437","url_meta":{"origin":73464,"position":0},"title":"Florencia Saintout denunci\u00f3 penalmente a la Gobernadora por asociaci\u00f3n il\u00edcita","author":"Grupo Sierra","date":"19\/07\/2018","format":false,"excerpt":"La presidenta del bloque de diputados bonaerenses de Unidad Ciudadana-FpV-PJ, Florencia Saintout, present\u00f3 una denuncia penal contra la gobernadora Mar\u00eda Eugenia Vidal y otros funcionarios e integrantes de Cambiemos por el presunto financiamiento ilegal de las \u00faltimas dos campa\u00f1as electorales. A ra\u00edz de la investigaci\u00f3n period\u00edstica que puso al descubierto\u2026","rel":"","context":"En \u00abJUDICIALES\u00bb","block_context":{"text":"JUDICIALES","link":"http:\/\/www.24baires.com\/?cat=68"},"img":{"alt_text":"","src":"https:\/\/i0.wp.com\/www.24baires.com\/wp-content\/uploads\/2013\/07\/saintout.jpg?resize=350%2C200","width":350,"height":200,"srcset":"https:\/\/i0.wp.com\/www.24baires.com\/wp-content\/uploads\/2013\/07\/saintout.jpg?resize=350%2C200 1x, https:\/\/i0.wp.com\/www.24baires.com\/wp-content\/uploads\/2013\/07\/saintout.jpg?resize=525%2C300 1.5x"},"classes":[]},{"id":111682,"url":"http:\/\/www.24baires.com\/?p=111682","url_meta":{"origin":73464,"position":1},"title":"Denunciaron a Macri por \u00abviolencia financiera\u00bb por sus dichos tras las PASO","author":"AF","date":"18\/08\/2019","format":false,"excerpt":"La presentaci\u00f3n la hizo una fundaci\u00f3n contra Macri, Pe\u00f1a y el ex ministro Dujovne, entre otros funcionarios. Los acusa de implementar un \"plan sist\u00e9mico para afectar al servicio financiero argentino\". Fernando Miguez, titular de la Fundaci\u00f3n por la Paz y el Cambio Clim\u00e1tico, realiz\u00f3 el pasado viernes una denuncia por\u2026","rel":"","context":"En \u00abPol\u00edtica\u00bb","block_context":{"text":"Pol\u00edtica","link":"http:\/\/www.24baires.com\/?cat=51"},"img":{"alt_text":"","src":"https:\/\/i0.wp.com\/www.24baires.com\/wp-content\/uploads\/2019\/08\/macri.png?resize=350%2C200","width":350,"height":200,"srcset":"https:\/\/i0.wp.com\/www.24baires.com\/wp-content\/uploads\/2019\/08\/macri.png?resize=350%2C200 1x, https:\/\/i0.wp.com\/www.24baires.com\/wp-content\/uploads\/2019\/08\/macri.png?resize=525%2C300 1.5x"},"classes":[]},{"id":98409,"url":"http:\/\/www.24baires.com\/?p=98409","url_meta":{"origin":73464,"position":2},"title":"Sobreseyeron al presidente en una causa por enriquecimiento il\u00edcito","author":"GB","date":"29\/10\/2017","format":false,"excerpt":"Por dos a\u00f1os, el Jefe de Estado fue investigado en una causa por enriquecimiento il\u00edcito, negociaciones incompatibles con la funci\u00f3n p\u00fablica y falsificaci\u00f3n de su declaraci\u00f3n jurada. La jueza Elizabeth Paisan, titular del Juzgado Nacional en lo Criminal y Correccional N\u00b0 20, firm\u00f3 el sobreseimiento del presidente Mauricio Macri, quien\u2026","rel":"","context":"En \u00abPol\u00edtica\u00bb","block_context":{"text":"Pol\u00edtica","link":"http:\/\/www.24baires.com\/?cat=51"},"img":{"alt_text":"","src":"https:\/\/i0.wp.com\/www.24baires.com\/wp-content\/uploads\/2017\/02\/macri-conferencia.jpg?resize=350%2C200","width":350,"height":200,"srcset":"https:\/\/i0.wp.com\/www.24baires.com\/wp-content\/uploads\/2017\/02\/macri-conferencia.jpg?resize=350%2C200 1x, https:\/\/i0.wp.com\/www.24baires.com\/wp-content\/uploads\/2017\/02\/macri-conferencia.jpg?resize=525%2C300 1.5x"},"classes":[]},{"id":101901,"url":"http:\/\/www.24baires.com\/?p=101901","url_meta":{"origin":73464,"position":3},"title":"Comienza en Mar del Plata el juicio por las licencias truchas","author":"GB","date":"02\/05\/2018","format":false,"excerpt":"Hay 12 imputados y participar\u00e1n m\u00e1s de 100 testigos en el debate. Entre los juzgados estar\u00e1 Federico Bal El juicio por el caso de las licencias truchas comienza hoy. Los jueces Tribunal Oral en lo Criminal 2 Alexis Simaz, N\u00e9stor Conti y Roberto Falcone determinar\u00e1n si una decena de implicados\u2026","rel":"","context":"En \u00abPoliciales\u00bb","block_context":{"text":"Policiales","link":"http:\/\/www.24baires.com\/?cat=49"},"img":{"alt_text":"","src":"https:\/\/i0.wp.com\/www.24baires.com\/wp-content\/uploads\/2012\/11\/registros-conducir-300x200.jpg?resize=350%2C200","width":350,"height":200},"classes":[]},{"id":100140,"url":"http:\/\/www.24baires.com\/?p=100140","url_meta":{"origin":73464,"position":4},"title":"Detienen a un exintendente de Lincoln por asociaci\u00f3n il\u00edcita","author":"GB","date":"24\/01\/2018","format":false,"excerpt":"Se trata de Jorge Fern\u00e1ndez, quien est\u00e1 acusado por 39 hechos de corrupci\u00f3n. El exintendente de Lincoln, Jorge Fern\u00e1ndez fue detenido en las \u00faltimas horas acusado de encabezar una asociaci\u00f3n il\u00edcita para cometer delitos en su municipio, entre otros \"malversaci\u00f3n, defraudaci\u00f3n a la administraci\u00f3n, falsificaci\u00f3n de documentos y uso de\u2026","rel":"","context":"En \u00abMunicipios\u00bb","block_context":{"text":"Municipios","link":"http:\/\/www.24baires.com\/?cat=44"},"img":{"alt_text":"","src":"https:\/\/i0.wp.com\/www.24baires.com\/wp-content\/uploads\/2018\/01\/ex-intendente-lincol.jpg?resize=350%2C200","width":350,"height":200,"srcset":"https:\/\/i0.wp.com\/www.24baires.com\/wp-content\/uploads\/2018\/01\/ex-intendente-lincol.jpg?resize=350%2C200 1x, https:\/\/i0.wp.com\/www.24baires.com\/wp-content\/uploads\/2018\/01\/ex-intendente-lincol.jpg?resize=525%2C300 1.5x"},"classes":[]},{"id":18737,"url":"http:\/\/www.24baires.com\/?p=18737","url_meta":{"origin":73464,"position":5},"title":"Absolvieron al ex jefe de la Bonaerense Alberto Sobrado en el juicio por enriquecimiento il\u00edcito","author":"AF","date":"18\/03\/2013","format":false,"excerpt":"El ex titular de la fuerza, que se desempe\u00f1\u00f3 en el cargo entre 1999 y 2003, fue absuelto al cabo de un juicio oral realizado por el Tribunal Oral en lo Criminal I de La Plata. Estaba acusado de enriquecimiento il\u00edcito y falsificaci\u00f3n ideol\u00f3gica de instrumento p\u00fablico. El ex titular\u2026","rel":"","context":"En \u00abPol\u00edtica\u00bb","block_context":{"text":"Pol\u00edtica","link":"http:\/\/www.24baires.com\/?cat=51"},"img":{"alt_text":"sobrado pba","src":"https:\/\/i0.wp.com\/www.24baires.com\/wp-content\/uploads\/2013\/02\/sobrado-pba-300x187.jpg?resize=350%2C200","width":350,"height":200},"classes":[]}],"jetpack_sharing_enabled":true,"jetpack_likes_enabled":true,"jetpack_featured_media_url":"","_links":{"self":[{"href":"http:\/\/www.24baires.com\/index.php?rest_route=\/wp\/v2\/posts\/73464","targetHints":{"allow":["GET"]}}],"collection":[{"href":"http:\/\/www.24baires.com\/index.php?rest_route=\/wp\/v2\/posts"}],"about":[{"href":"http:\/\/www.24baires.com\/index.php?rest_route=\/wp\/v2\/types\/post"}],"author":[{"embeddable":true,"href":"http:\/\/www.24baires.com\/index.php?rest_route=\/wp\/v2\/users\/8"}],"replies":[{"embeddable":true,"href":"http:\/\/www.24baires.com\/index.php?rest_route=%2Fwp%2Fv2%2Fcomments&post=73464"}],"version-history":[{"count":1,"href":"http:\/\/www.24baires.com\/index.php?rest_route=\/wp\/v2\/posts\/73464\/revisions"}],"predecessor-version":[{"id":73465,"href":"http:\/\/www.24baires.com\/index.php?rest_route=\/wp\/v2\/posts\/73464\/revisions\/73465"}],"wp:attachment":[{"href":"http:\/\/www.24baires.com\/index.php?rest_route=%2Fwp%2Fv2%2Fmedia&parent=73464"}],"wp:term":[{"taxonomy":"category","embeddable":true,"href":"http:\/\/www.24baires.com\/index.php?rest_route=%2Fwp%2Fv2%2Fcategories&post=73464"},{"taxonomy":"post_tag","embeddable":true,"href":"http:\/\/www.24baires.com\/index.php?rest_route=%2Fwp%2Fv2%2Ftags&post=73464"}],"curies":[{"name":"wp","href":"https:\/\/api.w.org\/{rel}","templated":true}]}}