{"id":73422,"date":"2015-10-10T18:00:19","date_gmt":"2015-10-10T21:00:19","guid":{"rendered":"http:\/\/www.24baires.com\/?p=73422"},"modified":"2015-10-11T11:12:08","modified_gmt":"2015-10-11T14:12:08","slug":"scioli-convoco-a-buscar-la-mayor-unidad-y-la-mayor-integracion-posible","status":"publish","type":"post","link":"http:\/\/www.24baires.com\/?p=73422","title":{"rendered":"Scioli convoc\u00f3 a buscar \u00abla mayor unidad y la mayor integraci\u00f3n posible\u00bb"},"content":{"rendered":"<p><img data-recalc-dims=\"1\" loading=\"lazy\" decoding=\"async\" class=\"aligncenter size-full wp-image-72134\" src=\"https:\/\/i0.wp.com\/www.24baires.com\/wp-content\/uploads\/2015\/09\/scioli1.jpg?resize=560%2C357\" alt=\"scioli\" width=\"560\" height=\"357\" srcset=\"https:\/\/i0.wp.com\/www.24baires.com\/wp-content\/uploads\/2015\/09\/scioli1.jpg?w=560 560w, https:\/\/i0.wp.com\/www.24baires.com\/wp-content\/uploads\/2015\/09\/scioli1.jpg?resize=300%2C191 300w\" sizes=\"auto, (max-width: 560px) 100vw, 560px\" \/>El candidato a presidente por el Frente para la Victoria, Daniel Scioli, convoc\u00f3 a los radicales a que \u00abbusquemos la mayor unidad y la mayor integraci\u00f3n posible\u00bb, al encabezar un acto con el Movimiento Nacional FORJA en Costa Salguero, junto al referente del movimiento nacional alfonsinista, Leopoldo Moreau y el presidente de FORJA, Gustavo L\u00f3pez.<!--more--><\/p>\n<p>\u00abSiento que ustedes hoy no est\u00e1n dejando las convicciones radicales por las coyunturas de una elecci\u00f3n sino que con mucho valor, con mucho coraje, salen a definirse detr\u00e1s de un espacio plural, detr\u00e1s de una serie de pol\u00edticas que traen en estos encuentros puntos y coincidencias de la lucha de Alfons\u00edn\u00bb, asegur\u00f3 Scioli.<\/p>\n<p>As\u00ed, el candidato record\u00f3 la figura de Ra\u00fal Alfons\u00edn y lo que signific\u00f3 en su carrera pol\u00edtica, al tiempo que defini\u00f3 a la UCR como un \u00abpartido hist\u00f3rico y pilar de la democracia\u00bb frente a militantes, funcionarios y dirigentes radicales de todo el pa\u00eds.<\/p>\n<p>Asimismo, reivindic\u00f3 las banderas del peronismo y \u00ablas bases ideales de las causas de los despose\u00eddos, de la justicia social, de lo que hace al esp\u00edritu de nuestros partidos pol\u00edticos\u00bb, apelando a la \u00abunidad nacional\u00bb de los trabajadores y los sectores m\u00e1s necesitados, mientras agradeci\u00f3 el apoyo y el esfuerzo por quienes depositan en su candidatura \u00ablas mejores expectativas\u00bb y critic\u00f3 a quienes buscan \u00abcrear des\u00e1nimo\u00bb.<\/p>\n<p>En este marco, Moreau hizo un repaso de los principales hitos del radicalismo, destacando la figura de Ra\u00fal Alfons\u00edn y la defensa del patrimonio nacional, y convoc\u00f3 a \u00abdar continuidad\u00bb a los procesos iniciados por su partido y que, seg\u00fan se\u00f1al\u00f3, prosiguieron con la presidencia de N\u00e9stor y Cristina Kirchner.<\/p>\n<p>Por su parte, L\u00f3pez manifest\u00f3 el acompa\u00f1amiento de su agrupaci\u00f3n: \u00abEstamos ac\u00e1 para ayudarte a construir el futuro de Argentina\u00bb le dijo a Scioli, al tiempo que reivindic\u00f3 la importancia del espacio nacional y popular.<\/p>\n<p>&nbsp;<\/p>\n<p>&nbsp;<\/p>\n<p>&nbsp;<\/p>\n<p>&nbsp;<\/p>\n<p>&nbsp;<\/p>\n<p>&nbsp;<\/p>\n<p>&nbsp;<\/p>\n<p>&nbsp;<\/p>\n<p>&nbsp;<\/p>\n<p>&nbsp;<\/p>\n<p>&nbsp;<\/p>\n<p>&nbsp;<\/p>\n<p>&nbsp;<\/p>\n<p>&nbsp;<\/p>\n<p>&nbsp;<\/p>\n","protected":false},"excerpt":{"rendered":"<p>El candidato a presidente por el Frente para la Victoria, Daniel Scioli, convoc\u00f3 a los radicales a que \u00abbusquemos la mayor unidad y la mayor integraci\u00f3n posible\u00bb, al encabezar un acto con el Movimiento Nacional FORJA en Costa Salguero, junto al referente del movimiento nacional alfonsinista, Leopoldo Moreau y el presidente de FORJA, Gustavo L\u00f3pez.<\/p>\n","protected":false},"author":8,"featured_media":0,"comment_status":"open","ping_status":"open","sticky":false,"template":"","format":"standard","meta":{"_jetpack_newsletter_access":"","_jetpack_dont_email_post_to_subs":false,"_jetpack_newsletter_tier_id":0,"_jetpack_memberships_contains_paywalled_content":false,"_jetpack_memberships_contains_paid_content":false,"footnotes":""},"categories":[51],"tags":[],"class_list":["post-73422","post","type-post","status-publish","format-standard","hentry","category-politica"],"jetpack_shortlink":"https:\/\/wp.me\/p2JWE0-j6e","jetpack-related-posts":[{"id":107485,"url":"http:\/\/www.24baires.com\/?p=107485","url_meta":{"origin":73422,"position":0},"title":"Macri convoc\u00f3 a los radicales a reunirse en Casa Rosada de cara a las elecciones","author":"AF","date":"02\/04\/2019","format":false,"excerpt":"El Presidente cit\u00f3 a la plana mayor de la UCR para la pr\u00f3xima semana. Asistir\u00e1n los gobernadores Cornejo, Morales y Vald\u00e9s, entre otros. Fuentes del Comit\u00e9 Nacional desmintieron que les hayan ofrecido la candidatura a vicepresidente. Atravesado por la crisis econ\u00f3mica y necesitado de mostrar fortaleza y unidad en el\u2026","rel":"","context":"En \u00abPol\u00edtica\u00bb","block_context":{"text":"Pol\u00edtica","link":"http:\/\/www.24baires.com\/?cat=51"},"img":{"alt_text":"","src":"https:\/\/i0.wp.com\/www.24baires.com\/wp-content\/uploads\/2019\/04\/macri.jpg?resize=350%2C200","width":350,"height":200,"srcset":"https:\/\/i0.wp.com\/www.24baires.com\/wp-content\/uploads\/2019\/04\/macri.jpg?resize=350%2C200 1x, https:\/\/i0.wp.com\/www.24baires.com\/wp-content\/uploads\/2019\/04\/macri.jpg?resize=525%2C300 1.5x"},"classes":[]},{"id":121590,"url":"http:\/\/www.24baires.com\/?p=121590","url_meta":{"origin":73422,"position":1},"title":"Ricardo Alfons\u00edn no es m\u00e1s radical: present\u00f3 la renuncia a la afiliaci\u00f3n de la UCR","author":"GB","date":"30\/08\/2024","format":false,"excerpt":"El ex diputado nacional, Ricardo Alfons\u00edn, present\u00f3 hoy la renuncia a la afiliaci\u00f3n del partido. El hist\u00f3rico referente de la Uni\u00f3n C\u00edvica Radical (UCR), Ricardo Alfons\u00edn, present\u00f3 la renuncia a la afiliaci\u00f3n del partido por diferentes motivos ideol\u00f3gicos. As\u00ed, el ex diputado y quien supo ser Presidente del comit\u00e9 provincial\u2026","rel":"","context":"En \u00abProvincia\u00bb","block_context":{"text":"Provincia","link":"http:\/\/www.24baires.com\/?cat=40"},"img":{"alt_text":"","src":"https:\/\/i0.wp.com\/www.24baires.com\/wp-content\/uploads\/2024\/08\/ricardo-alfonsin.webp?resize=350%2C200","width":350,"height":200,"srcset":"https:\/\/i0.wp.com\/www.24baires.com\/wp-content\/uploads\/2024\/08\/ricardo-alfonsin.webp?resize=350%2C200 1x, https:\/\/i0.wp.com\/www.24baires.com\/wp-content\/uploads\/2024\/08\/ricardo-alfonsin.webp?resize=525%2C300 1.5x, https:\/\/i0.wp.com\/www.24baires.com\/wp-content\/uploads\/2024\/08\/ricardo-alfonsin.webp?resize=700%2C400 2x"},"classes":[]},{"id":24498,"url":"http:\/\/www.24baires.com\/?p=24498","url_meta":{"origin":73422,"position":2},"title":"Para Alfons\u00edn \u201cMassa y Scioli nunca se diferenciaron del Gobierno Nacional\u201d","author":"Grupo Sierra","date":"27\/05\/2013","format":false,"excerpt":"El diputado nacional Ricardo Alfons\u00edn y referente de la UCR manifest\u00f3 su opini\u00f3n sobre el intendente de Tigre y el gobernador bonaerense. Alfons\u00edn encabez\u00f3 el tradicional Locro Radical en Mar del Plata y manifest\u00f3 que desde el espacio que integra tienen \u201clos brazos abiertos\u201d para establecer nuevas alianzas en las\u2026","rel":"","context":"En \u00abPol\u00edtica\u00bb","block_context":{"text":"Pol\u00edtica","link":"http:\/\/www.24baires.com\/?cat=51"},"img":{"alt_text":"","src":"","width":0,"height":0},"classes":[]},{"id":120475,"url":"http:\/\/www.24baires.com\/?p=120475","url_meta":{"origin":73422,"position":3},"title":"Kicillof particip\u00f3 junto a radicales de la inauguraci\u00f3n del Ateneo Ra\u00fal Alfons\u00edn","author":"AF","date":"14\/09\/2023","format":false,"excerpt":"El gobernador encabez\u00f3 un acto que uni\u00f3 a referentes del partido centenario de cara a la elecci\u00f3n de octubre. Cuestionamientos a los proyectos opositores anti-Estado. \u201cLos compa\u00f1eros correligionarios\u201d. Esa fue la f\u00f3rmula discursiva que el gobernador Axel Kicillof utiliz\u00f3 para agradecer a la dirigencia y la militancia presente este jueves\u2026","rel":"","context":"En \u00abPol\u00edtica\u00bb","block_context":{"text":"Pol\u00edtica","link":"http:\/\/www.24baires.com\/?cat=51"},"img":{"alt_text":"","src":"https:\/\/i0.wp.com\/www.24baires.com\/wp-content\/uploads\/2023\/09\/768156-3a-na-0.jpg?resize=350%2C200","width":350,"height":200},"classes":[]},{"id":101501,"url":"http:\/\/www.24baires.com\/?p=101501","url_meta":{"origin":73422,"position":4},"title":"Alfons\u00edn quiere que la UCR tenga un candidato propio para 2018","author":"GB","date":"09\/04\/2018","format":false,"excerpt":"El ex diputado nacional pidi\u00f3 que los radicales \"se pongan el cuchillo entre los dientes\" para defender las ideas del partido. El ex diputado nacional Ricardo Alfons\u00edn ratific\u00f3 sus diferencias con el macrismo y dijo que ser\u00eda \"ideal\" que la Uni\u00f3n C\u00edvica Radical compita con un candidato propio en las\u2026","rel":"","context":"En \u00abPol\u00edtica\u00bb","block_context":{"text":"Pol\u00edtica","link":"http:\/\/www.24baires.com\/?cat=51"},"img":{"alt_text":"","src":"https:\/\/i0.wp.com\/www.24baires.com\/wp-content\/uploads\/2013\/09\/alfonsin.jpg?resize=350%2C200","width":350,"height":200,"srcset":"https:\/\/i0.wp.com\/www.24baires.com\/wp-content\/uploads\/2013\/09\/alfonsin.jpg?resize=350%2C200 1x, https:\/\/i0.wp.com\/www.24baires.com\/wp-content\/uploads\/2013\/09\/alfonsin.jpg?resize=525%2C300 1.5x"},"classes":[]},{"id":57351,"url":"http:\/\/www.24baires.com\/?p=57351","url_meta":{"origin":73422,"position":5},"title":"Carri\u00f3 anunci\u00f3 que se despega del Frente Amplio Unen nacional","author":"AF","date":"19\/11\/2014","format":false,"excerpt":"La diputada nacional se\u00f1al\u00f3, sin embargo, que se quedar\u00e1 en esa alianza en la Capital y en la provincia de Buenos Aires. \"La decisi\u00f3n de la UCR de no hacer alianzas es la mejor manera que el peronismo gane las elecciones\", dijo. \"La decisi\u00f3n de la UCR de no hacer\u2026","rel":"","context":"En \u00abPol\u00edtica\u00bb","block_context":{"text":"Pol\u00edtica","link":"http:\/\/www.24baires.com\/?cat=51"},"img":{"alt_text":"carrio","src":"https:\/\/i0.wp.com\/www.24baires.com\/wp-content\/uploads\/2012\/10\/carrio.jpg?resize=350%2C200","width":350,"height":200,"srcset":"https:\/\/i0.wp.com\/www.24baires.com\/wp-content\/uploads\/2012\/10\/carrio.jpg?resize=350%2C200 1x, https:\/\/i0.wp.com\/www.24baires.com\/wp-content\/uploads\/2012\/10\/carrio.jpg?resize=525%2C300 1.5x"},"classes":[]}],"jetpack_sharing_enabled":true,"jetpack_likes_enabled":true,"jetpack_featured_media_url":"","_links":{"self":[{"href":"http:\/\/www.24baires.com\/index.php?rest_route=\/wp\/v2\/posts\/73422","targetHints":{"allow":["GET"]}}],"collection":[{"href":"http:\/\/www.24baires.com\/index.php?rest_route=\/wp\/v2\/posts"}],"about":[{"href":"http:\/\/www.24baires.com\/index.php?rest_route=\/wp\/v2\/types\/post"}],"author":[{"embeddable":true,"href":"http:\/\/www.24baires.com\/index.php?rest_route=\/wp\/v2\/users\/8"}],"replies":[{"embeddable":true,"href":"http:\/\/www.24baires.com\/index.php?rest_route=%2Fwp%2Fv2%2Fcomments&post=73422"}],"version-history":[{"count":1,"href":"http:\/\/www.24baires.com\/index.php?rest_route=\/wp\/v2\/posts\/73422\/revisions"}],"predecessor-version":[{"id":73423,"href":"http:\/\/www.24baires.com\/index.php?rest_route=\/wp\/v2\/posts\/73422\/revisions\/73423"}],"wp:attachment":[{"href":"http:\/\/www.24baires.com\/index.php?rest_route=%2Fwp%2Fv2%2Fmedia&parent=73422"}],"wp:term":[{"taxonomy":"category","embeddable":true,"href":"http:\/\/www.24baires.com\/index.php?rest_route=%2Fwp%2Fv2%2Fcategories&post=73422"},{"taxonomy":"post_tag","embeddable":true,"href":"http:\/\/www.24baires.com\/index.php?rest_route=%2Fwp%2Fv2%2Ftags&post=73422"}],"curies":[{"name":"wp","href":"https:\/\/api.w.org\/{rel}","templated":true}]}}