{"id":73419,"date":"2015-10-10T16:00:58","date_gmt":"2015-10-10T19:00:58","guid":{"rendered":"http:\/\/www.24baires.com\/?p=73419"},"modified":"2015-10-10T14:39:01","modified_gmt":"2015-10-10T17:39:01","slug":"denuncian-que-la-ciudad-quiere-levantar-un-homenaje-a-desaparecidos","status":"publish","type":"post","link":"http:\/\/www.24baires.com\/?p=73419","title":{"rendered":"Denuncian que la Ciudad quiere levantar un homenaje a desaparecidos"},"content":{"rendered":"<p><img data-recalc-dims=\"1\" loading=\"lazy\" decoding=\"async\" class=\"aligncenter size-full wp-image-73420\" src=\"https:\/\/i0.wp.com\/www.24baires.com\/wp-content\/uploads\/2015\/10\/homenaje-desaparecidos.jpg?resize=560%2C313\" alt=\"homenaje desaparecidos\" width=\"560\" height=\"313\" srcset=\"https:\/\/i0.wp.com\/www.24baires.com\/wp-content\/uploads\/2015\/10\/homenaje-desaparecidos.jpg?w=560 560w, https:\/\/i0.wp.com\/www.24baires.com\/wp-content\/uploads\/2015\/10\/homenaje-desaparecidos.jpg?resize=300%2C168 300w\" sizes=\"auto, (max-width: 560px) 100vw, 560px\" \/>\u00abAl Gobierno porte\u00f1o le molesta todo lo que tenga que ver con los derechos humanos y recordar la dictadura militar pasada\u00bb, expres\u00f3 en di\u00e1logo con Radio 10 Oscar Darquila vecino y miembro del espacio asambleario de Parque Patricios.<!--more--><\/p>\n<p>Un grupo de m\u00e1s de cien vecinos denunci\u00f3 esta semana que el gobierno porte\u00f1o pretende levantar unas baldosas donde est\u00e1n dibujadas las siluetas que recuerdad y homenajean a los 121 desaparecidos que viv\u00edan en Parque Patricios.<\/p>\n<p>\u00abNos dijeron que la obra iba a llegar hasta un m\u00e1stil que es a un metro y medio donde empiezan las siluetas, sin embargo al d\u00eda siguiente nos enteramos que al menos tres de los dibujos hab\u00edan sido levantados\u00bb, cont\u00f3 Darquila en di\u00e1logo con el programa \u00abS\u00e9ptimo D\u00eda\u00bb que conduce Daniela Ballester por Radio 10.<\/p>\n<p>\u00abAl Gobierno de la Ciudad le molesta todo lo que tenga que ver con derechos humanos y recordar la dictadura militar pasada. Est\u00e1 claramente a la vista\u00bb, sostuvo el vecino y agreg\u00f3: \u00bb La memoria, es la memoria del pueblo, no es un capricho. Somos cientos de vecinos que nos convocamos a\u00f1o a a\u00f1o. Esto es parte de nuestra historia y las generaciones que vienen tienen que seguir record\u00e1ndola, pero la intenci\u00f3n de este gobierno es tapar esa memoria\u00bb.<\/p>\n<p>Se trata de la plazoleta de la memoria &#8216;Pastor Jos\u00e9 de Luca&#8217; que desde hace 13 a\u00f1os, vecinos y organizaciones de derechos humanos del barrio vienen pintando y protegiendo las siluetas que homenajean a los desaparecidos. Hasta que hace 3 a\u00f1os el gobierno porte\u00f1o intent\u00f3 borrarlas utilizando hidrolavadoras.<\/p>\n<p>\u00abLas volvimos a pintar pero ahora quieren construir una plaza seca y para eso levantar las baldosas\u00bb, explic\u00f3 Oscar Daquila.<\/p>\n<p>&nbsp;<\/p>\n<p>&nbsp;<\/p>\n<p>&nbsp;<\/p>\n<p>&nbsp;<\/p>\n<p>&nbsp;<\/p>\n<p>&nbsp;<\/p>\n<p>&nbsp;<\/p>\n<p>&nbsp;<\/p>\n<p>&nbsp;<\/p>\n<p>&nbsp;<\/p>\n<p>&nbsp;<\/p>\n<p>&nbsp;<\/p>\n<p>&nbsp;<\/p>\n<p>&nbsp;<\/p>\n<p>&nbsp;<\/p>\n","protected":false},"excerpt":{"rendered":"<p>\u00abAl Gobierno porte\u00f1o le molesta todo lo que tenga que ver con los derechos humanos y recordar la dictadura militar pasada\u00bb, expres\u00f3 en di\u00e1logo con Radio 10 Oscar Darquila vecino y miembro del espacio asambleario de Parque Patricios.<\/p>\n","protected":false},"author":8,"featured_media":0,"comment_status":"open","ping_status":"open","sticky":false,"template":"","format":"standard","meta":{"_jetpack_newsletter_access":"","_jetpack_dont_email_post_to_subs":false,"_jetpack_newsletter_tier_id":0,"_jetpack_memberships_contains_paywalled_content":false,"_jetpack_memberships_contains_paid_content":false,"footnotes":""},"categories":[51],"tags":[],"class_list":["post-73419","post","type-post","status-publish","format-standard","hentry","category-politica"],"jetpack_shortlink":"https:\/\/wp.me\/p2JWE0-j6b","jetpack-related-posts":[{"id":119274,"url":"http:\/\/www.24baires.com\/?p=119274","url_meta":{"origin":73419,"position":0},"title":"Repudian el accionar policial y adviertien que JxC \u00abpone en riesgo la democracia\u00bb","author":"AF","date":"29\/08\/2022","format":false,"excerpt":"Funcionarios y dirigentes del oficialismo criticaron el vallado y el cierre de accesos que dispuso la Polic\u00eda de la Ciudad en torno de la casa de Cristina Fern\u00e1ndez de Kirchner en Recoleta. Funcionarios, dirigentes y referentes del Frente de Todos (FdT) renovaron este lunes sus cr\u00edticas al accionar de la\u2026","rel":"","context":"En \u00abPol\u00edtica\u00bb","block_context":{"text":"Pol\u00edtica","link":"http:\/\/www.24baires.com\/?cat=51"},"img":{"alt_text":"","src":"https:\/\/i0.wp.com\/www.24baires.com\/wp-content\/uploads\/2022\/08\/casa-cfk.jpg?resize=350%2C200","width":350,"height":200,"srcset":"https:\/\/i0.wp.com\/www.24baires.com\/wp-content\/uploads\/2022\/08\/casa-cfk.jpg?resize=350%2C200 1x, https:\/\/i0.wp.com\/www.24baires.com\/wp-content\/uploads\/2022\/08\/casa-cfk.jpg?resize=525%2C300 1.5x, https:\/\/i0.wp.com\/www.24baires.com\/wp-content\/uploads\/2022\/08\/casa-cfk.jpg?resize=700%2C400 2x"},"classes":[]},{"id":116805,"url":"http:\/\/www.24baires.com\/?p=116805","url_meta":{"origin":73419,"position":1},"title":"Larreta ratific\u00f3 que ir\u00e1 a la Corte por los fondos de la polic\u00eda porte\u00f1a","author":"AF","date":"01\/12\/2020","format":false,"excerpt":"Pese a que la iniciativa todav\u00eda no fue convertida en ley por el Congreso, el alcalde porte\u00f1o organiz\u00f3 una conferencia de prensa y apunt\u00f3 contra el gobierno nacional. Si bien el proyecto de ley que fija el monto del traspaso de la Polic\u00eda Federal a la Ciudad no se convirti\u00f3\u2026","rel":"","context":"En \u00abLocales\u00bb","block_context":{"text":"Locales","link":"http:\/\/www.24baires.com\/?cat=38"},"img":{"alt_text":"","src":"https:\/\/i0.wp.com\/www.24baires.com\/wp-content\/uploads\/2017\/10\/pe%C3%B1a-larreta.jpg?resize=350%2C200","width":350,"height":200,"srcset":"https:\/\/i0.wp.com\/www.24baires.com\/wp-content\/uploads\/2017\/10\/pe%C3%B1a-larreta.jpg?resize=350%2C200 1x, https:\/\/i0.wp.com\/www.24baires.com\/wp-content\/uploads\/2017\/10\/pe%C3%B1a-larreta.jpg?resize=525%2C300 1.5x"},"classes":[]},{"id":122150,"url":"http:\/\/www.24baires.com\/?p=122150","url_meta":{"origin":73419,"position":2},"title":"Gran despliegue policial ante una nueva macha de jubilados","author":"GB","date":"19\/03\/2025","format":false,"excerpt":"El Gobierno porte\u00f1o montar\u00e1 un fuerte operativo policial con 900 efectivos, cortes de tr\u00e1nsito y vallado total alrededor del Congreso. El Gobierno de la Ciudad de Buenos Aires desplegar\u00e1 este mi\u00e9rcoles 19 de marzo un operativo de seguridad con 900 efectivos de la Polic\u00eda porte\u00f1a, en el marco de una\u2026","rel":"","context":"En \u00abSociedad\u00bb","block_context":{"text":"Sociedad","link":"http:\/\/www.24baires.com\/?cat=1"},"img":{"alt_text":"","src":"https:\/\/i0.wp.com\/www.24baires.com\/wp-content\/uploads\/2025\/03\/jubilados-represion.jpg?resize=350%2C200","width":350,"height":200,"srcset":"https:\/\/i0.wp.com\/www.24baires.com\/wp-content\/uploads\/2025\/03\/jubilados-represion.jpg?resize=350%2C200 1x, https:\/\/i0.wp.com\/www.24baires.com\/wp-content\/uploads\/2025\/03\/jubilados-represion.jpg?resize=525%2C300 1.5x, https:\/\/i0.wp.com\/www.24baires.com\/wp-content\/uploads\/2025\/03\/jubilados-represion.jpg?resize=700%2C400 2x, https:\/\/i0.wp.com\/www.24baires.com\/wp-content\/uploads\/2025\/03\/jubilados-represion.jpg?resize=1050%2C600 3x"},"classes":[]},{"id":83093,"url":"http:\/\/www.24baires.com\/?p=83093","url_meta":{"origin":73419,"position":3},"title":"Cooperativas acampar\u00e1n en Plaza de Mayo para protestar contra el gobierno porte\u00f1o","author":"GB","date":"24\/05\/2016","format":false,"excerpt":"Reclaman por la reincorporaci\u00f3n de 250 trabajadores desvinculados y un aumento del 40%. Trabajadores de cooperativas de la Ciudad realizar\u00e1n esta tarde una movilizaci\u00f3n en el centro y posterior acampe en Plaza de Mayo en reclamo de la reincorporaci\u00f3n de 250 trabajadores despedidos y un incremento salarial del 40 por\u2026","rel":"","context":"En \u00abPol\u00edtica\u00bb","block_context":{"text":"Pol\u00edtica","link":"http:\/\/www.24baires.com\/?cat=51"},"img":{"alt_text":"","src":"https:\/\/i0.wp.com\/www.24baires.com\/wp-content\/uploads\/2016\/05\/acampe-plaza-mayo.jpg?resize=350%2C200","width":350,"height":200,"srcset":"https:\/\/i0.wp.com\/www.24baires.com\/wp-content\/uploads\/2016\/05\/acampe-plaza-mayo.jpg?resize=350%2C200 1x, https:\/\/i0.wp.com\/www.24baires.com\/wp-content\/uploads\/2016\/05\/acampe-plaza-mayo.jpg?resize=525%2C300 1.5x"},"classes":[]},{"id":107002,"url":"http:\/\/www.24baires.com\/?p=107002","url_meta":{"origin":73419,"position":4},"title":"\u00abEstamos peor, hagan algo\u00bb, el pedido de un obrero frente a Macri","author":"AF","date":"26\/02\/2019","format":false,"excerpt":"El presidente visit\u00f3 unas obras en Barracas, en medio de una de las puestas en escena que arma Cambiemos. Sin embargo, uno de los obreros escap\u00f3 del gui\u00f3n y abord\u00f3 al mandatario. Mauricio Macri visit\u00f3 obras en un complejo de viviendas ubicado en Parque Patricios y Barracas y all\u00ed, en\u2026","rel":"","context":"En \u00abSociedad\u00bb","block_context":{"text":"Sociedad","link":"http:\/\/www.24baires.com\/?cat=1"},"img":{"alt_text":"","src":"https:\/\/i0.wp.com\/www.24baires.com\/wp-content\/uploads\/2019\/02\/macri-obrero.jpg?resize=350%2C200","width":350,"height":200,"srcset":"https:\/\/i0.wp.com\/www.24baires.com\/wp-content\/uploads\/2019\/02\/macri-obrero.jpg?resize=350%2C200 1x, https:\/\/i0.wp.com\/www.24baires.com\/wp-content\/uploads\/2019\/02\/macri-obrero.jpg?resize=525%2C300 1.5x"},"classes":[]},{"id":117612,"url":"http:\/\/www.24baires.com\/?p=117612","url_meta":{"origin":73419,"position":5},"title":"Gin\u00e9s denunciar\u00e1 a Bullrich por acusar al Gobierno de pedir sobornos por las vacunas","author":"AF","date":"24\/05\/2021","format":false,"excerpt":"La presidenta del PRO dijo que Alberto Fern\u00e1ndez y el ex ministro de Salud intentaron obtener un \"retorno\" econ\u00f3mico ilegal por la vacuna de Pfizer. Gin\u00e9s Gonz\u00e1lez Garc\u00eda denunciar\u00e1 a Patricia Bullrich por acusar al Gobierno de pedir sobornos por las vacunas. \"Una barbaridad de este tipo no la voy\u2026","rel":"","context":"En \u00abPol\u00edtica\u00bb","block_context":{"text":"Pol\u00edtica","link":"http:\/\/www.24baires.com\/?cat=51"},"img":{"alt_text":"","src":"https:\/\/i0.wp.com\/www.24baires.com\/wp-content\/uploads\/2020\/04\/gines-gonzalez.jpg?resize=350%2C200","width":350,"height":200,"srcset":"https:\/\/i0.wp.com\/www.24baires.com\/wp-content\/uploads\/2020\/04\/gines-gonzalez.jpg?resize=350%2C200 1x, https:\/\/i0.wp.com\/www.24baires.com\/wp-content\/uploads\/2020\/04\/gines-gonzalez.jpg?resize=525%2C300 1.5x"},"classes":[]}],"jetpack_sharing_enabled":true,"jetpack_likes_enabled":true,"jetpack_featured_media_url":"","_links":{"self":[{"href":"http:\/\/www.24baires.com\/index.php?rest_route=\/wp\/v2\/posts\/73419","targetHints":{"allow":["GET"]}}],"collection":[{"href":"http:\/\/www.24baires.com\/index.php?rest_route=\/wp\/v2\/posts"}],"about":[{"href":"http:\/\/www.24baires.com\/index.php?rest_route=\/wp\/v2\/types\/post"}],"author":[{"embeddable":true,"href":"http:\/\/www.24baires.com\/index.php?rest_route=\/wp\/v2\/users\/8"}],"replies":[{"embeddable":true,"href":"http:\/\/www.24baires.com\/index.php?rest_route=%2Fwp%2Fv2%2Fcomments&post=73419"}],"version-history":[{"count":1,"href":"http:\/\/www.24baires.com\/index.php?rest_route=\/wp\/v2\/posts\/73419\/revisions"}],"predecessor-version":[{"id":73421,"href":"http:\/\/www.24baires.com\/index.php?rest_route=\/wp\/v2\/posts\/73419\/revisions\/73421"}],"wp:attachment":[{"href":"http:\/\/www.24baires.com\/index.php?rest_route=%2Fwp%2Fv2%2Fmedia&parent=73419"}],"wp:term":[{"taxonomy":"category","embeddable":true,"href":"http:\/\/www.24baires.com\/index.php?rest_route=%2Fwp%2Fv2%2Fcategories&post=73419"},{"taxonomy":"post_tag","embeddable":true,"href":"http:\/\/www.24baires.com\/index.php?rest_route=%2Fwp%2Fv2%2Ftags&post=73419"}],"curies":[{"name":"wp","href":"https:\/\/api.w.org\/{rel}","templated":true}]}}