{"id":73416,"date":"2015-10-10T14:17:04","date_gmt":"2015-10-10T17:17:04","guid":{"rendered":"http:\/\/www.24baires.com\/?p=73416"},"modified":"2015-10-10T14:17:04","modified_gmt":"2015-10-10T17:17:04","slug":"mi-vinculo-con-scioli-esta-construido-desde-lo-politico-y-es-lo-mejor-para-la-etapa-que-viene","status":"publish","type":"post","link":"http:\/\/www.24baires.com\/?p=73416","title":{"rendered":"\u00abMi v\u00ednculo con Scioli est\u00e1 construido desde lo pol\u00edtico y es lo mejor para la etapa que viene\u00bb"},"content":{"rendered":"<p><img data-recalc-dims=\"1\" loading=\"lazy\" decoding=\"async\" class=\"aligncenter size-full wp-image-70257\" src=\"https:\/\/i0.wp.com\/www.24baires.com\/wp-content\/uploads\/2015\/08\/zanini2.jpg?resize=560%2C314\" alt=\"zanini2\" width=\"560\" height=\"314\" srcset=\"https:\/\/i0.wp.com\/www.24baires.com\/wp-content\/uploads\/2015\/08\/zanini2.jpg?w=560 560w, https:\/\/i0.wp.com\/www.24baires.com\/wp-content\/uploads\/2015\/08\/zanini2.jpg?resize=300%2C168 300w\" sizes=\"auto, (max-width: 560px) 100vw, 560px\" \/>El candidato a vicepresidente de la Naci\u00f3n por el Frente para la Victoria (FpV) dijo hoy que su v\u00ednculo con el candidato presidencial \u00abest\u00e1 constru\u00eddo desde los pol\u00edtico\u00bb y que \u00abes un orgullo compartir la f\u00f3rmula con quien acompa\u00f1\u00f3 al ex presidente N\u00e9stor Kirchner\u00bb en su mandato.<!--more--><\/p>\n<p>Tambi\u00e9n explic\u00f3 que la demonizaci\u00f3n de su imagen en medios opositores \u00abapunta a restarle votos a Scioli\u00bb pero que la vinculaci\u00f3n entre ambos \u00abes la que tienen dos personas que saben que, para esta etapa, lo mejor que le puede pasar a la Argentina, es ir juntos\u00bb.<\/p>\n<p>\u00abEl v\u00ednculo con Scioli est\u00e1 construido desde lo pol\u00edtico y sabemos que para etapa lo mejor que le puede pasar a la Argentina es ir juntos. Por supuesto que algunos votar\u00e1n la f\u00f3rmula porque estoy yo; y otros porque est\u00e1 \u00e9l, y es justamente esa la riqueza de la f\u00f3rmula: La unidad en la diversidad\u00bb, explic\u00f3 en declaraciones a FM Nacional Rock.<\/p>\n<p>\u00abNo somos ni creo que vayamos a ser personas iguales, \u00e9l es de la Capital, yo del interior y otras diferencias pero tambi\u00e9n los dos peleamos por lo que pensamos. \u00c9l es un tipo con empuje, y yo me hice muy de abajo, viv\u00ed la Argentina que en medio de un gran despelote pol\u00edtico daba oportunidades, por eso concibo la participaci\u00f3n pol\u00edtica como una met\u00e1fora de una Argentina que brindaba eso\u00bb.<\/p>\n<p>Sobre su relaci\u00f3n con el actual gobernador bonaerense, agreg\u00f3 que \u00abhay muchas cosas que se hacen para esmerilar la figura de Scioli incluso hasta criticar el hecho de que yo lo acompa\u00f1e. Yo, por mi parte, lo vivo como la presentaci\u00f3n mala de mi figura, dicen que soy el monje negro&#8230; \u00a1qu\u00e9 se yo!, usan siempre alguna palabra con implicancia negativa\u00bb.<\/p>\n<p>\u00abTransforman la unidad en una cuesti\u00f3n pol\u00edtica, para m\u00ed es un orgullo integrar la f\u00f3rmula con quien acompa\u00f1\u00f3 a N\u00e9stor, me siento parte de este proceso y estoy fel\u00edz de saber que estoy haciendo un aporte\u00bb, destac\u00f3 el candidato a vice.<\/p>\n<p>En el marco de la agenda a seguir cit\u00f3 \u00abel autoabastecimiento energ\u00e9tico\u00bb, la \u00abaplicaci\u00f3n plena de la ley de medios\u00bb y en materia econ\u00f3mica record\u00f3 \u00ablo negativo que fue para el pa\u00eds el endeudamiento\u00bb y la importancia de \u00abcrecer con inclusi\u00f3n\u00bb. Tambi\u00e9n dijo que \u00abla Justicia viene retrasada en la creciente ampliaci\u00f3n de derechos\u00bb que ha alcanzado la sociedad.<\/p>\n<p>Asimismo afirm\u00f3 que si no se llevan adelante las pol\u00edticas prometidas \u00abla gente se va a dar cuenta\u00bb as\u00ed como analiz\u00f3 que \u00ablas cosas que se hicieron en estos doce a\u00f1os ya dejan de ser responsabilidad de una sola persona para ser de toda la sociedad. \u00bfQu\u00e9 pasar\u00eda, por ejemplo, si ma\u00f1ana vamos atr\u00e1s con el matrimonio igualitario?\u00bb, invit\u00f3 a pensar.<\/p>\n<p>Sobre el rol que ocupar\u00eda la presidenta Cristina Fern\u00e1ndez de Kirchner en un eventual gobierno de Scioli, Zannini interpret\u00f3 que \u00abla interlocuci\u00f3n que tiene ella con la sociedad no la va a perder, la centralidad que tiene hace falta verlo en la pr\u00e1ctica. Es la dirigente pol\u00edtica m\u00e1s importante que tiene la Argentina que deja de ser Presidenta pero mantiene su liderazgo, eso es lo nuevo\u00bb, indic\u00f3.<\/p>\n<p>A modo personal consider\u00f3 la Presidenta que no se postul\u00f3 nuevamente como candidata a ning\u00fan cargo porque \u00absu compromiso no es con la tapa del diario de ma\u00f1ana sino con la historia\u00bb.<\/p>\n<p>Consultado sobre c\u00f3mo se tom\u00f3 la decisi\u00f3n de armar la f\u00f3rmula presidencial, respondi\u00f3 que \u00abno\u00bb arm\u00f3 \u00abninguna candidatura\u00bb porque \u00abs\u00ed estaba preocupado por armar una buena primaria interna\u00bb y -a modo personal- consider\u00f3 que el ministro del Interior y Transporte (Florencio Randazzo) \u00abcometi\u00f3 un error porque podr\u00eda haber sido un buen candidato a gobernador en la Provincia de Buenos Aires\u00bb.<\/p>\n","protected":false},"excerpt":{"rendered":"<p>El candidato a vicepresidente de la Naci\u00f3n por el Frente para la Victoria (FpV) dijo hoy que su v\u00ednculo con el candidato presidencial \u00abest\u00e1 constru\u00eddo desde los pol\u00edtico\u00bb y que \u00abes un orgullo compartir la f\u00f3rmula con quien acompa\u00f1\u00f3 al ex presidente N\u00e9stor Kirchner\u00bb en su mandato.<\/p>\n","protected":false},"author":8,"featured_media":0,"comment_status":"open","ping_status":"open","sticky":false,"template":"","format":"standard","meta":{"_jetpack_newsletter_access":"","_jetpack_dont_email_post_to_subs":false,"_jetpack_newsletter_tier_id":0,"_jetpack_memberships_contains_paywalled_content":false,"_jetpack_memberships_contains_paid_content":false,"footnotes":""},"categories":[51],"tags":[],"class_list":["post-73416","post","type-post","status-publish","format-standard","hentry","category-politica"],"jetpack_shortlink":"https:\/\/wp.me\/p2JWE0-j68","jetpack-related-posts":[{"id":120226,"url":"http:\/\/www.24baires.com\/?p=120226","url_meta":{"origin":73416,"position":0},"title":"Cristina recibi\u00f3 a Scioli: \u201cA seguir trabajando, que es lo que hay que hacer\u201d","author":"AF","date":"28\/06\/2023","format":false,"excerpt":"\"Hablamos mucho, con sinceridad y con el respeto de siempre. Me transmiti\u00f3 que su vocaci\u00f3n es ayudar y colaborar como un compa\u00f1ero m\u00e1s\", asegur\u00f3 a trav\u00e9s de las redes sociales la Vicepresidenta sobre el encuentro. La Vicepresidenta Cristina Fern\u00e1ndez de Kirchner public\u00f3 en redes sociales una foto con el embajador\u2026","rel":"","context":"En \u00abPol\u00edtica\u00bb","block_context":{"text":"Pol\u00edtica","link":"http:\/\/www.24baires.com\/?cat=51"},"img":{"alt_text":"","src":"https:\/\/i0.wp.com\/www.24baires.com\/wp-content\/uploads\/2023\/06\/WhatsApp-Image-2023-06-28-at-23.30.42.jpeg?resize=350%2C200","width":350,"height":200,"srcset":"https:\/\/i0.wp.com\/www.24baires.com\/wp-content\/uploads\/2023\/06\/WhatsApp-Image-2023-06-28-at-23.30.42.jpeg?resize=350%2C200 1x, https:\/\/i0.wp.com\/www.24baires.com\/wp-content\/uploads\/2023\/06\/WhatsApp-Image-2023-06-28-at-23.30.42.jpeg?resize=525%2C300 1.5x, https:\/\/i0.wp.com\/www.24baires.com\/wp-content\/uploads\/2023\/06\/WhatsApp-Image-2023-06-28-at-23.30.42.jpeg?resize=700%2C400 2x"},"classes":[]},{"id":72903,"url":"http:\/\/www.24baires.com\/?p=72903","url_meta":{"origin":73416,"position":1},"title":"Sciolli: \u00abEl norte argentino dej\u00f3 de ser la puerta trasera del pa\u00eds\u00bb","author":"GB","date":"30\/09\/2015","format":false,"excerpt":"As\u00ed lo afirm\u00f3 el candidato a presidente por el Frente para la Victoria, en el marco de la ceremonia de inauguraci\u00f3n del Centro Integral de Salud de la ciudad de La Banda, Santiago del Estero. \"Santiago necesita que sigamos trabajando codo a codo, porque el norte argentino ha dejado de\u2026","rel":"","context":"En \u00abPol\u00edtica\u00bb","block_context":{"text":"Pol\u00edtica","link":"http:\/\/www.24baires.com\/?cat=51"},"img":{"alt_text":"scioli","src":"https:\/\/i0.wp.com\/www.24baires.com\/wp-content\/uploads\/2015\/09\/scioli1.jpg?resize=350%2C200","width":350,"height":200,"srcset":"https:\/\/i0.wp.com\/www.24baires.com\/wp-content\/uploads\/2015\/09\/scioli1.jpg?resize=350%2C200 1x, https:\/\/i0.wp.com\/www.24baires.com\/wp-content\/uploads\/2015\/09\/scioli1.jpg?resize=525%2C300 1.5x"},"classes":[]},{"id":71685,"url":"http:\/\/www.24baires.com\/?p=71685","url_meta":{"origin":73416,"position":2},"title":"Zannini: con Scioli \u00absacamos ventaja porque somos una m\u00e1quina de buenas ideas\u00bb","author":"AF","date":"05\/09\/2015","format":false,"excerpt":"El compa\u00f1ero de f\u00f3rmula presidencial de Daniel Scioli (FpV), Carlos Zannini, dijo adem\u00e1s que la propuesta electoral se basa en \"interpretar a la sociedad y generar igualdad, con una Argentina industrializada y un mercado fuerte y mejor para todos\". En el di\u00e1logo que mantuvo con T\u00e9lam en el encuentro del\u2026","rel":"","context":"En \u00abPol\u00edtica\u00bb","block_context":{"text":"Pol\u00edtica","link":"http:\/\/www.24baires.com\/?cat=51"},"img":{"alt_text":"scioli zannini","src":"https:\/\/i0.wp.com\/www.24baires.com\/wp-content\/uploads\/2015\/07\/scioli-zannini1.jpg?resize=350%2C200","width":350,"height":200,"srcset":"https:\/\/i0.wp.com\/www.24baires.com\/wp-content\/uploads\/2015\/07\/scioli-zannini1.jpg?resize=350%2C200 1x, https:\/\/i0.wp.com\/www.24baires.com\/wp-content\/uploads\/2015\/07\/scioli-zannini1.jpg?resize=525%2C300 1.5x"},"classes":[]},{"id":102620,"url":"http:\/\/www.24baires.com\/?p=102620","url_meta":{"origin":73416,"position":3},"title":"Agust\u00edn Rossi critic\u00f3 el acuerdo con el FMI y dijo que fue \u00abun error de Macri\u00bb","author":"AF","date":"08\/06\/2018","format":false,"excerpt":"El diputado explic\u00f3 antes de ingresar Congreso Peron\u00edsta en Ferro : \"nos va a generar much\u00edsimo dolor al conjunto de los argentinos, ning\u00fan pa\u00eds del mundo celebra un acuerdo con el FMI\". El diputado Agust\u00edn Rossi critic\u00f3 el acuerdo con el FMI y dijo que fue \"un error\" de Macri:\u2026","rel":"","context":"En \u00abPol\u00edtica\u00bb","block_context":{"text":"Pol\u00edtica","link":"http:\/\/www.24baires.com\/?cat=51"},"img":{"alt_text":"","src":"https:\/\/i0.wp.com\/www.24baires.com\/wp-content\/uploads\/2015\/02\/rossi1.jpg?resize=350%2C200","width":350,"height":200,"srcset":"https:\/\/i0.wp.com\/www.24baires.com\/wp-content\/uploads\/2015\/02\/rossi1.jpg?resize=350%2C200 1x, https:\/\/i0.wp.com\/www.24baires.com\/wp-content\/uploads\/2015\/02\/rossi1.jpg?resize=525%2C300 1.5x"},"classes":[]},{"id":70850,"url":"http:\/\/www.24baires.com\/?p=70850","url_meta":{"origin":73416,"position":4},"title":"En Tucum\u00e1n, Scioli apoy\u00f3 a Manzur y critic\u00f3 a la \u201calianza del ajuste\u201d","author":"GB","date":"19\/08\/2015","format":false,"excerpt":"El candidato a presidente por el FpV, junto a su compa\u00f1ero de f\u00f3rmula Carlos Zannini, apoy\u00f3 al candidato a gobernador de Tucum\u00e1n y apunt\u00f3 contra la oposici\u00f3n. El candidato a presidente por el Frente para la Victoria (FpV), Daniel Scioli, junto a su compa\u00f1ero de f\u00f3rmula Carlos Zannini, apoy\u00f3 al\u2026","rel":"","context":"En \u00abPoliciales\u00bb","block_context":{"text":"Policiales","link":"http:\/\/www.24baires.com\/?cat=49"},"img":{"alt_text":"","src":"https:\/\/i0.wp.com\/www.24baires.com\/wp-content\/uploads\/2015\/08\/scioli-tucuman.jpg?resize=350%2C200","width":350,"height":200,"srcset":"https:\/\/i0.wp.com\/www.24baires.com\/wp-content\/uploads\/2015\/08\/scioli-tucuman.jpg?resize=350%2C200 1x, https:\/\/i0.wp.com\/www.24baires.com\/wp-content\/uploads\/2015\/08\/scioli-tucuman.jpg?resize=525%2C300 1.5x"},"classes":[]},{"id":69662,"url":"http:\/\/www.24baires.com\/?p=69662","url_meta":{"origin":73416,"position":5},"title":"Scioli destac\u00f3 la \u00abagenda de integraci\u00f3n\u00bb del Frente para la Victoria","author":"AF","date":"28\/07\/2015","format":false,"excerpt":"El candidato a presidente por el Frente para la Victoria, Daniel Scioli, junto al candidato a vicepresidente, Carlos Zannini, encabez\u00f3 el acto de cierre del encuentro regional de candidatos al Parlasur. El candidato presidencial del Frente para la Victoria, Daniel Scioli, cerr\u00f3 en la capital provincial el encuentro de Parlamentarios\u2026","rel":"","context":"En \u00abPol\u00edtica\u00bb","block_context":{"text":"Pol\u00edtica","link":"http:\/\/www.24baires.com\/?cat=51"},"img":{"alt_text":"","src":"https:\/\/i0.wp.com\/www.24baires.com\/wp-content\/uploads\/2015\/07\/scioli-en-mendoza.jpg?resize=350%2C200","width":350,"height":200,"srcset":"https:\/\/i0.wp.com\/www.24baires.com\/wp-content\/uploads\/2015\/07\/scioli-en-mendoza.jpg?resize=350%2C200 1x, https:\/\/i0.wp.com\/www.24baires.com\/wp-content\/uploads\/2015\/07\/scioli-en-mendoza.jpg?resize=525%2C300 1.5x"},"classes":[]}],"jetpack_sharing_enabled":true,"jetpack_likes_enabled":true,"jetpack_featured_media_url":"","_links":{"self":[{"href":"http:\/\/www.24baires.com\/index.php?rest_route=\/wp\/v2\/posts\/73416","targetHints":{"allow":["GET"]}}],"collection":[{"href":"http:\/\/www.24baires.com\/index.php?rest_route=\/wp\/v2\/posts"}],"about":[{"href":"http:\/\/www.24baires.com\/index.php?rest_route=\/wp\/v2\/types\/post"}],"author":[{"embeddable":true,"href":"http:\/\/www.24baires.com\/index.php?rest_route=\/wp\/v2\/users\/8"}],"replies":[{"embeddable":true,"href":"http:\/\/www.24baires.com\/index.php?rest_route=%2Fwp%2Fv2%2Fcomments&post=73416"}],"version-history":[{"count":1,"href":"http:\/\/www.24baires.com\/index.php?rest_route=\/wp\/v2\/posts\/73416\/revisions"}],"predecessor-version":[{"id":73417,"href":"http:\/\/www.24baires.com\/index.php?rest_route=\/wp\/v2\/posts\/73416\/revisions\/73417"}],"wp:attachment":[{"href":"http:\/\/www.24baires.com\/index.php?rest_route=%2Fwp%2Fv2%2Fmedia&parent=73416"}],"wp:term":[{"taxonomy":"category","embeddable":true,"href":"http:\/\/www.24baires.com\/index.php?rest_route=%2Fwp%2Fv2%2Fcategories&post=73416"},{"taxonomy":"post_tag","embeddable":true,"href":"http:\/\/www.24baires.com\/index.php?rest_route=%2Fwp%2Fv2%2Ftags&post=73416"}],"curies":[{"name":"wp","href":"https:\/\/api.w.org\/{rel}","templated":true}]}}