{"id":73392,"date":"2015-10-09T19:00:35","date_gmt":"2015-10-09T22:00:35","guid":{"rendered":"http:\/\/www.24baires.com\/?p=73392"},"modified":"2015-10-09T18:49:48","modified_gmt":"2015-10-09T21:49:48","slug":"imputan-a-un-ministro-de-macri-por-presunto-lavado-de-activos","status":"publish","type":"post","link":"http:\/\/www.24baires.com\/?p=73392","title":{"rendered":"Imputan a un ministro de Macri por presunto lavado de activos"},"content":{"rendered":"<p>La fiscal federal Paloma Ochoa pidi\u00f3 la apertura de un sumario penal y sugiri\u00f3 medidas de prueba para investigar a Hern\u00e1n Lombardi, en una causa en la que se analizan una serie de donaciones en favor de la Fundaci\u00f3n Pensar Argentina, usina de ideas del partido PRO.<!--more--><\/p>\n<p>La fiscal federal Paloma Ochoa pidi\u00f3 la apertura de un sumario penal y sugiri\u00f3 medidas de prueba para investigar al ministro de Cultura del Gobierno de la Ciudad de Buenos Aires, Hern\u00e1n Lombardi, por presunto fraude al estado y lavado de activos, en una causa en la que analizan una serie donaciones a favor de la Fundaci\u00f3n Pensar, usina de ideas del PRO.<\/p>\n<p>En su dictamen ante el juez federal Ariel Lijo, la fiscal tambi\u00e9n imput\u00f3 al presidente del Centro de Estudios Pol\u00edticas P\u00fablicas Aplicadas (CEPPA) y de la fundaci\u00f3n Pensar Argentina, Matteo Goretti Comolli y al integrante del Consejo de Promoci\u00f3n Cultural de la ciudad, Facundo De Almeida.<\/p>\n<p>La causa tuvo su origen en una denuncia de la Procuradur\u00eda de Criminalidad Econ\u00f3mica y Lavado de Activos (Procelac).<\/p>\n<p>Ochoa reclam\u00f3 que se investigue si Goretti Comolli utiliz\u00f3 a CEPPA como una plataforma para desarrollar una ingenier\u00eda de lavado de activos previamente sustra\u00eddos de manera fraudulenta de las arcas porte\u00f1as.<\/p>\n<p>De acuerdo a la denuncia y al dictamen fiscal, el supuesto il\u00edcito se habr\u00eda concretado \u201ca partir de la materializaci\u00f3n de donaciones en favor de la Fundaci\u00f3n Pensar Argentina\u201d, cuyo \u201cun\u00edvoco objeto consiste en ser la usina de ideas del partido PRO\u201d, como indica la propia p\u00e1gina web de la entidad.<\/p>\n<p>Para la fiscal\u00eda Goretti Comolli, \u201cvali\u00e9ndose de la Fundaci\u00f3n CEPPA e invocando fraudulentamente el R\u00e9gimen de Promoci\u00f3n Cultural\u201d establecido por la ley local 2264, obtuvo recursos del gobierno de la ciudad \u2013\u201cal menos 1.302.153 pesos\u201d- por actos administrativos dictados por Lombardi.<\/p>\n<p>La fiscal sostuvo que esos fondos \u201cno se dirig\u00edan al destino para el que fueran suministrados -esto es la promoci\u00f3n de actividades culturales-\u201c, sino que \u201cse desviaban\u201d y serv\u00edan para financiar a la Fundaci\u00f3n Pensar Argentina, \u201cintegrada Lombardi y presidida por Goretti\u00bb.<\/p>\n<p>Ochoa opin\u00f3 que \u00abla maniobra consistente en la reinyecci\u00f3n en el circuito l\u00edcito de los dineros p\u00fablicos que Goretti Comolli percibiera a trav\u00e9s de la Fundaci\u00f3n Ceppa y luego desviara de la finalidad que motivara su asignaci\u00f3n, podr\u00eda extenderse hasta el presente\u00bb.<\/p>\n<p>Uno de los encargados de aprobar los proyectos y los fondos, seg\u00fan la PROCELAC, fue De Almeida.<\/p>\n<p>La Procelac sostuvo que \u201cno existe correspondencia alguna entre las actividades culturales por las cuales CEPPA recibi\u00f3 fondos p\u00fablicos y aquellos prop\u00f3sitos perseguidos por la Fundaci\u00f3n Pensar Argentina, que no es otro que conformar una &#8216;Usina de Ideas de PRO&#8217;\u201d.<\/p>\n<p>La Procuradur\u00eda, a cargo de Carlos Gonella, estim\u00f3 que \u201cdeber\u00eda profundizarse en el circuito del dinero, para conocer si existieron otras transferencias similares\u00bb.<\/p>\n<p>&nbsp;<\/p>\n<p>&nbsp;<\/p>\n<p>&nbsp;<\/p>\n<p>&nbsp;<\/p>\n","protected":false},"excerpt":{"rendered":"<p>La fiscal federal Paloma Ochoa pidi\u00f3 la apertura de un sumario penal y sugiri\u00f3 medidas de prueba para investigar a Hern\u00e1n Lombardi, en una causa en la que se analizan una serie de donaciones en favor de la Fundaci\u00f3n Pensar Argentina, usina de ideas del partido PRO.<\/p>\n","protected":false},"author":8,"featured_media":0,"comment_status":"open","ping_status":"open","sticky":false,"template":"","format":"standard","meta":{"_jetpack_newsletter_access":"","_jetpack_dont_email_post_to_subs":false,"_jetpack_newsletter_tier_id":0,"_jetpack_memberships_contains_paywalled_content":false,"_jetpack_memberships_contains_paid_content":false,"footnotes":""},"categories":[51],"tags":[],"class_list":["post-73392","post","type-post","status-publish","format-standard","hentry","category-politica"],"jetpack_shortlink":"https:\/\/wp.me\/p2JWE0-j5K","jetpack-related-posts":[{"id":105991,"url":"http:\/\/www.24baires.com\/?p=105991","url_meta":{"origin":73392,"position":0},"title":"Imputaron al senador Juan Carlos Marino por el abuso sexual a una empleada en el Congreso","author":"AF","date":"18\/12\/2018","format":false,"excerpt":"El fiscal federal Federico Delgado imput\u00f3 al senador y a sus colaboradores Pedro Fiorda y Juan Carlos Amarilla. El fiscal federal Federico Delgado imput\u00f3 al senador nacional por La Pampa, Juan Carlos Marino (UCR), y a dos de sus asesores en la causa donde fue denunciado por presunto abuso sexual.\u2026","rel":"","context":"En \u00abSociedad\u00bb","block_context":{"text":"Sociedad","link":"http:\/\/www.24baires.com\/?cat=1"},"img":{"alt_text":"","src":"https:\/\/i0.wp.com\/www.24baires.com\/wp-content\/uploads\/2018\/12\/marino.png?resize=350%2C200","width":350,"height":200,"srcset":"https:\/\/i0.wp.com\/www.24baires.com\/wp-content\/uploads\/2018\/12\/marino.png?resize=350%2C200 1x, https:\/\/i0.wp.com\/www.24baires.com\/wp-content\/uploads\/2018\/12\/marino.png?resize=525%2C300 1.5x"},"classes":[]},{"id":105419,"url":"http:\/\/www.24baires.com\/?p=105419","url_meta":{"origin":73392,"position":1},"title":"Imputan a Laura Alonso por exculpar a Macri en la causa de la quita de deuda a Correo Argentino","author":"AF","date":"13\/11\/2018","format":false,"excerpt":"Es por la denuncia de diputados del Frente Renovador. La acusan de violaci\u00f3n de los deberes de funcionario p\u00fablico y denegaci\u00f3n y retardo de justicia. La titular de la Oficina Anticorrupci\u00f3n (OA), Laura Alonso, fue imputada penalmente para ser investigada por la resoluci\u00f3n en la que exculp\u00f3 al presidente Mauricio\u2026","rel":"","context":"En \u00abJUDICIALES\u00bb","block_context":{"text":"JUDICIALES","link":"http:\/\/www.24baires.com\/?cat=68"},"img":{"alt_text":"","src":"https:\/\/i0.wp.com\/www.24baires.com\/wp-content\/uploads\/2016\/07\/laurita-alonso.jpg?resize=350%2C200","width":350,"height":200,"srcset":"https:\/\/i0.wp.com\/www.24baires.com\/wp-content\/uploads\/2016\/07\/laurita-alonso.jpg?resize=350%2C200 1x, https:\/\/i0.wp.com\/www.24baires.com\/wp-content\/uploads\/2016\/07\/laurita-alonso.jpg?resize=525%2C300 1.5x"},"classes":[]},{"id":100953,"url":"http:\/\/www.24baires.com\/?p=100953","url_meta":{"origin":73392,"position":2},"title":"Pidieron ampliar la investigaci\u00f3n contra De Vido","author":"AF","date":"09\/03\/2018","format":false,"excerpt":"As\u00ed lo solicit\u00f3 la fiscal Alejandra M\u00e1ngano al juez Luis Rodr\u00edguez. En qu\u00e9 consiste el dictamen presentado. La Justicia pidi\u00f3 ampliar el per\u00edodo de la investigaci\u00f3n por presunto enriquecimiento il\u00edcito contra el ex ministro de Planificaci\u00f3n Julio De Vido e incluy\u00f3 a sus tres hijos como sospechosos. Mediante un dictamen\u2026","rel":"","context":"En \u00abJUDICIALES\u00bb","block_context":{"text":"JUDICIALES","link":"http:\/\/www.24baires.com\/?cat=68"},"img":{"alt_text":"","src":"https:\/\/i0.wp.com\/www.24baires.com\/wp-content\/uploads\/2017\/07\/de-vido.jpg?resize=350%2C200","width":350,"height":200,"srcset":"https:\/\/i0.wp.com\/www.24baires.com\/wp-content\/uploads\/2017\/07\/de-vido.jpg?resize=350%2C200 1x, https:\/\/i0.wp.com\/www.24baires.com\/wp-content\/uploads\/2017\/07\/de-vido.jpg?resize=525%2C300 1.5x"},"classes":[]},{"id":111797,"url":"http:\/\/www.24baires.com\/?p=111797","url_meta":{"origin":73392,"position":3},"title":"Denuncian al juez Lijo por demorar una resoluci\u00f3n sobre los acusados en la causa del Correo","author":"AF","date":"26\/08\/2019","format":false,"excerpt":"Es por el supuesto delito de encubrimiento debido a la demora en resolver las situaciones procesales de los imputados. El juez Ariel Lijo recibi\u00f3 una denuncia en su contra por el supuesto delito de encubrimiento por su accionar en la causa penal de Correo, porque habr\u00eda demorado en resolver las\u2026","rel":"","context":"En \u00abJUDICIALES\u00bb","block_context":{"text":"JUDICIALES","link":"http:\/\/www.24baires.com\/?cat=68"},"img":{"alt_text":"","src":"https:\/\/i0.wp.com\/www.24baires.com\/wp-content\/uploads\/2017\/11\/lijo.jpg?resize=350%2C200","width":350,"height":200,"srcset":"https:\/\/i0.wp.com\/www.24baires.com\/wp-content\/uploads\/2017\/11\/lijo.jpg?resize=350%2C200 1x, https:\/\/i0.wp.com\/www.24baires.com\/wp-content\/uploads\/2017\/11\/lijo.jpg?resize=525%2C300 1.5x"},"classes":[]},{"id":111244,"url":"http:\/\/www.24baires.com\/?p=111244","url_meta":{"origin":73392,"position":4},"title":"Stornelli falt\u00f3 al sexto llamado a indagatoria de Ramos Padilla","author":"AF","date":"18\/07\/2019","format":false,"excerpt":"El fiscal federal Carlos Stornelli, involucrado en la red de espionaje ilegal destapada por el caso del falso esp\u00eda Marcelo D\u2019Alesio, falt\u00f3 hoy al sexto llamado a indagatoria del juez federal Alejo Ramos Padilla. El integrante del Ministerio P\u00fablico estaba convocado a las 10 de la ma\u00f1ana al juzgado federal\u2026","rel":"","context":"En \u00abJUDICIALES\u00bb","block_context":{"text":"JUDICIALES","link":"http:\/\/www.24baires.com\/?cat=68"},"img":{"alt_text":"","src":"https:\/\/i0.wp.com\/www.24baires.com\/wp-content\/uploads\/2019\/03\/stornelli-1.jpg?resize=350%2C200","width":350,"height":200,"srcset":"https:\/\/i0.wp.com\/www.24baires.com\/wp-content\/uploads\/2019\/03\/stornelli-1.jpg?resize=350%2C200 1x, https:\/\/i0.wp.com\/www.24baires.com\/wp-content\/uploads\/2019\/03\/stornelli-1.jpg?resize=525%2C300 1.5x"},"classes":[]},{"id":101480,"url":"http:\/\/www.24baires.com\/?p=101480","url_meta":{"origin":73392,"position":5},"title":"Macri logr\u00f3 que desplazaran al fiscal que lo imput\u00f3 por el esc\u00e1ndalo del Correo","author":"AF","date":"07\/04\/2018","format":false,"excerpt":"Gracias a una maniobra del procurador interino Eduardo Casal, que responde a los dictados de la Rosada, el fiscal federal Juan Pedro Zoni ya no investigar\u00e1 el caso. Un nuevo \u00e9xito logr\u00f3 este viernes Mauricio Macri en sus intromisiones en temas judiciales que lo comprometen. En este caso, esa victoria\u2026","rel":"","context":"En \u00abJUDICIALES\u00bb","block_context":{"text":"JUDICIALES","link":"http:\/\/www.24baires.com\/?cat=68"},"img":{"alt_text":"","src":"https:\/\/i0.wp.com\/www.24baires.com\/wp-content\/uploads\/2018\/01\/macri.jpg?resize=350%2C200","width":350,"height":200,"srcset":"https:\/\/i0.wp.com\/www.24baires.com\/wp-content\/uploads\/2018\/01\/macri.jpg?resize=350%2C200 1x, https:\/\/i0.wp.com\/www.24baires.com\/wp-content\/uploads\/2018\/01\/macri.jpg?resize=525%2C300 1.5x"},"classes":[]}],"jetpack_sharing_enabled":true,"jetpack_likes_enabled":true,"jetpack_featured_media_url":"","_links":{"self":[{"href":"http:\/\/www.24baires.com\/index.php?rest_route=\/wp\/v2\/posts\/73392","targetHints":{"allow":["GET"]}}],"collection":[{"href":"http:\/\/www.24baires.com\/index.php?rest_route=\/wp\/v2\/posts"}],"about":[{"href":"http:\/\/www.24baires.com\/index.php?rest_route=\/wp\/v2\/types\/post"}],"author":[{"embeddable":true,"href":"http:\/\/www.24baires.com\/index.php?rest_route=\/wp\/v2\/users\/8"}],"replies":[{"embeddable":true,"href":"http:\/\/www.24baires.com\/index.php?rest_route=%2Fwp%2Fv2%2Fcomments&post=73392"}],"version-history":[{"count":1,"href":"http:\/\/www.24baires.com\/index.php?rest_route=\/wp\/v2\/posts\/73392\/revisions"}],"predecessor-version":[{"id":73393,"href":"http:\/\/www.24baires.com\/index.php?rest_route=\/wp\/v2\/posts\/73392\/revisions\/73393"}],"wp:attachment":[{"href":"http:\/\/www.24baires.com\/index.php?rest_route=%2Fwp%2Fv2%2Fmedia&parent=73392"}],"wp:term":[{"taxonomy":"category","embeddable":true,"href":"http:\/\/www.24baires.com\/index.php?rest_route=%2Fwp%2Fv2%2Fcategories&post=73392"},{"taxonomy":"post_tag","embeddable":true,"href":"http:\/\/www.24baires.com\/index.php?rest_route=%2Fwp%2Fv2%2Ftags&post=73392"}],"curies":[{"name":"wp","href":"https:\/\/api.w.org\/{rel}","templated":true}]}}