{"id":73362,"date":"2015-10-09T19:15:53","date_gmt":"2015-10-09T22:15:53","guid":{"rendered":"http:\/\/www.24baires.com\/?p=73362"},"modified":"2015-10-11T11:12:15","modified_gmt":"2015-10-11T14:12:15","slug":"cristina-inaugura-obras-desde-la-utn-de-santa-cruz","status":"publish","type":"post","link":"http:\/\/www.24baires.com\/?p=73362","title":{"rendered":"\u00abLo que hemos hecho en estos a\u00f1os es irreversible\u00bb"},"content":{"rendered":"<p><img data-recalc-dims=\"1\" loading=\"lazy\" decoding=\"async\" src=\"https:\/\/i0.wp.com\/www.24baires.com\/wp-content\/uploads\/2015\/10\/CRISTINA.jpg?resize=560%2C313\" alt=\"CRISTINA\" width=\"560\" height=\"313\" class=\"aligncenter size-full wp-image-73395\" srcset=\"https:\/\/i0.wp.com\/www.24baires.com\/wp-content\/uploads\/2015\/10\/CRISTINA.jpg?w=560 560w, https:\/\/i0.wp.com\/www.24baires.com\/wp-content\/uploads\/2015\/10\/CRISTINA.jpg?resize=300%2C168 300w\" sizes=\"auto, (max-width: 560px) 100vw, 560px\" \/>La Presidenta encabez\u00f3 el acto de inauguraci\u00f3n del natatorio municipal de la capital santacruce\u00f1a y por videoconferencia lanz\u00f3 la licitaci\u00f3n para el acueducto del Lago Buenos Aires.<!--more--><\/p>\n<p>La presidenta Cristina Fern\u00e1ndez de Kirchner celebr\u00f3 hoy estar \u00abconectada con todo el pa\u00eds\u00bb para inaugurar obras \u00abque modifican la vida de los argentinos\u00bb, al encabezar, desde la ciudad santacruce\u00f1a de R\u00edo Gallegos, la apertura del natatorio municipal e inaugurar obras y lanzar licitaciones por videoconferencias con Caleta Olivia (Santa Cruz), Formosa, C\u00f3rdoba y Entre R\u00edos.<\/p>\n<p>La ceremonia se llev\u00f3 a cabo en el aula magna de la Universidad Tecnol\u00f3gica Nacional, donde la mandataria estuvo acompa\u00f1ada por el secretario de Legal y T\u00e9cnica, Carlos Zannini; la ministra de Desarrollo Social de la Naci\u00f3n, Alicia Kirchner; el secretario general de la Presidencia, Eduardo \u00abWado\u00bb de Pedro; el candidato a diputado nacional por el Frente para la Victoria M\u00e1ximo Kirchner; y el titular de Aerol\u00edneas Argentinas, Mariano Recalde, entre otras autoridades, dirigentes pol\u00edticos, gremiales y sociales.<\/p>\n<p>En un discurso transmitido en cadena nacional, la jefa de Estado ponder\u00f3 las obras desarrolladas por su gobierno y recalc\u00f3 que la Argentina es l\u00edder \u00aben calidad de vida\u00bb, al referirse al uso que nuestro pa\u00eds le da a la energ\u00eda nuclear.<\/p>\n<p>\u00abSomos l\u00edderes en materia de no proliferaci\u00f3n\u00bb, remarc\u00f3 la mandataria al realizar anuncios sobre puesta en funcionamiento de tecnolog\u00eda en materia de salud -para enfermos de C\u00e1ncer- tras lo cual destac\u00f3 que Argentina no es \u00abcomo otros pa\u00edses\u00bb y usa la la energ\u00eda nuclear para dar \u00abenerg\u00eda, salud y paz\u00bb.<\/p>\n<p>Antes de la cadena nacional Cristina dialog\u00f3 por videoconferencia con el ministro de Planificaci\u00f3n, Julio De Vido, en Caleta Olivia, para lanzar la licitaci\u00f3n para el acueducto del Lago Buenos Aires, e inaugur\u00f3 un centro de medicina nuclear y molecular en Entre R\u00edos, en comunicaci\u00f3n con el mandatario provincial, Sergio Urribarri.<\/p>\n<p>Adem\u00e1s, mantuvo otras tres videoconferencias, una con el gobernador formose\u00f1o Gildo Insfr\u00e1n, para llamar a Licitaci\u00f3n P\u00fablica Nacional e Internacional del Acueducto del Desarrollo Formose\u00f1o; otra con C\u00f3rdoba, para inaugurar la nueva torre de control del Aeropuerto provincial y la ampliaci\u00f3n y remodelaci\u00f3n de la terminal de pasajeros; y otra para inaugurar el Natatorio Municipal de R\u00edo Gallegos.<\/p>\n","protected":false},"excerpt":{"rendered":"<p>La Presidenta encabez\u00f3 el acto de inauguraci\u00f3n del natatorio municipal de la capital santacruce\u00f1a y por videoconferencia lanz\u00f3 la licitaci\u00f3n para el acueducto del Lago Buenos Aires.<\/p>\n","protected":false},"author":8,"featured_media":0,"comment_status":"open","ping_status":"open","sticky":false,"template":"","format":"standard","meta":{"_jetpack_newsletter_access":"","_jetpack_dont_email_post_to_subs":false,"_jetpack_newsletter_tier_id":0,"_jetpack_memberships_contains_paywalled_content":false,"_jetpack_memberships_contains_paid_content":false,"footnotes":""},"categories":[51],"tags":[],"class_list":["post-73362","post","type-post","status-publish","format-standard","hentry","category-politica"],"jetpack_shortlink":"https:\/\/wp.me\/p2JWE0-j5g","jetpack-related-posts":[{"id":31826,"url":"http:\/\/www.24baires.com\/?p=31826","url_meta":{"origin":73362,"position":0},"title":"La presidenta inaugurar\u00e1 la interconexi\u00f3n el\u00e9ctrica en R\u00edo Gallegos","author":"GB","date":"13\/09\/2013","format":false,"excerpt":"La presidenta Cristina Fern\u00e1ndez de Kirchner encabezar\u00e1 la ceremonia de incorporaci\u00f3n de R\u00edo Gallegos al Sistema Argentino Interconectado (SAI), que antes se denominaba Sistema Interconectado Nacional (SIN). La jefa de Estado partir\u00e1 pasado el mediod\u00eda desde el sector militar del aeroparque metropolitano, y previo al acto que encabezar\u00e1 por la\u2026","rel":"","context":"En \u00abPol\u00edtica\u00bb","block_context":{"text":"Pol\u00edtica","link":"http:\/\/www.24baires.com\/?cat=51"},"img":{"alt_text":"","src":"","width":0,"height":0},"classes":[]},{"id":63420,"url":"http:\/\/www.24baires.com\/?p=63420","url_meta":{"origin":73362,"position":1},"title":"\u00abEl logro m\u00e1s importante es haber empoderado de derechos a la sociedad\u00bb","author":"GB","date":"20\/03\/2015","format":false,"excerpt":"La Presidenta se dirigi\u00f3 a los \"compa\u00f1eros que integran\" el peronismo para pedirles que \"no les importen las cr\u00edticas\" porque \"la historia tiene otros tiempos\". En la villa tur\u00edstica santacruce\u00f1a, Cristina inaugur\u00f3 obras para la ciudad y la provincia. Adem\u00e1s, se comunic\u00f3 por videoconferencia con C\u00f3rdoba y Buenos Aires. La\u2026","rel":"","context":"En \u00abPol\u00edtica\u00bb","block_context":{"text":"Pol\u00edtica","link":"http:\/\/www.24baires.com\/?cat=51"},"img":{"alt_text":"","src":"https:\/\/i0.wp.com\/www.24baires.com\/wp-content\/uploads\/2015\/03\/cristina4.jpg?resize=350%2C200","width":350,"height":200,"srcset":"https:\/\/i0.wp.com\/www.24baires.com\/wp-content\/uploads\/2015\/03\/cristina4.jpg?resize=350%2C200 1x, https:\/\/i0.wp.com\/www.24baires.com\/wp-content\/uploads\/2015\/03\/cristina4.jpg?resize=525%2C300 1.5x"},"classes":[]},{"id":31859,"url":"http:\/\/www.24baires.com\/?p=31859","url_meta":{"origin":73362,"position":2},"title":"Desde R\u00edo Gallegos Cristina inaugur\u00f3 la autov\u00eda Santa Clara-Mar Chiquita","author":"GB","date":"14\/09\/2013","format":false,"excerpt":"Cristina Fern\u00e1ndez dej\u00f3 oficializada la conexi\u00f3n de la capital santacruce\u00f1a al Sistema El\u00e9ctrico Nacional. Tambi\u00e9n realiz\u00f3 una videoconferencia con el candidato a diputado nacional Mart\u00edn Insaurralde, en Mar Chiquita. El primer candidato a diputado nacional del Frenre para la Victoria bonaerense, Mart\u00edn Insaurralde, asegur\u00f3 en Mar Chiquita que \"aqu\u00ed podemos\u2026","rel":"","context":"En \u00abPol\u00edtica\u00bb","block_context":{"text":"Pol\u00edtica","link":"http:\/\/www.24baires.com\/?cat=51"},"img":{"alt_text":"","src":"https:\/\/i0.wp.com\/www.24baires.com\/wp-content\/uploads\/2013\/09\/mar-chiquita.jpg?resize=350%2C200","width":350,"height":200,"srcset":"https:\/\/i0.wp.com\/www.24baires.com\/wp-content\/uploads\/2013\/09\/mar-chiquita.jpg?resize=350%2C200 1x, https:\/\/i0.wp.com\/www.24baires.com\/wp-content\/uploads\/2013\/09\/mar-chiquita.jpg?resize=525%2C300 1.5x"},"classes":[]},{"id":28188,"url":"http:\/\/www.24baires.com\/?p=28188","url_meta":{"origin":73362,"position":3},"title":"Cristina: \u00abQueremos una Argentina igualitaria en la que todos tengan los mismos derechos\u00bb","author":"Grupo Sierra","date":"13\/07\/2013","format":false,"excerpt":"Al inaugurar obras en R\u00edo Gallegos, la Presidenta abog\u00f3 por \u201cuna Argentina en la que sea posible mejorar y que todos tengamos los mismos derechos\u201d. Y subray\u00f3 \"vamos a volver a reconstruir Santa Cruz\u201d. En un discurso emotivo, cargado de recuerdos de cuando N\u00e9stor Kirchner fue intendente de R\u00edo Gallegos\u2026","rel":"","context":"En \u00abPol\u00edtica\u00bb","block_context":{"text":"Pol\u00edtica","link":"http:\/\/www.24baires.com\/?cat=51"},"img":{"alt_text":"","src":"","width":0,"height":0},"classes":[]},{"id":55084,"url":"http:\/\/www.24baires.com\/?p=55084","url_meta":{"origin":73362,"position":4},"title":"Cristina mantendr\u00e1 una videoconferencia con Vladimir Putin","author":"GB","date":"09\/10\/2014","format":false,"excerpt":"La presidenta Cristina Fern\u00e1ndez de Kirchner se comunicar\u00e1 esta tarde, a trav\u00e9s de videoconferencia desde Santa Cruz, con su par de la Federaci\u00f3n de Rusia, Vladimir Putin, se inform\u00f3 oficialmente. En el marco de un acto que se desarrollar\u00e1 en la localidad santacruce\u00f1a de Las Heras, la Presidenta se comunicar\u00e1\u2026","rel":"","context":"En \u00abPol\u00edtica\u00bb","block_context":{"text":"Pol\u00edtica","link":"http:\/\/www.24baires.com\/?cat=51"},"img":{"alt_text":"putin cristina","src":"https:\/\/i0.wp.com\/www.24baires.com\/wp-content\/uploads\/2014\/07\/putin-cristina.jpg?resize=350%2C200","width":350,"height":200,"srcset":"https:\/\/i0.wp.com\/www.24baires.com\/wp-content\/uploads\/2014\/07\/putin-cristina.jpg?resize=350%2C200 1x, https:\/\/i0.wp.com\/www.24baires.com\/wp-content\/uploads\/2014\/07\/putin-cristina.jpg?resize=525%2C300 1.5x"},"classes":[]},{"id":105136,"url":"http:\/\/www.24baires.com\/?p=105136","url_meta":{"origin":73362,"position":5},"title":"En el aniversario de la muerte de Kirchner, M\u00e1ximo pidi\u00f3 \u00abreflexionar muy bien\u00bb a la hora de votar","author":"AF","date":"27\/10\/2018","format":false,"excerpt":"El diputado y l\u00edder de La C\u00e1mpora encabez\u00f3 un acto, rodeado de militantes y dirigentes, en Villa Palito en La Matanza. A ocho a\u00f1os de la muerte del ex presidente N\u00e9stor Kirchner, el l\u00edder de La C\u00e1mpora, M\u00e1ximo Kirchner, encabez\u00f3 un acto en Villa Palito en La Matanza y les\u2026","rel":"","context":"En \u00abPol\u00edtica\u00bb","block_context":{"text":"Pol\u00edtica","link":"http:\/\/www.24baires.com\/?cat=51"},"img":{"alt_text":"","src":"https:\/\/i0.wp.com\/www.24baires.com\/wp-content\/uploads\/2018\/10\/m%C3%A1ximo-kirchner.jpg?resize=350%2C200","width":350,"height":200,"srcset":"https:\/\/i0.wp.com\/www.24baires.com\/wp-content\/uploads\/2018\/10\/m%C3%A1ximo-kirchner.jpg?resize=350%2C200 1x, https:\/\/i0.wp.com\/www.24baires.com\/wp-content\/uploads\/2018\/10\/m%C3%A1ximo-kirchner.jpg?resize=525%2C300 1.5x"},"classes":[]}],"jetpack_sharing_enabled":true,"jetpack_likes_enabled":true,"jetpack_featured_media_url":"","_links":{"self":[{"href":"http:\/\/www.24baires.com\/index.php?rest_route=\/wp\/v2\/posts\/73362","targetHints":{"allow":["GET"]}}],"collection":[{"href":"http:\/\/www.24baires.com\/index.php?rest_route=\/wp\/v2\/posts"}],"about":[{"href":"http:\/\/www.24baires.com\/index.php?rest_route=\/wp\/v2\/types\/post"}],"author":[{"embeddable":true,"href":"http:\/\/www.24baires.com\/index.php?rest_route=\/wp\/v2\/users\/8"}],"replies":[{"embeddable":true,"href":"http:\/\/www.24baires.com\/index.php?rest_route=%2Fwp%2Fv2%2Fcomments&post=73362"}],"version-history":[{"count":3,"href":"http:\/\/www.24baires.com\/index.php?rest_route=\/wp\/v2\/posts\/73362\/revisions"}],"predecessor-version":[{"id":73400,"href":"http:\/\/www.24baires.com\/index.php?rest_route=\/wp\/v2\/posts\/73362\/revisions\/73400"}],"wp:attachment":[{"href":"http:\/\/www.24baires.com\/index.php?rest_route=%2Fwp%2Fv2%2Fmedia&parent=73362"}],"wp:term":[{"taxonomy":"category","embeddable":true,"href":"http:\/\/www.24baires.com\/index.php?rest_route=%2Fwp%2Fv2%2Fcategories&post=73362"},{"taxonomy":"post_tag","embeddable":true,"href":"http:\/\/www.24baires.com\/index.php?rest_route=%2Fwp%2Fv2%2Ftags&post=73362"}],"curies":[{"name":"wp","href":"https:\/\/api.w.org\/{rel}","templated":true}]}}