{"id":73349,"date":"2015-10-08T21:10:24","date_gmt":"2015-10-09T00:10:24","guid":{"rendered":"http:\/\/www.24baires.com\/?p=73349"},"modified":"2015-10-08T21:10:24","modified_gmt":"2015-10-09T00:10:24","slug":"filmus-reitero-ante-la-onu-que-es-la-hora-del-dialogo-por-malvinas","status":"publish","type":"post","link":"http:\/\/www.24baires.com\/?p=73349","title":{"rendered":"Filmus reiter\u00f3 ante la ONU que \u00abes la hora del di\u00e1logo\u00bb por Malvinas"},"content":{"rendered":"<p>El secretario de Asuntos Relativos a las Islas disert\u00f3 en las Naciones Unidas, donde consider\u00f3 que \u00abtarde o temprano los pueblos recuperan pac\u00edficamente los territorios usurpados por la v\u00eda militar\u00bb.<!--more--><\/p>\n<p>En el marco de la 70\u00b0 Asamblea General de las Naciones Unidas, Filmus habl\u00f3 en Nueva York ante la Comisi\u00f3n de Pol\u00edtica Especial y Descolonizaci\u00f3n, conocida como la Cuarta Comisi\u00f3n, donde en nombre del gobierno argentino volvi\u00f3 a reclamarle al Reino Unido \u00abreanudar el di\u00e1logo que supimos mantener en el pasado para encontrar una soluci\u00f3n pac\u00edfica y duradera\u00bb a la demanda de soberan\u00eda sobre las Islas Malvinas.<\/p>\n<p>El funcionario argentino record\u00f3 que este a\u00f1o se cumple el 50\u00b0 aniversario de la resoluci\u00f3n 2065, a trav\u00e9s de la cual la Asamblea General de la ONU defini\u00f3 \u00aben t\u00e9rminos jur\u00eddicos precisos la disputa de soberan\u00eda\u00bb que \u00absignific\u00f3 el triunfo contundente de la diplomacia y el multilateralismo frente a toda pretensi\u00f3n de perpetuar el colonialismo\u00bb.<\/p>\n<p>\u00abToda la humanidad sabe que el colonialismo no es eterno, que tarde o temprano los pueblos recuperan pac\u00edficamente los territorios que fueron usurpados por la v\u00eda de la prepotencia del poder militar\u00bb asever\u00f3 el funcionario argentino y pidi\u00f3 que \u00abno se prolongue m\u00e1s esta situaci\u00f3n de injusticia\u00bb<\/p>\n<p>Indic\u00f3 que \u00ab50 a\u00f1os de incumplimiento de la Resoluci\u00f3n 2065 son demasiado para quienes reclamamos el di\u00e1logo como el mecanismo de resoluci\u00f3n de la disputa de soberan\u00eda\u00bb y record\u00f3 que el \u00abmandato cardinal\u00bb a favor del di\u00e1logo bilateral, expresado por Naciones Unidas, tambi\u00e9n ha sido acompa\u00f1ado por la UNASUR, la OEA, la CELAC, el Alba, la OLADE, la ALADI, el Movimiento de los no Alineados, la Cumbre de Am\u00e9rica del Sur y Pa\u00edses \u00c1rabes, la Cumbre de Am\u00e9rica del Sur y \u00c1frica y el G77 y China.<\/p>\n<p>&nbsp;<\/p>\n<p>&nbsp;<\/p>\n<p>&nbsp;<\/p>\n<p>&nbsp;<\/p>\n<p>&nbsp;<\/p>\n<p>&nbsp;<\/p>\n<p>&nbsp;<\/p>\n<p>&nbsp;<\/p>\n<p>&nbsp;<\/p>\n<p>&nbsp;<\/p>\n<p>&nbsp;<\/p>\n<p>&nbsp;<\/p>\n<p>&nbsp;<\/p>\n<p>&nbsp;<\/p>\n","protected":false},"excerpt":{"rendered":"<p>El secretario de Asuntos Relativos a las Islas disert\u00f3 en las Naciones Unidas, donde consider\u00f3 que \u00abtarde o temprano los pueblos recuperan pac\u00edficamente los territorios usurpados por la v\u00eda militar\u00bb.<\/p>\n","protected":false},"author":8,"featured_media":0,"comment_status":"open","ping_status":"open","sticky":false,"template":"","format":"standard","meta":{"_jetpack_newsletter_access":"","_jetpack_dont_email_post_to_subs":false,"_jetpack_newsletter_tier_id":0,"_jetpack_memberships_contains_paywalled_content":false,"_jetpack_memberships_contains_paid_content":false,"footnotes":""},"categories":[51],"tags":[],"class_list":["post-73349","post","type-post","status-publish","format-standard","hentry","category-politica"],"jetpack_shortlink":"https:\/\/wp.me\/p2JWE0-j53","jetpack-related-posts":[{"id":119005,"url":"http:\/\/www.24baires.com\/?p=119005","url_meta":{"origin":73349,"position":0},"title":"Cafiero pidi\u00f3 al Reino Unido retomar las negociaciones por la soberan\u00eda sobre Malvinas","author":"AF","date":"23\/06\/2022","format":false,"excerpt":"Durante su exposici\u00f3n en la Sesi\u00f3n Especial del Comit\u00e9 de Descolonizaci\u00f3n de la Organizaci\u00f3n de las Naciones Unidas, el Canciller le dijo adem\u00e1s que \"es momento\" de que \"deje en las p\u00e1ginas de la historia su ejercicio de potencia colonial\". El canciller Santiago Cafiero pidi\u00f3 que el Reino Unido \"no\u2026","rel":"","context":"En \u00abInternacionales\u00bb","block_context":{"text":"Internacionales","link":"http:\/\/www.24baires.com\/?cat=73"},"img":{"alt_text":"","src":"https:\/\/i0.wp.com\/www.24baires.com\/wp-content\/uploads\/2022\/06\/cafiero.jpg?resize=350%2C200","width":350,"height":200,"srcset":"https:\/\/i0.wp.com\/www.24baires.com\/wp-content\/uploads\/2022\/06\/cafiero.jpg?resize=350%2C200 1x, https:\/\/i0.wp.com\/www.24baires.com\/wp-content\/uploads\/2022\/06\/cafiero.jpg?resize=525%2C300 1.5x, https:\/\/i0.wp.com\/www.24baires.com\/wp-content\/uploads\/2022\/06\/cafiero.jpg?resize=700%2C400 2x"},"classes":[]},{"id":80927,"url":"http:\/\/www.24baires.com\/?p=80927","url_meta":{"origin":73349,"position":1},"title":"Filmus: \u00abEcharon a todos los que trabajaban en la Secretar\u00eda de Malvinas\u00bb","author":"GB","date":"03\/04\/2016","format":false,"excerpt":"El diputado del Parlasur y ex secretario de Asuntos Relativos a Malvinas dialog\u00f3 con Pol\u00edtica Argentina, rememor\u00f3 el aniversario de la guerra de Malvinas y dispar\u00f3 contra Cambiemos: \"A pesar de la sonrisa de Macri, Cameron le dijo que no iba a tocar el tema Malvinas\". El diputado nacional del\u2026","rel":"","context":"En \u00abPol\u00edtica\u00bb","block_context":{"text":"Pol\u00edtica","link":"http:\/\/www.24baires.com\/?cat=51"},"img":{"alt_text":"daniel-filmus","src":"https:\/\/i0.wp.com\/www.24baires.com\/wp-content\/uploads\/2013\/12\/daniel-filmus.jpg?resize=350%2C200","width":350,"height":200,"srcset":"https:\/\/i0.wp.com\/www.24baires.com\/wp-content\/uploads\/2013\/12\/daniel-filmus.jpg?resize=350%2C200 1x, https:\/\/i0.wp.com\/www.24baires.com\/wp-content\/uploads\/2013\/12\/daniel-filmus.jpg?resize=525%2C300 1.5x"},"classes":[]},{"id":64775,"url":"http:\/\/www.24baires.com\/?p=64775","url_meta":{"origin":73349,"position":2},"title":"Filmus destac\u00f3 \u00abel apoyo de Rusia por Malvinas\u00bb","author":"GB","date":"23\/04\/2015","format":false,"excerpt":"El secretario de Asuntos Relativos a las Islas Malvinas, Daniel Filmus, consider\u00f3 hoy que \u201cel apoyo expresado hoy por Rusia en la Cuesti\u00f3n Malvinas durante la visita a Mosc\u00fa de la Presidenta de la Rep\u00fablica Argentina, Cristina Fern\u00e1ndez de Kirchner, es otro claro ejemplo de que esta es una causa\u2026","rel":"","context":"En \u00abPol\u00edtica\u00bb","block_context":{"text":"Pol\u00edtica","link":"http:\/\/www.24baires.com\/?cat=51"},"img":{"alt_text":"daniel-filmus","src":"https:\/\/i0.wp.com\/www.24baires.com\/wp-content\/uploads\/2013\/12\/daniel-filmus.jpg?resize=350%2C200","width":350,"height":200,"srcset":"https:\/\/i0.wp.com\/www.24baires.com\/wp-content\/uploads\/2013\/12\/daniel-filmus.jpg?resize=350%2C200 1x, https:\/\/i0.wp.com\/www.24baires.com\/wp-content\/uploads\/2013\/12\/daniel-filmus.jpg?resize=525%2C300 1.5x"},"classes":[]},{"id":63733,"url":"http:\/\/www.24baires.com\/?p=63733","url_meta":{"origin":73349,"position":3},"title":"Argentina denunci\u00f3 el aumento del gasto militar en Malvinas","author":"GB","date":"30\/03\/2015","format":false,"excerpt":"La Argentina denunci\u00f3 hoy \"el injustificado aumento del ya desmedido gasto militar brit\u00e1nico en las Islas Malvinas\" mediante notas enviadas por el canciller H\u00e9ctor Timerman a la ONU, la OEA, la Unasur y otros organismos internacionales. La Argentina denunci\u00f3 hoy \"el injustificado aumento del ya desmedido gasto militar brit\u00e1nico en\u2026","rel":"","context":"En \u00abPol\u00edtica\u00bb","block_context":{"text":"Pol\u00edtica","link":"http:\/\/www.24baires.com\/?cat=51"},"img":{"alt_text":"","src":"","width":0,"height":0},"classes":[]},{"id":37237,"url":"http:\/\/www.24baires.com\/?p=37237","url_meta":{"origin":73349,"position":4},"title":"Filmus le respondi\u00f3 a Cameron: \u00abHay que discutir por la soberan\u00eda\u00bb","author":"Grupo Sierra","date":"21\/12\/2013","format":false,"excerpt":"El mismo d\u00eda en el que fue designado al frente de la flamante secretar\u00eda abocada a cuestiones relativas a las Islas Malvinas, el ex senador Daniel Filmus lament\u00f3 las \u201cdeclaraciones agresivas\u201d del primer ministro brit\u00e1nico. Tras ser designado al frente de la nueva secretar\u00eda creada en el \u00e1mbito de la\u2026","rel":"","context":"En \u00abSociedad\u00bb","block_context":{"text":"Sociedad","link":"http:\/\/www.24baires.com\/?cat=1"},"img":{"alt_text":"daniel-filmus","src":"https:\/\/i0.wp.com\/www.24baires.com\/wp-content\/uploads\/2013\/12\/daniel-filmus.jpg?resize=350%2C200","width":350,"height":200,"srcset":"https:\/\/i0.wp.com\/www.24baires.com\/wp-content\/uploads\/2013\/12\/daniel-filmus.jpg?resize=350%2C200 1x, https:\/\/i0.wp.com\/www.24baires.com\/wp-content\/uploads\/2013\/12\/daniel-filmus.jpg?resize=525%2C300 1.5x"},"classes":[]},{"id":46479,"url":"http:\/\/www.24baires.com\/?p=46479","url_meta":{"origin":73349,"position":5},"title":"Brasil renov\u00f3 su apoyo a Argentina en el reclamo por Malvinas","author":"AF","date":"21\/05\/2014","format":false,"excerpt":"El ministro de Defensa de Brasil, Celso Amorim, y el vicecanciller Eduardo Dos Santos ratificaron el respaldo de su pa\u00eds al reclamo argentino de soberan\u00eda en Malvinas y otras islas y espacios sudatl\u00e1nticos, en reuniones con el secretario de Asuntos Relativos a las Islas Malvinas de la Canciller\u00eda, Daniel Filmus,\u2026","rel":"","context":"En \u00abPol\u00edtica\u00bb","block_context":{"text":"Pol\u00edtica","link":"http:\/\/www.24baires.com\/?cat=51"},"img":{"alt_text":"","src":"https:\/\/i0.wp.com\/www.24baires.com\/wp-content\/uploads\/2014\/05\/filmus-brasil.jpg?resize=350%2C200","width":350,"height":200,"srcset":"https:\/\/i0.wp.com\/www.24baires.com\/wp-content\/uploads\/2014\/05\/filmus-brasil.jpg?resize=350%2C200 1x, https:\/\/i0.wp.com\/www.24baires.com\/wp-content\/uploads\/2014\/05\/filmus-brasil.jpg?resize=525%2C300 1.5x"},"classes":[]}],"jetpack_sharing_enabled":true,"jetpack_likes_enabled":true,"jetpack_featured_media_url":"","_links":{"self":[{"href":"http:\/\/www.24baires.com\/index.php?rest_route=\/wp\/v2\/posts\/73349","targetHints":{"allow":["GET"]}}],"collection":[{"href":"http:\/\/www.24baires.com\/index.php?rest_route=\/wp\/v2\/posts"}],"about":[{"href":"http:\/\/www.24baires.com\/index.php?rest_route=\/wp\/v2\/types\/post"}],"author":[{"embeddable":true,"href":"http:\/\/www.24baires.com\/index.php?rest_route=\/wp\/v2\/users\/8"}],"replies":[{"embeddable":true,"href":"http:\/\/www.24baires.com\/index.php?rest_route=%2Fwp%2Fv2%2Fcomments&post=73349"}],"version-history":[{"count":1,"href":"http:\/\/www.24baires.com\/index.php?rest_route=\/wp\/v2\/posts\/73349\/revisions"}],"predecessor-version":[{"id":73350,"href":"http:\/\/www.24baires.com\/index.php?rest_route=\/wp\/v2\/posts\/73349\/revisions\/73350"}],"wp:attachment":[{"href":"http:\/\/www.24baires.com\/index.php?rest_route=%2Fwp%2Fv2%2Fmedia&parent=73349"}],"wp:term":[{"taxonomy":"category","embeddable":true,"href":"http:\/\/www.24baires.com\/index.php?rest_route=%2Fwp%2Fv2%2Fcategories&post=73349"},{"taxonomy":"post_tag","embeddable":true,"href":"http:\/\/www.24baires.com\/index.php?rest_route=%2Fwp%2Fv2%2Ftags&post=73349"}],"curies":[{"name":"wp","href":"https:\/\/api.w.org\/{rel}","templated":true}]}}