{"id":73334,"date":"2015-10-08T18:54:27","date_gmt":"2015-10-08T21:54:27","guid":{"rendered":"http:\/\/www.24baires.com\/?p=73334"},"modified":"2015-10-08T18:54:27","modified_gmt":"2015-10-08T21:54:27","slug":"massa-sigue-perdiendo-dirigentes-dos-mas-que-se-suman-a-scioli","status":"publish","type":"post","link":"http:\/\/www.24baires.com\/?p=73334","title":{"rendered":"Massa sigue perdiendo dirigentes: Dos m\u00e1s que se suman a Scioli"},"content":{"rendered":"<p><img data-recalc-dims=\"1\" loading=\"lazy\" decoding=\"async\" class=\"aligncenter size-full wp-image-67454\" src=\"https:\/\/i0.wp.com\/www.24baires.com\/wp-content\/uploads\/2015\/06\/sergio-massa.jpg?resize=560%2C199\" alt=\"sergio massa\" width=\"560\" height=\"199\" srcset=\"https:\/\/i0.wp.com\/www.24baires.com\/wp-content\/uploads\/2015\/06\/sergio-massa.jpg?w=560 560w, https:\/\/i0.wp.com\/www.24baires.com\/wp-content\/uploads\/2015\/06\/sergio-massa.jpg?resize=300%2C107 300w\" sizes=\"auto, (max-width: 560px) 100vw, 560px\" \/>Otros dos referentes del Frente Renovador de<strong> La Plata<\/strong> resolvieron hoy abandonar esa fuerza pol\u00edtica para incorporarse al Frente para la Victoria y apoyar la candidatura presidencial de Daniel Scioli.<!--more--><\/p>\n<p>Se trata del ex candidato a intendente por el Frente Renovador, Carlos Melzi y el candidato a concejal y ex diputado provincial, Alberto Delgado.<\/p>\n<p>Melzi y Delgado se suman as\u00ed a los dirigentes platenses Marcelo \u00abChubito\u00bb Leguizam\u00f3n y Javier Pacharotti que hab\u00edan tomado la misma decisi\u00f3n esta semana.<\/p>\n<p>El secretario general de la Gobernaci\u00f3n, Mart\u00edn Ferr\u00e9, recibi\u00f3 hoy a Delgado y asegur\u00f3 que \u00abmuchos referentes del massismo ven que Daniel Scioli es la \u00fanica alternativa para continuar con las banderas del peronismo como son la justicia social, la igualdad de derechos y el desarrollo nacional\u00bb.<\/p>\n<p>\u00abRecibir nuevamente a dirigentes con una trayectoria tan importante dentro del peronismo como la de Delgado no hace m\u00e1s que ratificar la convicci\u00f3n de que somos hoy la \u00fanica fuerza posible para hacer frente a una propuesta neoliberal que busca echar por tierra todos los logros conseguidos hasta el momento\u00bb, grafic\u00f3.<\/p>\n<p>En tanto, Delgado consider\u00f3 que \u00abcomo dirigente peronista vuelvo al lugar donde puedo apoyar a un candidato que asegura una patria productiva y que piensa en la gente. Y ese es Daniel Scioli\u00bb.<\/p>\n<p>&nbsp;<\/p>\n<p>&nbsp;<\/p>\n<p>&nbsp;<\/p>\n<p>&nbsp;<\/p>\n<p>&nbsp;<\/p>\n<p>&nbsp;<\/p>\n<p>&nbsp;<\/p>\n<p>&nbsp;<\/p>\n<p>&nbsp;<\/p>\n<p>&nbsp;<\/p>\n<p>&nbsp;<\/p>\n<p>&nbsp;<\/p>\n<p>&nbsp;<\/p>\n<p>&nbsp;<\/p>\n","protected":false},"excerpt":{"rendered":"<p>Otros dos referentes del Frente Renovador de La Plata resolvieron hoy abandonar esa fuerza pol\u00edtica para incorporarse al Frente para la Victoria y apoyar la candidatura presidencial de Daniel Scioli.<\/p>\n","protected":false},"author":8,"featured_media":0,"comment_status":"open","ping_status":"open","sticky":false,"template":"","format":"standard","meta":{"_jetpack_newsletter_access":"","_jetpack_dont_email_post_to_subs":false,"_jetpack_newsletter_tier_id":0,"_jetpack_memberships_contains_paywalled_content":false,"_jetpack_memberships_contains_paid_content":false,"footnotes":""},"categories":[51],"tags":[],"class_list":["post-73334","post","type-post","status-publish","format-standard","hentry","category-politica"],"jetpack_shortlink":"https:\/\/wp.me\/p2JWE0-j4O","jetpack-related-posts":[{"id":108349,"url":"http:\/\/www.24baires.com\/?p=108349","url_meta":{"origin":73334,"position":0},"title":"Camino a la unidad: el PJ recibe quince agrupaciones opositoras","author":"AF","date":"23\/05\/2019","format":false,"excerpt":"El presidente del PJ, Jos\u00e9 Luis Gioja, recibe a dirigentes y referentes de unas quince fuerzas pol\u00edticas que se sumar\u00e1n a la coalici\u00f3n, con el objetivo de apoyar la candidatura de Alberto Fern\u00e1ndez y Cristina Kirchner. Gioja intenta llegar a fin de mes con el frente electoral opositor ya delineado.\u2026","rel":"","context":"En \u00abPol\u00edtica\u00bb","block_context":{"text":"Pol\u00edtica","link":"http:\/\/www.24baires.com\/?cat=51"},"img":{"alt_text":"","src":"https:\/\/i0.wp.com\/www.24baires.com\/wp-content\/uploads\/2019\/05\/cumbre-pj.jpeg?resize=350%2C200","width":350,"height":200,"srcset":"https:\/\/i0.wp.com\/www.24baires.com\/wp-content\/uploads\/2019\/05\/cumbre-pj.jpeg?resize=350%2C200 1x, https:\/\/i0.wp.com\/www.24baires.com\/wp-content\/uploads\/2019\/05\/cumbre-pj.jpeg?resize=525%2C300 1.5x"},"classes":[]},{"id":120181,"url":"http:\/\/www.24baires.com\/?p=120181","url_meta":{"origin":73334,"position":1},"title":"El Frente de Todos pasa a llamarse \u00abUni\u00f3n por la Patria\u00bb","author":"AF","date":"14\/06\/2023","format":false,"excerpt":"Los distintos sectores que componen el frente oficialista mantienen reuniones para definir, entre otras cosas, la constituci\u00f3n de su junta partidaria y el reglamento electoral que fijar\u00e1 pisos y porcentajes para la integraci\u00f3n de listas. El Frente de Todos (FdT) se llamar\u00e1 Uni\u00f3n por la Patria (UxP) en las pr\u00f3ximas\u2026","rel":"","context":"En \u00abPol\u00edtica\u00bb","block_context":{"text":"Pol\u00edtica","link":"http:\/\/www.24baires.com\/?cat=51"},"img":{"alt_text":"","src":"https:\/\/i0.wp.com\/www.24baires.com\/wp-content\/uploads\/2023\/06\/cfk-25-5.png?resize=350%2C200","width":350,"height":200,"srcset":"https:\/\/i0.wp.com\/www.24baires.com\/wp-content\/uploads\/2023\/06\/cfk-25-5.png?resize=350%2C200 1x, https:\/\/i0.wp.com\/www.24baires.com\/wp-content\/uploads\/2023\/06\/cfk-25-5.png?resize=525%2C300 1.5x, https:\/\/i0.wp.com\/www.24baires.com\/wp-content\/uploads\/2023\/06\/cfk-25-5.png?resize=700%2C400 2x, https:\/\/i0.wp.com\/www.24baires.com\/wp-content\/uploads\/2023\/06\/cfk-25-5.png?resize=1050%2C600 3x"},"classes":[]},{"id":74497,"url":"http:\/\/www.24baires.com\/?p=74497","url_meta":{"origin":73334,"position":2},"title":"El massismo de Chaco tambi\u00e9n oficializ\u00f3 su respaldo a la candidatura de Scioli","author":"GB","date":"02\/11\/2015","format":false,"excerpt":"Tras el apoyo a la f\u00f3rmula del FPV del ex candidato massista a gobernador de Entre R\u00edos, los referentes de ese espacio en Chaco se pronunciaron en el mismo sentido y cuestionaron a Macri por representar \"el centralismo porte\u00f1o\". Dirigentes del massismo en Chaco manifestaron este lunes, de cara al\u2026","rel":"","context":"En \u00abElecciones 2015\u00bb","block_context":{"text":"Elecciones 2015","link":"http:\/\/www.24baires.com\/?cat=74"},"img":{"alt_text":"scioli-massa1","src":"https:\/\/i0.wp.com\/www.24baires.com\/wp-content\/uploads\/2013\/08\/scioli-massa1.jpg?resize=350%2C200","width":350,"height":200,"srcset":"https:\/\/i0.wp.com\/www.24baires.com\/wp-content\/uploads\/2013\/08\/scioli-massa1.jpg?resize=350%2C200 1x, https:\/\/i0.wp.com\/www.24baires.com\/wp-content\/uploads\/2013\/08\/scioli-massa1.jpg?resize=525%2C300 1.5x"},"classes":[]},{"id":108334,"url":"http:\/\/www.24baires.com\/?p=108334","url_meta":{"origin":73334,"position":3},"title":"Lavagna: \u00abNi Cristina ni cambiemos\u00bb","author":"AF","date":"22\/05\/2019","format":false,"excerpt":"\"Recibimos a los radicales que no se sientan representados por el PRO\", sostuvo por C5N el candidato presidencial por Consenso 19, quien remarc\u00f3 que el kirchnerismo \"no puede recibir nada de nosotros\". El ex ministro de Econom\u00eda Roberto Lavagna ratific\u00f3 este mi\u00e9rcoles por la tarde su precandidatura presidencial por Consenso\u2026","rel":"","context":"En \u00abPol\u00edtica\u00bb","block_context":{"text":"Pol\u00edtica","link":"http:\/\/www.24baires.com\/?cat=51"},"img":{"alt_text":"","src":"https:\/\/i0.wp.com\/www.24baires.com\/wp-content\/uploads\/2013\/12\/lavagna-solo.jpg?resize=350%2C200","width":350,"height":200,"srcset":"https:\/\/i0.wp.com\/www.24baires.com\/wp-content\/uploads\/2013\/12\/lavagna-solo.jpg?resize=350%2C200 1x, https:\/\/i0.wp.com\/www.24baires.com\/wp-content\/uploads\/2013\/12\/lavagna-solo.jpg?resize=525%2C300 1.5x"},"classes":[]},{"id":40884,"url":"http:\/\/www.24baires.com\/?p=40884","url_meta":{"origin":73334,"position":4},"title":"2015: referente de Massa en Moreno se pas\u00f3 al sciolismo","author":"GB","date":"21\/02\/2014","format":false,"excerpt":"MORENO-Se trata del Presidente del bloque de concejales del Frente Renovador en Moreno, Jorge Alagastino. El edil abandon\u00f3 el massismo y ahora trabajar\u00e1 \"junto al Gobernador Daniel Scioli por el bien de la Provincia y del pa\u00eds\". El dirigente y su esposa, la exdiputada provincial Adriana Toloza, ven\u00edan acompa\u00f1ado al\u2026","rel":"","context":"En \u00abPol\u00edtica\u00bb","block_context":{"text":"Pol\u00edtica","link":"http:\/\/www.24baires.com\/?cat=51"},"img":{"alt_text":"","src":"","width":0,"height":0},"classes":[]},{"id":108387,"url":"http:\/\/www.24baires.com\/?p=108387","url_meta":{"origin":73334,"position":5},"title":"Scioli ratific\u00f3 su candidatura presidencial","author":"GB","date":"25\/05\/2019","format":false,"excerpt":"El exgobernador de la Provincia de Buenos Aires particip\u00f3 del Congreso Educativo de Ajedrez que se realiz\u00f3 en la ciudad balnearia y manifest\u00f3 sus deseos de ser el primer mandatario del pa\u00eds despu\u00e9s del 10 de diciembre, sin embargo aclar\u00f3: \u201cVer\u00e9 como peronista en qu\u00e9 lugar puedo hacer mi mayor\u2026","rel":"","context":"En \u00abPol\u00edtica\u00bb","block_context":{"text":"Pol\u00edtica","link":"http:\/\/www.24baires.com\/?cat=51"},"img":{"alt_text":"","src":"https:\/\/i0.wp.com\/www.24baires.com\/wp-content\/uploads\/2019\/05\/scioli-mar-del.jpg?resize=350%2C200","width":350,"height":200,"srcset":"https:\/\/i0.wp.com\/www.24baires.com\/wp-content\/uploads\/2019\/05\/scioli-mar-del.jpg?resize=350%2C200 1x, https:\/\/i0.wp.com\/www.24baires.com\/wp-content\/uploads\/2019\/05\/scioli-mar-del.jpg?resize=525%2C300 1.5x"},"classes":[]}],"jetpack_sharing_enabled":true,"jetpack_likes_enabled":true,"jetpack_featured_media_url":"","_links":{"self":[{"href":"http:\/\/www.24baires.com\/index.php?rest_route=\/wp\/v2\/posts\/73334","targetHints":{"allow":["GET"]}}],"collection":[{"href":"http:\/\/www.24baires.com\/index.php?rest_route=\/wp\/v2\/posts"}],"about":[{"href":"http:\/\/www.24baires.com\/index.php?rest_route=\/wp\/v2\/types\/post"}],"author":[{"embeddable":true,"href":"http:\/\/www.24baires.com\/index.php?rest_route=\/wp\/v2\/users\/8"}],"replies":[{"embeddable":true,"href":"http:\/\/www.24baires.com\/index.php?rest_route=%2Fwp%2Fv2%2Fcomments&post=73334"}],"version-history":[{"count":1,"href":"http:\/\/www.24baires.com\/index.php?rest_route=\/wp\/v2\/posts\/73334\/revisions"}],"predecessor-version":[{"id":73335,"href":"http:\/\/www.24baires.com\/index.php?rest_route=\/wp\/v2\/posts\/73334\/revisions\/73335"}],"wp:attachment":[{"href":"http:\/\/www.24baires.com\/index.php?rest_route=%2Fwp%2Fv2%2Fmedia&parent=73334"}],"wp:term":[{"taxonomy":"category","embeddable":true,"href":"http:\/\/www.24baires.com\/index.php?rest_route=%2Fwp%2Fv2%2Fcategories&post=73334"},{"taxonomy":"post_tag","embeddable":true,"href":"http:\/\/www.24baires.com\/index.php?rest_route=%2Fwp%2Fv2%2Ftags&post=73334"}],"curies":[{"name":"wp","href":"https:\/\/api.w.org\/{rel}","templated":true}]}}