{"id":73327,"date":"2015-10-08T18:00:20","date_gmt":"2015-10-08T21:00:20","guid":{"rendered":"http:\/\/www.24baires.com\/?p=73327"},"modified":"2015-10-08T17:16:30","modified_gmt":"2015-10-08T20:16:30","slug":"scioli-inauguro-una-obra-de-ingenieria-de-vanguardia-para-la-canalizacion-del-arroyo-el-gato","status":"publish","type":"post","link":"http:\/\/www.24baires.com\/?p=73327","title":{"rendered":"Scioli inaugur\u00f3 una \u201cobra de ingenier\u00eda de vanguardia\u201d para la canalizaci\u00f3n del arroyo El Gato"},"content":{"rendered":"<p><img data-recalc-dims=\"1\" loading=\"lazy\" decoding=\"async\" class=\"alignleft size-full wp-image-70306\" src=\"https:\/\/i0.wp.com\/www.24baires.com\/wp-content\/uploads\/2015\/08\/bunker-scioli.jpg?resize=320%2C214\" alt=\"bunker scioli\" width=\"320\" height=\"214\" srcset=\"https:\/\/i0.wp.com\/www.24baires.com\/wp-content\/uploads\/2015\/08\/bunker-scioli.jpg?w=320 320w, https:\/\/i0.wp.com\/www.24baires.com\/wp-content\/uploads\/2015\/08\/bunker-scioli.jpg?resize=300%2C201 300w\" sizes=\"auto, (max-width: 320px) 100vw, 320px\" \/><strong>LA PLATA-<\/strong>El gobernador bonaerense inaugur\u00f3 hoy la obra de saneamiento del arroyo El Gato y consider\u00f3 que la capital de la provincia de Buenos Aires \u00abva a ser una gran protagonista en la etapa del gran desarrollo nacional\u00bb.<!--more--><\/p>\n<p>Al recorrer la zona junto al intendente de La Plata, Pablo Bruera, Scioli destac\u00f3 que en las obras \u00abse hizo un movimiento de suelo de un mill\u00f3n de metros c\u00fabicos, y se emplearon nueve millones de kilos de acero. Esto para que se tenga la dimensi\u00f3n de una obra que va a dar a la ciudad de La Plata la previsibilidad en cuanto a ir readeacuando su infraestructura para encarar el desaf\u00edo del cambio clim\u00e1tico\u00bb, remarc\u00f3.<\/p>\n<p>Asimismo, el gobernador bonaerense afirm\u00f3 que el tramo que inaugur\u00f3, de unos 700 metros, permitir\u00e1 \u00abcuadruplicar la capacidad de drenaje de las aguas\u00bb tras lo cual sostuvo que es una obra \u00abde ingenier\u00eda y vanguardia que hay que destacar, y tambi\u00e9n elogiar a los trabajadores que hicieron posible este emprendimiento\u00bb.<\/p>\n<p>\u00abHicimos esta obra como realizamos el tercer carril de la autopista Buenos Aires-La Plata; obras en el Puerto de La Plata, que lo estamos posicionando como un gran polo de desarrollo; la ruta 6 que son 180 kil\u00f3metros que unen el puerto de Campana con el puerto de La Plata, o las obras en el Estadio \u00danico\u00bb, agreg\u00f3.<\/p>\n<p>Durante su discurso, Scioli, quien es el candidato a presidente por el Frente para la Victoria, asegur\u00f3: \u00abNo tengo dudas de que con Pablo Bruera a la cabeza, con todos los trabajadores, los industriales y los comerciantes, la ciudad de La Plata va a ser una gran protagonista en esta etapa de gran desarrollo nacional\u00bb.<\/p>\n<p>Tambi\u00e9n participaron el senador nacional Juan Manuel Abal Medina, el ministro de Infraestructura bonaerense, Alejandro Arl\u00eda; y el secretario general de la Uni\u00f3n Obrera de la Construcci\u00f3n (Uocra) seccional La Plata, Juan Pablo \u00abPata\u00bb Medina.<\/p>\n<p>A su turno, Bruera sostuvo que \u00abesta obra representa tranquilidad, seguridad, y lo importante es que acaba de salir una Ley de la Legislatura provincial que nos posibilita un financiamiento del ciento por ciento, lo que nos permitir\u00e1 hacer una ciudad mucho m\u00e1s segura en materia hidr\u00e1ulica\u00bb.<\/p>\n<p>Sobre el financiamiento de esta obra, Arl\u00eda record\u00f3 que la inversi\u00f3n de la obra del arroyo El Gato \u00abtuvo un monto inicial de 2.000 millones de pesos y ahora se logr\u00f3 una ampliaci\u00f3n de 1.185 millones de pesos por parte de la Legislatura\u00bb.<\/p>\n","protected":false},"excerpt":{"rendered":"<p>LA PLATA-El gobernador bonaerense inaugur\u00f3 hoy la obra de saneamiento del arroyo El Gato y consider\u00f3 que la capital de la provincia de Buenos Aires \u00abva a ser una gran protagonista en la etapa del gran desarrollo nacional\u00bb.<\/p>\n","protected":false},"author":8,"featured_media":0,"comment_status":"open","ping_status":"open","sticky":false,"template":"","format":"standard","meta":{"_jetpack_newsletter_access":"","_jetpack_dont_email_post_to_subs":false,"_jetpack_newsletter_tier_id":0,"_jetpack_memberships_contains_paywalled_content":false,"_jetpack_memberships_contains_paid_content":false,"footnotes":""},"categories":[51],"tags":[],"class_list":["post-73327","post","type-post","status-publish","format-standard","hentry","category-politica"],"jetpack_shortlink":"https:\/\/wp.me\/p2JWE0-j4H","jetpack-related-posts":[{"id":106709,"url":"http:\/\/www.24baires.com\/?p=106709","url_meta":{"origin":73327,"position":0},"title":"Vidal inaugur\u00f3 obras hidr\u00e1ulicas en La Plata","author":"GB","date":"06\/02\/2019","format":false,"excerpt":"En tono de campa\u00f1a y con fuertes cr\u00edticas a la gesti\u00f3n anterior, la gobernadora Mar\u00eda Eugenia Vidal inaugur\u00f3 hoy obras hidr\u00e1ulicas en la ciudad de La Plata, donde en 2013 una inundaci\u00f3n caus\u00f3 la muerte de 89 personas. Junto al intendente local Julio Garro, Vidal inaugur\u00f3 hoy el ensanche y\u2026","rel":"","context":"En \u00abProvincia\u00bb","block_context":{"text":"Provincia","link":"http:\/\/www.24baires.com\/?cat=40"},"img":{"alt_text":"","src":"https:\/\/i0.wp.com\/www.24baires.com\/wp-content\/uploads\/2019\/02\/vidal-en-la-plata-300x200.jpg?resize=350%2C200","width":350,"height":200},"classes":[]},{"id":54336,"url":"http:\/\/www.24baires.com\/?p=54336","url_meta":{"origin":73327,"position":1},"title":"Kicillof y Scioli recorrieron obras hidr\u00e1ulicas en La Plata","author":"GB","date":"26\/09\/2014","format":false,"excerpt":"A casi 18 meses de la tr\u00e1gica inundaci\u00f3n que afect\u00f3 a la Ciudad, y en un total hermetismo, el Ministro de Econom\u00eda de la naci\u00f3n, Axel Kicillof, realiz\u00f3 una recorrida junto al gobernador Daniel Scioli y el intendente Bruera de las tareas que se vienen ejecutando en el Arroyo P\u00e9rez\u2026","rel":"","context":"En \u00abMunicipios\u00bb","block_context":{"text":"Municipios","link":"http:\/\/www.24baires.com\/?cat=44"},"img":{"alt_text":"","src":"https:\/\/i0.wp.com\/www.24baires.com\/wp-content\/uploads\/2014\/09\/scioli-k.jpg?resize=350%2C200","width":350,"height":200,"srcset":"https:\/\/i0.wp.com\/www.24baires.com\/wp-content\/uploads\/2014\/09\/scioli-k.jpg?resize=350%2C200 1x, https:\/\/i0.wp.com\/www.24baires.com\/wp-content\/uploads\/2014\/09\/scioli-k.jpg?resize=525%2C300 1.5x"},"classes":[]},{"id":39875,"url":"http:\/\/www.24baires.com\/?p=39875","url_meta":{"origin":73327,"position":2},"title":"Financiamiento de 32 millones de d\u00f3lares para infraestructura bonaerense","author":"Grupo Sierra","date":"05\/02\/2014","format":false,"excerpt":"La ministra de Econom\u00eda, Silvina Batakis, anunci\u00f3 que se obtuvo el financiamiento destinado a la canalizaci\u00f3n y dragado del Arroyo El Gato y a la construcci\u00f3n de 120 viviendas en el marco del Plan de \u201cRelocalizaci\u00f3n de viviendas alojadas a la vera del Arroyo del Gato\u201d. Estos fondos surgen de\u2026","rel":"","context":"En \u00abProvincia\u00bb","block_context":{"text":"Provincia","link":"http:\/\/www.24baires.com\/?cat=40"},"img":{"alt_text":"","src":"","width":0,"height":0},"classes":[]},{"id":48426,"url":"http:\/\/www.24baires.com\/?p=48426","url_meta":{"origin":73327,"position":3},"title":"Arroyo El Gato: ya comienzan las obras de hormigonado","author":"Grupo Sierra","date":"21\/06\/2014","format":false,"excerpt":"LA PLATA- Comenz\u00f3 una de las etapas m\u00e1s importantes pedidas por los vecinos, que forma parte de las obras para evitar desbordes del cauce y consecuentes inundaciones. Esto permitir\u00e1 duplicar la capacidad de escurrimiento y encauzar la evacuaci\u00f3n a lo largo de todo el cauce del Arroyo del Gato para\u2026","rel":"","context":"En \u00abLocales\u00bb","block_context":{"text":"Locales","link":"http:\/\/www.24baires.com\/?cat=38"},"img":{"alt_text":"","src":"https:\/\/i0.wp.com\/www.24baires.com\/wp-content\/uploads\/2014\/06\/arroyo-el-gato.jpg?resize=350%2C200","width":350,"height":200,"srcset":"https:\/\/i0.wp.com\/www.24baires.com\/wp-content\/uploads\/2014\/06\/arroyo-el-gato.jpg?resize=350%2C200 1x, https:\/\/i0.wp.com\/www.24baires.com\/wp-content\/uploads\/2014\/06\/arroyo-el-gato.jpg?resize=525%2C300 1.5x"},"classes":[]},{"id":25626,"url":"http:\/\/www.24baires.com\/?p=25626","url_meta":{"origin":73327,"position":4},"title":"Scioli endeudar\u00e1 la Provincia en 2 mil millones de pesos para financiar obras hidr\u00e1ulicas","author":"Grupo Sierra","date":"11\/06\/2013","format":false,"excerpt":"Los trabajos contemplan saneamiento de arroyos en la ciudad de La Plata para evitar futuras inundaciones. Enviar\u00e1 un proyecto a la Legislatura provincial. El gobierno bonaerense termin\u00f3 de definir el proyecto de ley que enviar\u00e1 en las pr\u00f3ximas horas a la Legislatura por el cual pide a las C\u00e1maras una\u2026","rel":"","context":"En \u00abProvincia\u00bb","block_context":{"text":"Provincia","link":"http:\/\/www.24baires.com\/?cat=40"},"img":{"alt_text":"","src":"","width":0,"height":0},"classes":[]},{"id":101122,"url":"http:\/\/www.24baires.com\/?p=101122","url_meta":{"origin":73327,"position":5},"title":"Indagar\u00e1n a Scioli por irregularidades en la construcci\u00f3n de las UPA 24","author":"AF","date":"17\/03\/2018","format":false,"excerpt":"El ex gobernador Daniel Scioli y quien fuera su ministro de Salud, Alejandro Collia, fueron imputados y citados a prestar declaraci\u00f3n indagatoria en el marco de una causa que investiga presuntas irregularidades en la adjudicaci\u00f3n de ocho Unidades de Pronta Atenci\u00f3n (UPA 24) para las que se destinaron m\u00e1s de\u2026","rel":"","context":"En \u00abJUDICIALES\u00bb","block_context":{"text":"JUDICIALES","link":"http:\/\/www.24baires.com\/?cat=68"},"img":{"alt_text":"","src":"https:\/\/i0.wp.com\/www.24baires.com\/wp-content\/uploads\/2014\/05\/Daniel-Scioli.jpg?resize=350%2C200","width":350,"height":200,"srcset":"https:\/\/i0.wp.com\/www.24baires.com\/wp-content\/uploads\/2014\/05\/Daniel-Scioli.jpg?resize=350%2C200 1x, https:\/\/i0.wp.com\/www.24baires.com\/wp-content\/uploads\/2014\/05\/Daniel-Scioli.jpg?resize=525%2C300 1.5x"},"classes":[]}],"jetpack_sharing_enabled":true,"jetpack_likes_enabled":true,"jetpack_featured_media_url":"","_links":{"self":[{"href":"http:\/\/www.24baires.com\/index.php?rest_route=\/wp\/v2\/posts\/73327","targetHints":{"allow":["GET"]}}],"collection":[{"href":"http:\/\/www.24baires.com\/index.php?rest_route=\/wp\/v2\/posts"}],"about":[{"href":"http:\/\/www.24baires.com\/index.php?rest_route=\/wp\/v2\/types\/post"}],"author":[{"embeddable":true,"href":"http:\/\/www.24baires.com\/index.php?rest_route=\/wp\/v2\/users\/8"}],"replies":[{"embeddable":true,"href":"http:\/\/www.24baires.com\/index.php?rest_route=%2Fwp%2Fv2%2Fcomments&post=73327"}],"version-history":[{"count":2,"href":"http:\/\/www.24baires.com\/index.php?rest_route=\/wp\/v2\/posts\/73327\/revisions"}],"predecessor-version":[{"id":73330,"href":"http:\/\/www.24baires.com\/index.php?rest_route=\/wp\/v2\/posts\/73327\/revisions\/73330"}],"wp:attachment":[{"href":"http:\/\/www.24baires.com\/index.php?rest_route=%2Fwp%2Fv2%2Fmedia&parent=73327"}],"wp:term":[{"taxonomy":"category","embeddable":true,"href":"http:\/\/www.24baires.com\/index.php?rest_route=%2Fwp%2Fv2%2Fcategories&post=73327"},{"taxonomy":"post_tag","embeddable":true,"href":"http:\/\/www.24baires.com\/index.php?rest_route=%2Fwp%2Fv2%2Ftags&post=73327"}],"curies":[{"name":"wp","href":"https:\/\/api.w.org\/{rel}","templated":true}]}}