{"id":73321,"date":"2015-10-08T16:18:41","date_gmt":"2015-10-08T19:18:41","guid":{"rendered":"http:\/\/www.24baires.com\/?p=73321"},"modified":"2015-10-09T10:59:20","modified_gmt":"2015-10-09T13:59:20","slug":"cristina-le-gano-un-juicio-al-corriere-della-sera-por-una-nota-difamatoria","status":"publish","type":"post","link":"http:\/\/www.24baires.com\/?p=73321","title":{"rendered":"Cristina le gan\u00f3 un juicio al Corriere Della Sera por una nota difamatoria"},"content":{"rendered":"<p><img data-recalc-dims=\"1\" loading=\"lazy\" decoding=\"async\" class=\"aligncenter size-full wp-image-71658\" src=\"https:\/\/i0.wp.com\/www.24baires.com\/wp-content\/uploads\/2015\/09\/cristina-energia.jpg?resize=560%2C373\" alt=\"cristina energia\" width=\"560\" height=\"373\" srcset=\"https:\/\/i0.wp.com\/www.24baires.com\/wp-content\/uploads\/2015\/09\/cristina-energia.jpg?w=560 560w, https:\/\/i0.wp.com\/www.24baires.com\/wp-content\/uploads\/2015\/09\/cristina-energia.jpg?resize=300%2C200 300w\" sizes=\"auto, (max-width: 560px) 100vw, 560px\" \/>La Corte de Apelaciones de Roma confirm\u00f3 en su totalidad el fallo de primera instancia que conden\u00f3 al diario, a su director y a la periodista que escribi\u00f3 una nota con falsas acusaciones contra la Presidenta.<!--more--><\/p>\n<p>La Corte de Apelaciones de Roma confirm\u00f3 en su totalidad el fallo de primera instancia que conden\u00f3 por difamaci\u00f3n con real malicia al diario Corriere Della Sera, al director del matutino y a la periodista que escribi\u00f3 un art\u00edculo con falsas acusaciones contra la presidenta Cristina Fern\u00e1ndez de Kirchner.<\/p>\n<p>Ese peri\u00f3dico hab\u00eda publicado en 2008 una nota en donde aseguraba que la jefa de Estado, en el marco de su asistencia a la cumbre sobre el hambre organizada por la FAO (rama de la alimentaci\u00f3n de la ONU), hab\u00eda comprado alhajas en la exclusiva joyer\u00eda Enigma, del famoso dise\u00f1ador Gianni Bulgari, donde -seg\u00fan Corriere della Sera- hab\u00eda adquirido aros, relojes y pulseras con oros y diamantes por un valor superior a los 140.000 euros.<\/p>\n<p>El diario italiano fue condenado a pagar 40.000 euros que la mandataria don\u00f3 enteramente al Hospital de Ni\u00f1os de La Plata, Sor Mar\u00eda Ludovica, por difamaci\u00f3n con real malicia, es decir, que escribieron y publicaron el art\u00edculo a sabiendas de que su contenido era mentiroso e injurioso.<\/p>\n<p>&nbsp;<\/p>\n<p>&nbsp;<\/p>\n<p>&nbsp;<\/p>\n<p>&nbsp;<\/p>\n<p>&nbsp;<\/p>\n<p>&nbsp;<\/p>\n<p>&nbsp;<\/p>\n<p>&nbsp;<\/p>\n<p>&nbsp;<\/p>\n<p>&nbsp;<\/p>\n<p>&nbsp;<\/p>\n","protected":false},"excerpt":{"rendered":"<p>La Corte de Apelaciones de Roma confirm\u00f3 en su totalidad el fallo de primera instancia que conden\u00f3 al diario, a su director y a la periodista que escribi\u00f3 una nota con falsas acusaciones contra la Presidenta.<\/p>\n","protected":false},"author":8,"featured_media":0,"comment_status":"open","ping_status":"open","sticky":false,"template":"","format":"standard","meta":{"_jetpack_newsletter_access":"","_jetpack_dont_email_post_to_subs":false,"_jetpack_newsletter_tier_id":0,"_jetpack_memberships_contains_paywalled_content":false,"_jetpack_memberships_contains_paid_content":false,"footnotes":""},"categories":[51],"tags":[],"class_list":["post-73321","post","type-post","status-publish","format-standard","hentry","category-politica"],"jetpack_shortlink":"https:\/\/wp.me\/p2JWE0-j4B","jetpack-related-posts":[{"id":22629,"url":"http:\/\/www.24baires.com\/?p=22629","url_meta":{"origin":73321,"position":0},"title":"La Naci\u00f3n le pidi\u00f3 disculpas a Cristina por replicar lo publicado por el Corriere Della Sera","author":"AF","date":"04\/05\/2013","format":false,"excerpt":"El diario public\u00f3 hoy una nota donde se disculpa con la mandataria por reproducir el art\u00edculo donde se la apuntaba por realizar un supuesto tour de compras en Roma. Despu\u00e9s de que la Justicia italiana le diera la raz\u00f3n a la presidenta Cristina Fern\u00e1ndez de Kirchner en su demanda contra\u2026","rel":"","context":"En \u00abPol\u00edtica\u00bb","block_context":{"text":"Pol\u00edtica","link":"http:\/\/www.24baires.com\/?cat=51"},"img":{"alt_text":"cristina diario","src":"https:\/\/i0.wp.com\/www.24baires.com\/wp-content\/uploads\/2013\/05\/cristina-radio.jpg?resize=350%2C200","width":350,"height":200},"classes":[]},{"id":22709,"url":"http:\/\/www.24baires.com\/?p=22709","url_meta":{"origin":73321,"position":1},"title":"Mala semana para La Naci\u00f3n y Clar\u00edn","author":"Grupo Sierra","date":"05\/05\/2013","format":false,"excerpt":"Semana complicada para los dos diarios opositores al gobierno nacional. Clar\u00edn y La Naci\u00f3n, aunque poca falta hace aclarar cuales son. Lo que nunca, el peri\u00f3dico fundado por Mitre, debi\u00f3 salir a pedir disculpas a la Presidenta de la Rep\u00fablica, por haber publicado en 2008 una nota donde se la\u2026","rel":"","context":"En \u00abOpini\u00f3n\u00bb","block_context":{"text":"Opini\u00f3n","link":"http:\/\/www.24baires.com\/?cat=64"},"img":{"alt_text":"","src":"https:\/\/i0.wp.com\/www.24baires.com\/wp-content\/uploads\/2013\/05\/mitre_y_magnetto_Papel-Prensa.jpg?resize=350%2C200","width":350,"height":200,"srcset":"https:\/\/i0.wp.com\/www.24baires.com\/wp-content\/uploads\/2013\/05\/mitre_y_magnetto_Papel-Prensa.jpg?resize=350%2C200 1x, https:\/\/i0.wp.com\/www.24baires.com\/wp-content\/uploads\/2013\/05\/mitre_y_magnetto_Papel-Prensa.jpg?resize=525%2C300 1.5x"},"classes":[]},{"id":93156,"url":"http:\/\/www.24baires.com\/?p=93156","url_meta":{"origin":73321,"position":2},"title":"Felipe Gonz\u00e1lez desminti\u00f3 a Clar\u00edn: \u201cEs totalmente falso\u201d","author":"GB","date":"18\/03\/2017","format":false,"excerpt":"El diario Clar\u00edn hab\u00eda publicado una nota en la que sosten\u00eda que el exmandatario espa\u00f1ol ped\u00eda el encarcelamiento de CFK a cambio de que llegaran las inversiones al pa\u00eds. \u201cEs falso y no corresponde a mi pensamiento\u201d, apunt\u00f3 Felipe Gonz\u00e1lez, el exmandatario espa\u00f1ol para desmentir haber pedido el encarcelamiento de\u2026","rel":"","context":"En \u00abPol\u00edtica\u00bb","block_context":{"text":"Pol\u00edtica","link":"http:\/\/www.24baires.com\/?cat=51"},"img":{"alt_text":"","src":"https:\/\/i0.wp.com\/www.24baires.com\/wp-content\/uploads\/2017\/03\/felipe-gonzalez-macri.jpg?resize=350%2C200","width":350,"height":200,"srcset":"https:\/\/i0.wp.com\/www.24baires.com\/wp-content\/uploads\/2017\/03\/felipe-gonzalez-macri.jpg?resize=350%2C200 1x, https:\/\/i0.wp.com\/www.24baires.com\/wp-content\/uploads\/2017\/03\/felipe-gonzalez-macri.jpg?resize=525%2C300 1.5x"},"classes":[]},{"id":105182,"url":"http:\/\/www.24baires.com\/?p=105182","url_meta":{"origin":73321,"position":3},"title":"La Justicia confirm\u00f3 el procesamiento de Chocobar","author":"AF","date":"30\/10\/2018","format":false,"excerpt":"El m\u00e1ximo tribunal rechaz\u00f3 los recursos de los defensores del polic\u00eda acusado de asesinar por la espalda a un joven en diciembre pasado y ratific\u00f3 la car\u00e1tula de \"homicidio en exceso del cumplimiento del deber\". La Corte Suprema ratific\u00f3 el procesamiento del polic\u00eda Luis Chocobar por homicidio con exceso en\u2026","rel":"","context":"En \u00abJUDICIALES\u00bb","block_context":{"text":"JUDICIALES","link":"http:\/\/www.24baires.com\/?cat=68"},"img":{"alt_text":"","src":"https:\/\/i0.wp.com\/www.24baires.com\/wp-content\/uploads\/2018\/10\/chocobar-macri-bullrich.jpg?resize=350%2C200","width":350,"height":200,"srcset":"https:\/\/i0.wp.com\/www.24baires.com\/wp-content\/uploads\/2018\/10\/chocobar-macri-bullrich.jpg?resize=350%2C200 1x, https:\/\/i0.wp.com\/www.24baires.com\/wp-content\/uploads\/2018\/10\/chocobar-macri-bullrich.jpg?resize=525%2C300 1.5x"},"classes":[]},{"id":49830,"url":"http:\/\/www.24baires.com\/?p=49830","url_meta":{"origin":73321,"position":4},"title":"Para la prensa italiana, Rizzoli tuvo un buen arbitraje","author":"AF","date":"14\/07\/2014","format":false,"excerpt":"Los diarios italianos expresaron su sorpresa por los goles errados de Higua\u00edn y Palacio, y -en cambio- destacaron el trabajo del refer\u00ed italiano que no cobr\u00f3 un claro penal para Argentina. El diario deportivo La Gazzetta dello Sport resalt\u00f3 en su portada \"Higua\u00edn y Palacio tuvieron errores\" y \"Messi (Lionel)\u2026","rel":"","context":"En \u00abSociedad\u00bb","block_context":{"text":"Sociedad","link":"http:\/\/www.24baires.com\/?cat=1"},"img":{"alt_text":"","src":"https:\/\/i0.wp.com\/www.24baires.com\/wp-content\/uploads\/2014\/07\/rizzoli.png?resize=350%2C200","width":350,"height":200,"srcset":"https:\/\/i0.wp.com\/www.24baires.com\/wp-content\/uploads\/2014\/07\/rizzoli.png?resize=350%2C200 1x, https:\/\/i0.wp.com\/www.24baires.com\/wp-content\/uploads\/2014\/07\/rizzoli.png?resize=525%2C300 1.5x"},"classes":[]},{"id":56552,"url":"http:\/\/www.24baires.com\/?p=56552","url_meta":{"origin":73321,"position":5},"title":"La Corte Suprema de Justicia intervendr\u00e1 en el pol\u00e9mico caso de la rifa de Chascom\u00fas","author":"GB","date":"04\/11\/2014","format":false,"excerpt":"La Corte Suprema de Justicia de la Naci\u00f3n tomar\u00e1 intervenci\u00f3n en una millonaria demanda iniciada contra el municipio bonaerense de Chascom\u00fas, por dos vecinas de Lezama ante la falta de pago de una rifa sorteada hace casi 20 a\u00f1os, se inform\u00f3. A trav\u00e9s de un recurso extraordinario concedido por la\u2026","rel":"","context":"En \u00abSociedad\u00bb","block_context":{"text":"Sociedad","link":"http:\/\/www.24baires.com\/?cat=1"},"img":{"alt_text":"","src":"https:\/\/i0.wp.com\/www.24baires.com\/wp-content\/uploads\/2014\/11\/chascomus.jpg?resize=350%2C200","width":350,"height":200,"srcset":"https:\/\/i0.wp.com\/www.24baires.com\/wp-content\/uploads\/2014\/11\/chascomus.jpg?resize=350%2C200 1x, https:\/\/i0.wp.com\/www.24baires.com\/wp-content\/uploads\/2014\/11\/chascomus.jpg?resize=525%2C300 1.5x"},"classes":[]}],"jetpack_sharing_enabled":true,"jetpack_likes_enabled":true,"jetpack_featured_media_url":"","_links":{"self":[{"href":"http:\/\/www.24baires.com\/index.php?rest_route=\/wp\/v2\/posts\/73321","targetHints":{"allow":["GET"]}}],"collection":[{"href":"http:\/\/www.24baires.com\/index.php?rest_route=\/wp\/v2\/posts"}],"about":[{"href":"http:\/\/www.24baires.com\/index.php?rest_route=\/wp\/v2\/types\/post"}],"author":[{"embeddable":true,"href":"http:\/\/www.24baires.com\/index.php?rest_route=\/wp\/v2\/users\/8"}],"replies":[{"embeddable":true,"href":"http:\/\/www.24baires.com\/index.php?rest_route=%2Fwp%2Fv2%2Fcomments&post=73321"}],"version-history":[{"count":1,"href":"http:\/\/www.24baires.com\/index.php?rest_route=\/wp\/v2\/posts\/73321\/revisions"}],"predecessor-version":[{"id":73322,"href":"http:\/\/www.24baires.com\/index.php?rest_route=\/wp\/v2\/posts\/73321\/revisions\/73322"}],"wp:attachment":[{"href":"http:\/\/www.24baires.com\/index.php?rest_route=%2Fwp%2Fv2%2Fmedia&parent=73321"}],"wp:term":[{"taxonomy":"category","embeddable":true,"href":"http:\/\/www.24baires.com\/index.php?rest_route=%2Fwp%2Fv2%2Fcategories&post=73321"},{"taxonomy":"post_tag","embeddable":true,"href":"http:\/\/www.24baires.com\/index.php?rest_route=%2Fwp%2Fv2%2Ftags&post=73321"}],"curies":[{"name":"wp","href":"https:\/\/api.w.org\/{rel}","templated":true}]}}