{"id":73246,"date":"2015-10-07T12:30:19","date_gmt":"2015-10-07T15:30:19","guid":{"rendered":"http:\/\/www.24baires.com\/?p=73246"},"modified":"2015-10-07T14:57:47","modified_gmt":"2015-10-07T17:57:47","slug":"scioli-inauguro-un-complejo-habitacional-en-chivolcoy","status":"publish","type":"post","link":"http:\/\/www.24baires.com\/?p=73246","title":{"rendered":"Scioli inaugur\u00f3 un complejo habitacional en Chivilcoy"},"content":{"rendered":"<p><img data-recalc-dims=\"1\" loading=\"lazy\" decoding=\"async\" class=\"aligncenter size-full wp-image-72134\" src=\"https:\/\/i0.wp.com\/www.24baires.com\/wp-content\/uploads\/2015\/09\/scioli1.jpg?resize=560%2C357\" alt=\"scioli\" width=\"560\" height=\"357\" srcset=\"https:\/\/i0.wp.com\/www.24baires.com\/wp-content\/uploads\/2015\/09\/scioli1.jpg?w=560 560w, https:\/\/i0.wp.com\/www.24baires.com\/wp-content\/uploads\/2015\/09\/scioli1.jpg?resize=300%2C191 300w\" sizes=\"auto, (max-width: 560px) 100vw, 560px\" \/>El candidato presidencial del Frente para la Victoria lo manifest\u00f3 durante la inauguraci\u00f3n de la Torre 1 del complejo habitacional en la localidad de Chivilcoy.<!--more--><\/p>\n<p>Scioli destac\u00f3 en el acto \u00abel trabajo del compa\u00f1ero Florencio\u00bb Randazzo con quien \u00abcompartimos el recuerdo de cuando despedimos y vimos por \u00faltima vez a N\u00e9stor (Kirchner), cuando estuvimos juntos en aquel institucional que signific\u00f3 s\u00f3lo su despedida f\u00edsica porque le sigui\u00f3 el compromiso con sus pol\u00edticas que hoy se profundizan y se ponen en valor a lo largo del tiempo\u00bb, manifest\u00f3 el gobernador bonaerense.<\/p>\n<p>Asimismo, resalt\u00f3 el trabajo del arquitecto Luis Bontempo, \u00abque acompa\u00f1\u00f3 a N\u00e9stor y Cristina y su obra, desde la Secretar\u00eda de Vivienda est\u00e1 emblem\u00e1ticamente representada en esta torre que es una expresi\u00f3n de una Argentina que estaba abandonada y que hoy se est\u00e1 reconstruyendo\u00bb.<\/p>\n<p>Scioli agreg\u00f3 que \u00abcuando uno gobierna tiene prioridades\u00bb y que las soluciones habitacionales son una de ellas.<\/p>\n<p>\u00abUn municipio como Chivilcoy es hoy una referencia no solo provincial sino tambi\u00e9n nacional\u00bb por lo que inst\u00f3 a que a futuro \u00abexista una universidad (Nacional de Chivilcoy) para continuar agregando valor y avanzando en la reindustrializaci\u00f3n de la provincia y el pa\u00eds\u00bb.<\/p>\n<p>\u00abComo dice Cristina, &#8216;no fue Magia&#8217;, y todo esto fue el resultado del trabajo del un gran equipo\u00bb, insisti\u00f3 Scioli al volver a valorar al ministro de Transporte de la Naci\u00f3n.<\/p>\n","protected":false},"excerpt":{"rendered":"<p>El candidato presidencial del Frente para la Victoria lo manifest\u00f3 durante la inauguraci\u00f3n de la Torre 1 del complejo habitacional en la localidad de Chivilcoy.<\/p>\n","protected":false},"author":8,"featured_media":0,"comment_status":"open","ping_status":"open","sticky":false,"template":"","format":"standard","meta":{"_jetpack_newsletter_access":"","_jetpack_dont_email_post_to_subs":false,"_jetpack_newsletter_tier_id":0,"_jetpack_memberships_contains_paywalled_content":false,"_jetpack_memberships_contains_paid_content":false,"footnotes":""},"categories":[51],"tags":[],"class_list":["post-73246","post","type-post","status-publish","format-standard","hentry","category-politica"],"jetpack_shortlink":"https:\/\/wp.me\/p2JWE0-j3o","jetpack-related-posts":[{"id":43234,"url":"http:\/\/www.24baires.com\/?p=43234","url_meta":{"origin":73246,"position":0},"title":"Vecinos de Bol\u00edvar reciben m\u00e1s de 200 lotes para el plan PROCREAR","author":"Grupo Sierra","date":"03\/04\/2014","format":false,"excerpt":"Ser\u00e1n entregados por la Subsecretar\u00eda Social de Tierras Urbanismo y Vivienda, y contar\u00e1n con acceso a la tierra e infraestructura b\u00e1sica. El Subsecretario Social de Tierras Urbanismo y Vivienda, Fabi\u00e1n Stachiotti, mantuvo una reuni\u00f3n con el Intendente de Bol\u00edvar, Eduardo Bucca, en la que acordaron implementar en la citada localidad\u2026","rel":"","context":"En \u00abLocales\u00bb","block_context":{"text":"Locales","link":"http:\/\/www.24baires.com\/?cat=38"},"img":{"alt_text":"Stachiotti-Bucca Bol\u00edvar","src":"https:\/\/i0.wp.com\/www.24baires.com\/wp-content\/uploads\/2014\/04\/Stachiotti-Bucca-Bol%C3%ADvar-300x193.jpg?resize=350%2C200","width":350,"height":200},"classes":[]},{"id":59320,"url":"http:\/\/www.24baires.com\/?p=59320","url_meta":{"origin":73246,"position":1},"title":"El diputado que \u00abescupir\u00eda en la cara\u00bb a Scioli","author":"Grupo Sierra","date":"29\/12\/2014","format":false,"excerpt":"Se trata del legislador provincial y excomisario, Guillermo Britos, que carg\u00f3 duramente contra el gobernador Daniel Scioli por la muerte del oficial de polic\u00eda de Chivilcoy David Sardi. El diputado bonaerense critic\u00f3 al gobernador Daniel Scioli. Dijo que \"escupir\u00eda en la cara\" al mandatario por la muerte del joven oficial\u2026","rel":"","context":"En \u00abPol\u00edtica\u00bb","block_context":{"text":"Pol\u00edtica","link":"http:\/\/www.24baires.com\/?cat=51"},"img":{"alt_text":"","src":"https:\/\/i0.wp.com\/www.24baires.com\/wp-content\/uploads\/2014\/12\/GUILLERMO-BRITOS1.jpg?resize=350%2C200","width":350,"height":200,"srcset":"https:\/\/i0.wp.com\/www.24baires.com\/wp-content\/uploads\/2014\/12\/GUILLERMO-BRITOS1.jpg?resize=350%2C200 1x, https:\/\/i0.wp.com\/www.24baires.com\/wp-content\/uploads\/2014\/12\/GUILLERMO-BRITOS1.jpg?resize=525%2C300 1.5x"},"classes":[]},{"id":52148,"url":"http:\/\/www.24baires.com\/?p=52148","url_meta":{"origin":73246,"position":2},"title":"Scioli entreg\u00f3 viviendas en La Plata","author":"GB","date":"20\/08\/2014","format":false,"excerpt":"El Mandatario provincial estuvo en Villa Elvira este mi\u00e9rcoles para avanzar en lo que defini\u00f3 como un \u201ctema que hace a la seguridad habitacional\u201d. Esta ma\u00f1ana el Gobernador bonaerense entreg\u00f3 viviendas a 46 familias en 85 bis y 115 de la localidad platense, un grupo de domicilios que forma parte\u2026","rel":"","context":"En \u00abLocales\u00bb","block_context":{"text":"Locales","link":"http:\/\/www.24baires.com\/?cat=38"},"img":{"alt_text":"scioli1","src":"https:\/\/i0.wp.com\/www.24baires.com\/wp-content\/uploads\/2013\/10\/scioli1.jpg?resize=350%2C200","width":350,"height":200},"classes":[]},{"id":65050,"url":"http:\/\/www.24baires.com\/?p=65050","url_meta":{"origin":73246,"position":3},"title":"Scioli firm\u00f3 un convenio con la Universidad de La Plata","author":"GB","date":"28\/04\/2015","format":false,"excerpt":"El Gobernador acord\u00f3 un apoyo financiero para la adquisici\u00f3n de un predio destinado para la construcci\u00f3n de un campus habitacional. El predio est\u00e1 ubicado en la localidad de Villa Arg\u00fcello, partido de Berisso, donde, adem\u00e1s, el mandatario provincial firm\u00f3 365 escrituras sociales para beneficiarios locales. Acompa\u00f1ado por el intendente local,\u2026","rel":"","context":"En \u00abPol\u00edtica\u00bb","block_context":{"text":"Pol\u00edtica","link":"http:\/\/www.24baires.com\/?cat=51"},"img":{"alt_text":"","src":"https:\/\/i0.wp.com\/www.24baires.com\/wp-content\/uploads\/2015\/04\/scioli-lp.jpg?resize=350%2C200","width":350,"height":200,"srcset":"https:\/\/i0.wp.com\/www.24baires.com\/wp-content\/uploads\/2015\/04\/scioli-lp.jpg?resize=350%2C200 1x, https:\/\/i0.wp.com\/www.24baires.com\/wp-content\/uploads\/2015\/04\/scioli-lp.jpg?resize=525%2C300 1.5x"},"classes":[]},{"id":108387,"url":"http:\/\/www.24baires.com\/?p=108387","url_meta":{"origin":73246,"position":4},"title":"Scioli ratific\u00f3 su candidatura presidencial","author":"GB","date":"25\/05\/2019","format":false,"excerpt":"El exgobernador de la Provincia de Buenos Aires particip\u00f3 del Congreso Educativo de Ajedrez que se realiz\u00f3 en la ciudad balnearia y manifest\u00f3 sus deseos de ser el primer mandatario del pa\u00eds despu\u00e9s del 10 de diciembre, sin embargo aclar\u00f3: \u201cVer\u00e9 como peronista en qu\u00e9 lugar puedo hacer mi mayor\u2026","rel":"","context":"En \u00abPol\u00edtica\u00bb","block_context":{"text":"Pol\u00edtica","link":"http:\/\/www.24baires.com\/?cat=51"},"img":{"alt_text":"","src":"https:\/\/i0.wp.com\/www.24baires.com\/wp-content\/uploads\/2019\/05\/scioli-mar-del.jpg?resize=350%2C200","width":350,"height":200,"srcset":"https:\/\/i0.wp.com\/www.24baires.com\/wp-content\/uploads\/2019\/05\/scioli-mar-del.jpg?resize=350%2C200 1x, https:\/\/i0.wp.com\/www.24baires.com\/wp-content\/uploads\/2019\/05\/scioli-mar-del.jpg?resize=525%2C300 1.5x"},"classes":[]},{"id":31258,"url":"http:\/\/www.24baires.com\/?p=31258","url_meta":{"origin":73246,"position":5},"title":"Plan Municipal de Emergencia en Chivilcoy","author":"AF","date":"04\/09\/2013","format":false,"excerpt":"\u201cTener un plan de emergencia en Chivilcoy tiene mucho m\u00e9rito\u201d, manifest\u00f3 el intendente An\u00edbal Pittelli, durante la presentaci\u00f3n el Plan Municipal de Emergencia y Contingencia Civil. Adem\u00e1s el jefe comunal destac\u00f3 la voluntad pol\u00edtica del gobernador Daniel Scioli y los ministros para implementar y promocionar acciones de defensa civil en\u2026","rel":"","context":"En \u00abLocales\u00bb","block_context":{"text":"Locales","link":"http:\/\/www.24baires.com\/?cat=38"},"img":{"alt_text":"","src":"","width":0,"height":0},"classes":[]}],"jetpack_sharing_enabled":true,"jetpack_likes_enabled":true,"jetpack_featured_media_url":"","_links":{"self":[{"href":"http:\/\/www.24baires.com\/index.php?rest_route=\/wp\/v2\/posts\/73246","targetHints":{"allow":["GET"]}}],"collection":[{"href":"http:\/\/www.24baires.com\/index.php?rest_route=\/wp\/v2\/posts"}],"about":[{"href":"http:\/\/www.24baires.com\/index.php?rest_route=\/wp\/v2\/types\/post"}],"author":[{"embeddable":true,"href":"http:\/\/www.24baires.com\/index.php?rest_route=\/wp\/v2\/users\/8"}],"replies":[{"embeddable":true,"href":"http:\/\/www.24baires.com\/index.php?rest_route=%2Fwp%2Fv2%2Fcomments&post=73246"}],"version-history":[{"count":2,"href":"http:\/\/www.24baires.com\/index.php?rest_route=\/wp\/v2\/posts\/73246\/revisions"}],"predecessor-version":[{"id":73253,"href":"http:\/\/www.24baires.com\/index.php?rest_route=\/wp\/v2\/posts\/73246\/revisions\/73253"}],"wp:attachment":[{"href":"http:\/\/www.24baires.com\/index.php?rest_route=%2Fwp%2Fv2%2Fmedia&parent=73246"}],"wp:term":[{"taxonomy":"category","embeddable":true,"href":"http:\/\/www.24baires.com\/index.php?rest_route=%2Fwp%2Fv2%2Fcategories&post=73246"},{"taxonomy":"post_tag","embeddable":true,"href":"http:\/\/www.24baires.com\/index.php?rest_route=%2Fwp%2Fv2%2Ftags&post=73246"}],"curies":[{"name":"wp","href":"https:\/\/api.w.org\/{rel}","templated":true}]}}