{"id":73243,"date":"2015-10-07T14:00:22","date_gmt":"2015-10-07T17:00:22","guid":{"rendered":"http:\/\/www.24baires.com\/?p=73243"},"modified":"2015-10-08T16:15:26","modified_gmt":"2015-10-08T19:15:26","slug":"la-interpor-de-brasilia-confirmo-que-stiuso-esta-en-miami","status":"publish","type":"post","link":"http:\/\/www.24baires.com\/?p=73243","title":{"rendered":"Interpol Brasilia confirm\u00f3 que Stiuso est\u00e1 en Miami"},"content":{"rendered":"<p><img data-recalc-dims=\"1\" loading=\"lazy\" decoding=\"async\" class=\"aligncenter size-full wp-image-73244\" src=\"https:\/\/i0.wp.com\/www.24baires.com\/wp-content\/uploads\/2015\/10\/stiuso.jpg?resize=560%2C313\" alt=\"stiuso\" width=\"560\" height=\"313\" srcset=\"https:\/\/i0.wp.com\/www.24baires.com\/wp-content\/uploads\/2015\/10\/stiuso.jpg?w=560 560w, https:\/\/i0.wp.com\/www.24baires.com\/wp-content\/uploads\/2015\/10\/stiuso.jpg?resize=300%2C168 300w\" sizes=\"auto, (max-width: 560px) 100vw, 560px\" \/>Antonio Horacio \u00abJaime\u00bb Stiuso parti\u00f3 de Brasil con destino a Estados Unidos ese d\u00eda, seg\u00fan difundi\u00f3 hoy el Ministerio de Seguridad de la Naci\u00f3n tras recibir un parte informativo de la Direcci\u00f3n General de Coordinaci\u00f3n Internacional referido al paradero del ex agente la ex SIDE en virtud de la notificaci\u00f3n azul extendida por la justicia.<!--more--><\/p>\n<p>Interpol Brasilia inform\u00f3 que \u00abel causante parti\u00f3 de Porto Alegre con destino a la Ciudad de Miami, Estados Unidos de Norteam\u00e9rica, con fecha 19\/02\/2015, habi\u00e9ndose identificado en aquel momento con pasaporte italiano N\u00ba AA3441362\u00bb, indica un comunicado de la cartera nacional.<\/p>\n<p>Agrega que \u00abasimismo, se requiri\u00f3 a Interpol de Washington un informe similar, obteniendo como respuesta que el requerimiento deber\u00e1 ser canalizado por intermedio de un pedido formal de asistencia legal de conformidad con el tratado sobre la materia que vincula a los dos pa\u00edses\u00bb.<\/p>\n<p>\u00abMotivo por el cual, en el d\u00eda de ma\u00f1ana, en hora de despacho, ser\u00e1 puesta en conocimiento de estos hechos, la Unidad Fiscal de investigaci\u00f3n del atentado contra la sede AMIA\u00bb, concluy\u00f3 el comunicado.<\/p>\n<p>El pasado 30 de septiembre la agencia policial mundial Interpol difundi\u00f3, a pedido de la Unidad Fiscal AMIA (UFI-AMIA), una \u201ccircular azul\u201d para determinar el paradero del ex agente de Inteligencia, para su eventual citaci\u00f3n con el objetivo de que brinde detalles sobre su participaci\u00f3n en la investigaci\u00f3n del atentado terrorista ocurrido en la Ciudad de Buenos Aires en 1994.<\/p>\n<p>Interpol subi\u00f3 la ficha de Stiuso al sistema de notificaci\u00f3n I24\/7 que enlaza a las polic\u00edas de los 190 pa\u00edses miembros, con su foto de hace dos a\u00f1os y un pedido de \u00aburgente registro y difusi\u00f3n\u00bb donde consta su calidad de \u201ctestigo\u201d de una causa penal en la Argentina.<\/p>\n<p>En la ficha se deja constancia que podr\u00eda encontrarse en Uruguay, pa\u00eds al que accedi\u00f3 desde la Argentina por v\u00eda terrestre en febrero pasado, tras declarar en la investigaci\u00f3n por la muerte del ex titular de la fiscal\u00eda AMIA, Alberto Nisman.<\/p>\n<p>La presidenta Cristina Fern\u00e1ndez de Kirchner hab\u00eda asegurado, al hablar en la Asamblea general de las Naciones Unidas, que el ex hombre fuerte de la Secretar\u00eda de Inteligencia -al que no nombr\u00f3- se encuentra en Estados Unidos con alg\u00fan tipo de protecci\u00f3n y se pregunt\u00f3 de qui\u00e9n emanaba.<\/p>\n<p>El ex jefe operativo de la disuelta SIDE fue relevado de su cargo en diciembre \u00faltimo y fue requerido por los fiscales a cargo de la investigaci\u00f3n del atentado a la mutual israelita de 1994 como \u201ctestigo\u201d en esa causa penal.<\/p>\n<p>A diferencia de una \u201ccircular roja\u201d, que pide la detenci\u00f3n de un pr\u00f3fugo acusado de delitos por un juez, la \u201calerta azul\u201d se encuentra un escal\u00f3n por debajo y s\u00f3lo demanda localizaci\u00f3n del paradero de alguien a los efectos de poder efectivizar una citaci\u00f3n por alguna autoridad judicial, en este caso los fiscales de la causa Amia.<\/p>\n<p>El encubrimiento de ese atentado que cobr\u00f3 la vida de 85 personas se ventila en la actualidad en un juicio oral en los tribunales federales de Comodoro Py, donde los principales acusados son el ex presidente Carlos Menem, su secretario de inteligencia Hugo Anzorreguy y el juez destituido Juan Jos\u00e9 Galeano.<\/p>\n<p>Stiuso fue adem\u00e1s un proveedor habitual de informaci\u00f3n del fallecido Nisman en la causa en que acus\u00f3 por la realizaci\u00f3n del atentado a un grupo de iran\u00edes, de los cuales 5 tienen pedidos de captura internacional, a impulsados por la justicia argentina.<\/p>\n<p>El ex jefe del contrainteligencia est\u00e1 imputado por diversos delitos ante diferentes jueces federales y ayer el juez federal Norberto Oyarbide, rechaz\u00f3 el pedido de \u00abalerta azul\u00bb solicitado por la Agencia Federal de Investigaciones (AFI).<\/p>\n<p>&nbsp;<\/p>\n<p>&nbsp;<\/p>\n<p>&nbsp;<\/p>\n<p>&nbsp;<\/p>\n<p>&nbsp;<\/p>\n<p>&nbsp;<\/p>\n<p>&nbsp;<\/p>\n<p>&nbsp;<\/p>\n<p>&nbsp;<\/p>\n<p>&nbsp;<\/p>\n<p>&nbsp;<\/p>\n<p>&nbsp;<\/p>\n<p>&nbsp;<\/p>\n<p>&nbsp;<\/p>\n<p>&nbsp;<\/p>\n","protected":false},"excerpt":{"rendered":"<p>Antonio Horacio \u00abJaime\u00bb Stiuso parti\u00f3 de Brasil con destino a Estados Unidos ese d\u00eda, seg\u00fan difundi\u00f3 hoy el Ministerio de Seguridad de la Naci\u00f3n tras recibir un parte informativo de la Direcci\u00f3n General de Coordinaci\u00f3n Internacional referido al paradero del ex agente la ex SIDE en virtud de la notificaci\u00f3n azul extendida por la justicia.<\/p>\n","protected":false},"author":8,"featured_media":0,"comment_status":"open","ping_status":"open","sticky":false,"template":"","format":"standard","meta":{"_jetpack_newsletter_access":"","_jetpack_dont_email_post_to_subs":false,"_jetpack_newsletter_tier_id":0,"_jetpack_memberships_contains_paywalled_content":false,"_jetpack_memberships_contains_paid_content":false,"footnotes":""},"categories":[51],"tags":[],"class_list":["post-73243","post","type-post","status-publish","format-standard","hentry","category-politica"],"jetpack_shortlink":"https:\/\/wp.me\/p2JWE0-j3l","jetpack-related-posts":[{"id":72840,"url":"http:\/\/www.24baires.com\/?p=72840","url_meta":{"origin":73243,"position":0},"title":"La AFI pide que se libre la \u00abcircular azul\u00bb en busca de Stiuso","author":"AF","date":"29\/09\/2015","format":false,"excerpt":"Lo solicit\u00f3 la Agencia Federal de Inteligencia al juez federal Norberto Oyarbide. Esta circular se tramita en Interpol y habilita la b\u00f1usqeda del ex director de Operaciones de la ex SIDE, quien se cree est\u00e1 en Miami. La Agencia Federal de Inteligencia (AFI) pidi\u00f3 hoy al juez federal Norberto Oyarbide\u2026","rel":"","context":"En \u00abJUDICIALES\u00bb","block_context":{"text":"JUDICIALES","link":"http:\/\/www.24baires.com\/?cat=68"},"img":{"alt_text":"","src":"","width":0,"height":0},"classes":[]},{"id":73293,"url":"http:\/\/www.24baires.com\/?p=73293","url_meta":{"origin":73243,"position":1},"title":"El Gobierno espera que EEUU \u00abresponda en consecuencia\u00bb sobre el paradero de Stiuso","author":"AF","date":"08\/10\/2015","format":false,"excerpt":"El jefe de Gabinete, An\u00edbal Fern\u00e1ndez, dijo que el gobierno argentino espera que Estados Unidos \"responda en consecuencia\" sobre el pedido de paradero del ex director de Operaciones de la ex SIDE Antonio \"Jaime\" Stiuso, luego de que ayer Interpol revelara que viaj\u00f3 a Miami, v\u00eda la ciudad brasile\u00f1a de\u2026","rel":"","context":"En \u00abJUDICIALES\u00bb","block_context":{"text":"JUDICIALES","link":"http:\/\/www.24baires.com\/?cat=68"},"img":{"alt_text":"anibal conferencia","src":"https:\/\/i0.wp.com\/www.24baires.com\/wp-content\/uploads\/2015\/04\/anibal-conferencia.jpg?resize=350%2C200","width":350,"height":200,"srcset":"https:\/\/i0.wp.com\/www.24baires.com\/wp-content\/uploads\/2015\/04\/anibal-conferencia.jpg?resize=350%2C200 1x, https:\/\/i0.wp.com\/www.24baires.com\/wp-content\/uploads\/2015\/04\/anibal-conferencia.jpg?resize=525%2C300 1.5x"},"classes":[]},{"id":65137,"url":"http:\/\/www.24baires.com\/?p=65137","url_meta":{"origin":73243,"position":2},"title":"La UFI-AMIA pidi\u00f3 a Interpol que averig\u00fce el paradero de Stiuso para que declare","author":"AF","date":"29\/04\/2015","format":false,"excerpt":"Las autoridades de la UFI-AMIA le pidieron a Interpol que averig\u00fce el paradero del ex jefe de Operaciones de la Secretar\u00eda de Inteligencia, Antonio \"Jaime\" Stiuso, con el objetivo de que sea tra\u00eddo a la Argentina para que explique en qu\u00e9 consisti\u00f3 su colaboraci\u00f3n con el fallecido fiscal Alberto Nisman,\u2026","rel":"","context":"En \u00abJUDICIALES\u00bb","block_context":{"text":"JUDICIALES","link":"http:\/\/www.24baires.com\/?cat=68"},"img":{"alt_text":"","src":"","width":0,"height":0},"classes":[]},{"id":73690,"url":"http:\/\/www.24baires.com\/?p=73690","url_meta":{"origin":73243,"position":3},"title":"Piden a la Justicia de EE.UU. que ubique a Stiuso y lo haga declarar","author":"GB","date":"16\/10\/2015","format":false,"excerpt":"La Unidad Fiscal de Investigaci\u00f3n (UFI) del atentado a la AMIA envi\u00f3 un exhorto a la justicia norteamericana con el objetivo de determinar el paradero del ex esp\u00eda Antonio Horacio Stiuso y hacerle saber que, en el marco de la investigaci\u00f3n del atentado terrorista, los fiscales prev\u00e9n recibir su declaraci\u00f3n\u2026","rel":"","context":"En \u00abPol\u00edtica\u00bb","block_context":{"text":"Pol\u00edtica","link":"http:\/\/www.24baires.com\/?cat=51"},"img":{"alt_text":"stiuso","src":"https:\/\/i0.wp.com\/www.24baires.com\/wp-content\/uploads\/2015\/10\/stiuso.jpg?resize=350%2C200","width":350,"height":200,"srcset":"https:\/\/i0.wp.com\/www.24baires.com\/wp-content\/uploads\/2015\/10\/stiuso.jpg?resize=350%2C200 1x, https:\/\/i0.wp.com\/www.24baires.com\/wp-content\/uploads\/2015\/10\/stiuso.jpg?resize=525%2C300 1.5x"},"classes":[]},{"id":72887,"url":"http:\/\/www.24baires.com\/?p=72887","url_meta":{"origin":73243,"position":4},"title":"Interpol public\u00f3 el \u00abalerta azul\u00bb para localizar a Stiuso","author":"AF","date":"30\/09\/2015","format":false,"excerpt":"El organismo internacional solicit\u00f3 \u201cel urgente registro y difusi\u00f3n\u201d del alerta tras recibir un oficio en el marco de la causa en tr\u00e1mite ante la Unidad Fiscal AMIA. Esta ma\u00f1ana, el Gobierno confirm\u00f3 que citar\u00e1 al embajador de EEUU para solicitarle que colabore con el caso del ex esp\u00eda. El\u2026","rel":"","context":"En \u00abJUDICIALES\u00bb","block_context":{"text":"JUDICIALES","link":"http:\/\/www.24baires.com\/?cat=68"},"img":{"alt_text":"stiusso","src":"https:\/\/i0.wp.com\/www.24baires.com\/wp-content\/uploads\/2015\/02\/stiusso.jpg?resize=350%2C200","width":350,"height":200,"srcset":"https:\/\/i0.wp.com\/www.24baires.com\/wp-content\/uploads\/2015\/02\/stiusso.jpg?resize=350%2C200 1x, https:\/\/i0.wp.com\/www.24baires.com\/wp-content\/uploads\/2015\/02\/stiusso.jpg?resize=525%2C300 1.5x"},"classes":[]},{"id":79923,"url":"http:\/\/www.24baires.com\/?p=79923","url_meta":{"origin":73243,"position":5},"title":"Stiuso no declar\u00f3 y present\u00f3 un escrito en la causa por el atentado a la AMIA","author":"AF","date":"09\/03\/2016","format":false,"excerpt":"El ex director de operaciones de la SIDE dijo que evitaba declarar bajo juramento de verdad porque est\u00e1 imputado en una causa por supuesto \"encubrimiento\" del ataque y podr\u00eda quedar incriminado con sus dichos. El ex director de Operaciones de la SIDE, Antonio Stiuso, se present\u00f3 a declarar como testigo\u2026","rel":"","context":"En \u00abJUDICIALES\u00bb","block_context":{"text":"JUDICIALES","link":"http:\/\/www.24baires.com\/?cat=68"},"img":{"alt_text":"stiuso","src":"https:\/\/i0.wp.com\/www.24baires.com\/wp-content\/uploads\/2015\/10\/stiuso.jpg?resize=350%2C200","width":350,"height":200,"srcset":"https:\/\/i0.wp.com\/www.24baires.com\/wp-content\/uploads\/2015\/10\/stiuso.jpg?resize=350%2C200 1x, https:\/\/i0.wp.com\/www.24baires.com\/wp-content\/uploads\/2015\/10\/stiuso.jpg?resize=525%2C300 1.5x"},"classes":[]}],"jetpack_sharing_enabled":true,"jetpack_likes_enabled":true,"jetpack_featured_media_url":"","_links":{"self":[{"href":"http:\/\/www.24baires.com\/index.php?rest_route=\/wp\/v2\/posts\/73243","targetHints":{"allow":["GET"]}}],"collection":[{"href":"http:\/\/www.24baires.com\/index.php?rest_route=\/wp\/v2\/posts"}],"about":[{"href":"http:\/\/www.24baires.com\/index.php?rest_route=\/wp\/v2\/types\/post"}],"author":[{"embeddable":true,"href":"http:\/\/www.24baires.com\/index.php?rest_route=\/wp\/v2\/users\/8"}],"replies":[{"embeddable":true,"href":"http:\/\/www.24baires.com\/index.php?rest_route=%2Fwp%2Fv2%2Fcomments&post=73243"}],"version-history":[{"count":3,"href":"http:\/\/www.24baires.com\/index.php?rest_route=\/wp\/v2\/posts\/73243\/revisions"}],"predecessor-version":[{"id":73320,"href":"http:\/\/www.24baires.com\/index.php?rest_route=\/wp\/v2\/posts\/73243\/revisions\/73320"}],"wp:attachment":[{"href":"http:\/\/www.24baires.com\/index.php?rest_route=%2Fwp%2Fv2%2Fmedia&parent=73243"}],"wp:term":[{"taxonomy":"category","embeddable":true,"href":"http:\/\/www.24baires.com\/index.php?rest_route=%2Fwp%2Fv2%2Fcategories&post=73243"},{"taxonomy":"post_tag","embeddable":true,"href":"http:\/\/www.24baires.com\/index.php?rest_route=%2Fwp%2Fv2%2Ftags&post=73243"}],"curies":[{"name":"wp","href":"https:\/\/api.w.org\/{rel}","templated":true}]}}