{"id":73226,"date":"2015-10-07T10:35:22","date_gmt":"2015-10-07T13:35:22","guid":{"rendered":"http:\/\/www.24baires.com\/?p=73226"},"modified":"2015-10-07T10:35:22","modified_gmt":"2015-10-07T13:35:22","slug":"cristina-inaugurara-el-hospital-rene-favaloro-en-la-matanza","status":"publish","type":"post","link":"http:\/\/www.24baires.com\/?p=73226","title":{"rendered":"Cristina inaugurar\u00e1 el hospital \u00abRen\u00e9 Favaloro\u00bb en La Matanza"},"content":{"rendered":"<p><img data-recalc-dims=\"1\" loading=\"lazy\" decoding=\"async\" class=\"aligncenter size-full wp-image-71658\" src=\"https:\/\/i0.wp.com\/www.24baires.com\/wp-content\/uploads\/2015\/09\/cristina-energia.jpg?resize=560%2C373\" alt=\"cristina energia\" width=\"560\" height=\"373\" srcset=\"https:\/\/i0.wp.com\/www.24baires.com\/wp-content\/uploads\/2015\/09\/cristina-energia.jpg?w=560 560w, https:\/\/i0.wp.com\/www.24baires.com\/wp-content\/uploads\/2015\/09\/cristina-energia.jpg?resize=300%2C200 300w\" sizes=\"auto, (max-width: 560px) 100vw, 560px\" \/>Cristina Fern\u00e1ndez de Kirchner encabezar\u00e1 en la localidad de Rafael Castillo, partido de La Matanza, el acto de apertura del nuevo Hospital General de Agudos Dr. Ren\u00e9 Favaloro, seg\u00fan se inform\u00f3.<!--more--><\/p>\n<p>La ceremonia se llevar\u00e1 a cabo, a partir de las 16, en el mencionado nosocomio, ubicado en ruta provincial 1001, entre Soldado Sosa y Echeverr\u00eda, con la asistencia del intendente de La Matanza, Fernando Espinoza; el gobernador bonaerense y candidato presidencial del FpV, Daniel Scioli, as\u00ed como otros dirigentes pol\u00edticos, gremiales y sociales.<\/p>\n<p>El 18 de septiembre pasado, la jefa de Estado presidi\u00f3 el acto de inauguraci\u00f3n de las obras de ampliaci\u00f3n del hospital materno-infantil Teresa Germani, ubicado en la localidad de Gregorio de Laferrere, con una superficie de 7.500 metros cuadrados.<\/p>\n","protected":false},"excerpt":{"rendered":"<p>Cristina Fern\u00e1ndez de Kirchner encabezar\u00e1 en la localidad de Rafael Castillo, partido de La Matanza, el acto de apertura del nuevo Hospital General de Agudos Dr. Ren\u00e9 Favaloro, seg\u00fan se inform\u00f3.<\/p>\n","protected":false},"author":8,"featured_media":0,"comment_status":"open","ping_status":"open","sticky":false,"template":"","format":"standard","meta":{"_jetpack_newsletter_access":"","_jetpack_dont_email_post_to_subs":false,"_jetpack_newsletter_tier_id":0,"_jetpack_memberships_contains_paywalled_content":false,"_jetpack_memberships_contains_paid_content":false,"footnotes":""},"categories":[51],"tags":[],"class_list":["post-73226","post","type-post","status-publish","format-standard","hentry","category-politica"],"jetpack_shortlink":"https:\/\/wp.me\/p2JWE0-j34","jetpack-related-posts":[{"id":73281,"url":"http:\/\/www.24baires.com\/?p=73281","url_meta":{"origin":73226,"position":0},"title":"\u00abCuando se toma la bandera del pueblo el camino es duro, pero est\u00e1 el reconocimiento del pueblo\u00bb","author":"AF","date":"07\/10\/2015","format":false,"excerpt":"La presidenta habl\u00f3 en la inauguraci\u00f3n del nuevo Hospital General de Agudos \"Doctor Ren\u00e9 Favaloro\" ubicado en Rafael Castillo en el partido de La Matanza. La presidenta Cristina Fern\u00e1ndez de Kirchner sostuvo hoy que \"cuando uno decide tomar la bandera del pueblo y de la Naci\u00f3n, el camino siempre se\u2026","rel":"","context":"En \u00abSociedad\u00bb","block_context":{"text":"Sociedad","link":"http:\/\/www.24baires.com\/?cat=1"},"img":{"alt_text":"","src":"https:\/\/i0.wp.com\/www.24baires.com\/wp-content\/uploads\/2015\/10\/cristina-la-matanza.jpg?resize=350%2C200","width":350,"height":200,"srcset":"https:\/\/i0.wp.com\/www.24baires.com\/wp-content\/uploads\/2015\/10\/cristina-la-matanza.jpg?resize=350%2C200 1x, https:\/\/i0.wp.com\/www.24baires.com\/wp-content\/uploads\/2015\/10\/cristina-la-matanza.jpg?resize=525%2C300 1.5x"},"classes":[]},{"id":98183,"url":"http:\/\/www.24baires.com\/?p=98183","url_meta":{"origin":73226,"position":1},"title":"Magario volvi\u00f3 a apuntar contra Vidal por los hospitales de La Matanza","author":"AF","date":"19\/10\/2017","format":false,"excerpt":"La intendenta de La Matanza, Ver\u00f3nica Magario, volvi\u00f3 a pedirle hoy a la gobernadora bonaerense Mar\u00eda Eugenia Vidal que abra los dos hospitales que est\u00e1n construidos en su distrito, el m\u00e1s densamente poblado del Gran Buenos Aires. El pedido fue expresado por Magario despu\u00e9s de que la gobernadora ratificara en\u2026","rel":"","context":"En \u00abPol\u00edtica\u00bb","block_context":{"text":"Pol\u00edtica","link":"http:\/\/www.24baires.com\/?cat=51"},"img":{"alt_text":"","src":"https:\/\/i0.wp.com\/www.24baires.com\/wp-content\/uploads\/2016\/03\/magario-matanza.jpg?resize=350%2C200","width":350,"height":200,"srcset":"https:\/\/i0.wp.com\/www.24baires.com\/wp-content\/uploads\/2016\/03\/magario-matanza.jpg?resize=350%2C200 1x, https:\/\/i0.wp.com\/www.24baires.com\/wp-content\/uploads\/2016\/03\/magario-matanza.jpg?resize=525%2C300 1.5x"},"classes":[]},{"id":119838,"url":"http:\/\/www.24baires.com\/?p=119838","url_meta":{"origin":73226,"position":2},"title":"\u00abNunca m\u00e1s puede morirse un Favaloro porque el Estado lo abandon\u00f3\u00bb","author":"AF","date":"27\/02\/2023","format":false,"excerpt":"El Presidente destac\u00f3 que la Argentina \u201chizo mucho a lo largo de los a\u00f1os para que la educaci\u00f3n sea accesible para todos\u201d, durante el acto inaugural de un nuevo establecimiento educativo chaque\u00f1o. Fern\u00e1ndez aconsej\u00f3 a los estudiantes: \u201cTomen la educaci\u00f3n como una inversi\u00f3n de su futuro\u201d. El presidente Alberto Fern\u00e1ndez\u2026","rel":"","context":"En \u00abLocales\u00bb","block_context":{"text":"Locales","link":"http:\/\/www.24baires.com\/?cat=38"},"img":{"alt_text":"","src":"https:\/\/i0.wp.com\/www.24baires.com\/wp-content\/uploads\/2023\/02\/fernandez.jpg?resize=350%2C200","width":350,"height":200,"srcset":"https:\/\/i0.wp.com\/www.24baires.com\/wp-content\/uploads\/2023\/02\/fernandez.jpg?resize=350%2C200 1x, https:\/\/i0.wp.com\/www.24baires.com\/wp-content\/uploads\/2023\/02\/fernandez.jpg?resize=525%2C300 1.5x, https:\/\/i0.wp.com\/www.24baires.com\/wp-content\/uploads\/2023\/02\/fernandez.jpg?resize=700%2C400 2x, https:\/\/i0.wp.com\/www.24baires.com\/wp-content\/uploads\/2023\/02\/fernandez.jpg?resize=1050%2C600 3x"},"classes":[]},{"id":33262,"url":"http:\/\/www.24baires.com\/?p=33262","url_meta":{"origin":73226,"position":3},"title":"Para los m\u00e9dicos de la Fundaci\u00f3n Favaloro \u00abCristina es una excelente paciente\u00bb","author":"AF","date":"09\/10\/2013","format":false,"excerpt":"Pablo Rubino, jefe de la secci\u00f3n vascular de la Fundaci\u00f3n Favaloro, destac\u00f3 hoy la \"satisfacci\u00f3n\" de todo el equipo m\u00e9dico que particip\u00f3 de la operaci\u00f3n a la que fue sometida la presidenta Cristina Fern\u00e1ndez de Kirchner y dijo que la mandataria es \"una excelente paciente\". \"Debo destacar la satisfacci\u00f3n enorme\u2026","rel":"","context":"En \u00abPol\u00edtica\u00bb","block_context":{"text":"Pol\u00edtica","link":"http:\/\/www.24baires.com\/?cat=51"},"img":{"alt_text":"","src":"","width":0,"height":0},"classes":[]},{"id":33056,"url":"http:\/\/www.24baires.com\/?p=33056","url_meta":{"origin":73226,"position":4},"title":"Cristina est\u00e1 internada por un chequeo de rutina en la Fundaci\u00f3n Favaloro","author":"Grupo Sierra","date":"05\/10\/2013","format":false,"excerpt":"La Presidente permanece en el Hospital Universitario de la Fundaci\u00f3n Favaloro y podr\u00eda estar all\u00ed hasta el domingo. La presidente Cristina Kirchner ingres\u00f3 este s\u00e1bado al Hospital Universitario de la Fundaci\u00f3n Favaloro, en el barrio porte\u00f1o de Monserrat, para realizarse chequeos m\u00e9dicos de rutina y podr\u00eda permanecer internada all\u00ed hasta\u2026","rel":"","context":"En \u00abPol\u00edtica\u00bb","block_context":{"text":"Pol\u00edtica","link":"http:\/\/www.24baires.com\/?cat=51"},"img":{"alt_text":"","src":"","width":0,"height":0},"classes":[]},{"id":34849,"url":"http:\/\/www.24baires.com\/?p=34849","url_meta":{"origin":73226,"position":5},"title":"Cristina cumpli\u00f3 este viernes un mes de reposo","author":"GB","date":"08\/11\/2013","format":false,"excerpt":"La Jefa de Estado cumpli\u00f3 este viernes el mes de reposo ordenado por los m\u00e9dicos tras su intervenci\u00f3n quir\u00fargica. Esta noche \"se realizar\u00e1 una nueva neuroimagen de control\", para evaluar su evoluci\u00f3n de la cirug\u00eda a la que se someti\u00f3 el 8 de octubre \u00faltimo, inform\u00f3 esta tarde la Fundaci\u00f3n\u2026","rel":"","context":"En \u00abPol\u00edtica\u00bb","block_context":{"text":"Pol\u00edtica","link":"http:\/\/www.24baires.com\/?cat=51"},"img":{"alt_text":"operacion cristina","src":"https:\/\/i0.wp.com\/www.24baires.com\/wp-content\/uploads\/2013\/10\/operacion-cristina.jpg?resize=350%2C200","width":350,"height":200,"srcset":"https:\/\/i0.wp.com\/www.24baires.com\/wp-content\/uploads\/2013\/10\/operacion-cristina.jpg?resize=350%2C200 1x, https:\/\/i0.wp.com\/www.24baires.com\/wp-content\/uploads\/2013\/10\/operacion-cristina.jpg?resize=525%2C300 1.5x"},"classes":[]}],"jetpack_sharing_enabled":true,"jetpack_likes_enabled":true,"jetpack_featured_media_url":"","_links":{"self":[{"href":"http:\/\/www.24baires.com\/index.php?rest_route=\/wp\/v2\/posts\/73226","targetHints":{"allow":["GET"]}}],"collection":[{"href":"http:\/\/www.24baires.com\/index.php?rest_route=\/wp\/v2\/posts"}],"about":[{"href":"http:\/\/www.24baires.com\/index.php?rest_route=\/wp\/v2\/types\/post"}],"author":[{"embeddable":true,"href":"http:\/\/www.24baires.com\/index.php?rest_route=\/wp\/v2\/users\/8"}],"replies":[{"embeddable":true,"href":"http:\/\/www.24baires.com\/index.php?rest_route=%2Fwp%2Fv2%2Fcomments&post=73226"}],"version-history":[{"count":1,"href":"http:\/\/www.24baires.com\/index.php?rest_route=\/wp\/v2\/posts\/73226\/revisions"}],"predecessor-version":[{"id":73227,"href":"http:\/\/www.24baires.com\/index.php?rest_route=\/wp\/v2\/posts\/73226\/revisions\/73227"}],"wp:attachment":[{"href":"http:\/\/www.24baires.com\/index.php?rest_route=%2Fwp%2Fv2%2Fmedia&parent=73226"}],"wp:term":[{"taxonomy":"category","embeddable":true,"href":"http:\/\/www.24baires.com\/index.php?rest_route=%2Fwp%2Fv2%2Fcategories&post=73226"},{"taxonomy":"post_tag","embeddable":true,"href":"http:\/\/www.24baires.com\/index.php?rest_route=%2Fwp%2Fv2%2Ftags&post=73226"}],"curies":[{"name":"wp","href":"https:\/\/api.w.org\/{rel}","templated":true}]}}