{"id":73223,"date":"2015-10-07T09:58:13","date_gmt":"2015-10-07T12:58:13","guid":{"rendered":"http:\/\/www.24baires.com\/?p=73223"},"modified":"2015-10-08T10:59:50","modified_gmt":"2015-10-08T13:59:50","slug":"para-anibal-con-el-bonar-2020-se-dio-un-paso-muy-importante","status":"publish","type":"post","link":"http:\/\/www.24baires.com\/?p=73223","title":{"rendered":"Para An\u00edbal, con \u00abel Bonar 2020 se dio un paso muy importante\u201d"},"content":{"rendered":"<p><img data-recalc-dims=\"1\" loading=\"lazy\" decoding=\"async\" src=\"https:\/\/i0.wp.com\/www.24baires.com\/wp-content\/uploads\/2015\/04\/anibal-conferencia.jpg?resize=560%2C379\" alt=\"anibal conferencia\" width=\"560\" height=\"379\" class=\"aligncenter size-full wp-image-63981\" srcset=\"https:\/\/i0.wp.com\/www.24baires.com\/wp-content\/uploads\/2015\/04\/anibal-conferencia.jpg?w=560 560w, https:\/\/i0.wp.com\/www.24baires.com\/wp-content\/uploads\/2015\/04\/anibal-conferencia.jpg?resize=300%2C203 300w\" sizes=\"auto, (max-width: 560px) 100vw, 560px\" \/>El jefe de Gabinete destac\u00f3 hoy la colocaci\u00f3n de ese t\u00edtulo por 669,2 millones de d\u00f3lares y subray\u00f3 que cosech\u00f3 \u201cm\u00e1s de lo que se pretend\u00eda. \u201cEs una excelente bono a un excelente tasa\u201d, enfatiz\u00f3.<!--more--><\/p>\n<p>Como es habitual, el jefe de Gabinete habl\u00f3 esta ma\u00f1ana con la prensa, minutos despu\u00e9s de su ingreso a la Casa de Gobierno.<\/p>\n<p>\u00abLa colocaci\u00f3n del Bonar 2020 fue algo bueno. La presentaci\u00f3n era por 500 millones de d\u00f3lares y se lleg\u00f3 a los 669 millones\u00bb, destac\u00f3 Fern\u00e1ndez.<br \/>\nDe inmediato aclar\u00f3: \u00abustedes saben c\u00f3mo es esto. Se presenta por pantalla y comienzan las ofertas que despu\u00e9s se toman. Son 669 millones de d\u00f3lares a 9.21, es una muy buena tasa, as\u00ed que creo que es un paso adelante, muy importante\u00bb.<\/p>\n<p>Ante el comentario de que no se lleg\u00f3 a los 1.500 millones de d\u00f3lares, el jefe de ministros contest\u00f3 que \u00ablo que se pretend\u00eda en esta oportunidad eran 500 millones de d\u00f3lares; bueno, se lleg\u00f3 a 669, es m\u00e1s de lo que se pretend\u00eda\u00bb.<\/p>\n<p>Sobre el hecho de que el mayor oferente es la Anses y si el mercado le dio la espalda al Bonar 2020, Fern\u00e1ndez opin\u00f3 que \u00abno es as\u00ed. \u00bfy por qu\u00e9? La Anses tiene el fondo solidario que hay que preservar y mantenerlo en las mejores condiciones\u00bb.<\/p>\n<p>\u00abMiren -a\u00f1adi\u00f3-, cuando la Presidenta de la Naci\u00f3n (Cristina Fern\u00e1ndez de Kirchner) toma la decisi\u00f3n de traer hacia el Estado nuevamente la administraci\u00f3n de los dineros y los negocios que estaban haciendo las AFJP, hubo un mont\u00f3n de razones. Las AFJP se quedaban con un 30 por ciento de las comisiones, les pagaban sueldos terribles a los gerentes y era el Estado el que pagaba el 70 por ciento de las jubilaciones, \u00bfqu\u00e9 sentido ten\u00eda semejante cosa?, \u00bfD\u00f3nde estaba el negocio para el Estado?. Y encima perjudicaban a los trabajadores\u00bb.<\/p>\n<p>En ese sentido, dijo que \u00abtodo volvi\u00f3 a la administraci\u00f3n del Estado y este fondo solidario, que era de 80.200 millones de pesos a\u00f1os atr\u00e1s, hoy est\u00e1 de arriba de los 550.000 millones de pesos. \u00bfY c\u00f3mo se hizo eso?. Se hizo invirtiendo bien, invirtiendo correctamente los fondos de los trabajadores. Bueno, de alguna manera como lo estamos haciendo hoy\u00bb.<\/p>\n<p>El jefe de ministros dijo: \u00abinsisto, la del Bonar 2020 era una propuesta de 500 millones de d\u00f3lares, se lleg\u00f3 a los 669 millones, no s\u00e9 cu\u00e1l fue la oferta m\u00e1xima, pero el corte se produce cuando desde el Ministerio de Econom\u00eda se entiende que la tasa es buena. 9.21 es una muy buena tasa, hab\u00eda sido 8,75 la colocaci\u00f3n anterior, es una muy buena tasa 9.21 y ah\u00ed se plant\u00f3<\/p>\n","protected":false},"excerpt":{"rendered":"<p>El jefe de Gabinete destac\u00f3 hoy la colocaci\u00f3n de ese t\u00edtulo por 669,2 millones de d\u00f3lares y subray\u00f3 que cosech\u00f3 \u201cm\u00e1s de lo que se pretend\u00eda. \u201cEs una excelente bono a un excelente tasa\u201d, enfatiz\u00f3.<\/p>\n","protected":false},"author":8,"featured_media":0,"comment_status":"open","ping_status":"open","sticky":false,"template":"","format":"standard","meta":{"_jetpack_newsletter_access":"","_jetpack_dont_email_post_to_subs":false,"_jetpack_newsletter_tier_id":0,"_jetpack_memberships_contains_paywalled_content":false,"_jetpack_memberships_contains_paid_content":false,"footnotes":""},"categories":[51],"tags":[],"class_list":["post-73223","post","type-post","status-publish","format-standard","hentry","category-politica"],"jetpack_shortlink":"https:\/\/wp.me\/p2JWE0-j31","jetpack-related-posts":[{"id":114020,"url":"http:\/\/www.24baires.com\/?p=114020","url_meta":{"origin":73223,"position":0},"title":"Provincia paga con fondos propios y reestructura deuda en moneda extranjera","author":"AF","date":"04\/02\/2020","format":false,"excerpt":"El gobierno bonaerense anunci\u00f3 que no alcanz\u00f3 cerrar la negociaci\u00f3n con el 75% necesario de los acreedores. Por lo tanto, pagar\u00e1 el BP21 con fondos propios. El resto de la deuda en moneda extrajera entrar\u00e1 en un proceso de reestructuraci\u00f3n. Apunt\u00f3 con dureza a Macri y Vidal por dejar \"una\u2026","rel":"","context":"En \u00abProvincia\u00bb","block_context":{"text":"Provincia","link":"http:\/\/www.24baires.com\/?cat=40"},"img":{"alt_text":"","src":"https:\/\/i0.wp.com\/www.24baires.com\/wp-content\/uploads\/2019\/11\/kicillof.jpg?resize=350%2C200","width":350,"height":200,"srcset":"https:\/\/i0.wp.com\/www.24baires.com\/wp-content\/uploads\/2019\/11\/kicillof.jpg?resize=350%2C200 1x, https:\/\/i0.wp.com\/www.24baires.com\/wp-content\/uploads\/2019\/11\/kicillof.jpg?resize=525%2C300 1.5x"},"classes":[]},{"id":95477,"url":"http:\/\/www.24baires.com\/?p=95477","url_meta":{"origin":73223,"position":1},"title":"Imputan a Caputo por la emisi\u00f3n del bono a 100 a\u00f1os","author":"GB","date":"27\/06\/2017","format":false,"excerpt":"El fiscal federal Juan Pedro Zoni imput\u00f3 hoy al ministro de Finanzas, Luis Caputo, por la emisi\u00f3n de un bono a cien a\u00f1os que podr\u00eda haber implicado \"conductas delictivas en perjuicio de la Administraci\u00f3n Publica Nacional\". En un escrito al que accedi\u00f3 DyN, Zoni le pidi\u00f3 al juez federal Ariel\u2026","rel":"","context":"En \u00abPol\u00edtica\u00bb","block_context":{"text":"Pol\u00edtica","link":"http:\/\/www.24baires.com\/?cat=51"},"img":{"alt_text":"","src":"https:\/\/i0.wp.com\/www.24baires.com\/wp-content\/uploads\/2017\/01\/caputo.jpg?resize=350%2C200","width":350,"height":200},"classes":[]},{"id":43145,"url":"http:\/\/www.24baires.com\/?p=43145","url_meta":{"origin":73223,"position":2},"title":"YPF termin\u00f3 el bimestre con un incremento en la producci\u00f3n de petr\u00f3leo y gas","author":"GB","date":"01\/04\/2014","format":false,"excerpt":"YPF coloc\u00f3 de manera exitosa US$1.000 millones a trav\u00e9s de una nueva emisi\u00f3n de bonos en el mercado internacional. Tambi\u00e9n, anunci\u00f3 el incremento de su producci\u00f3n de hidrocarburos durante los dos primeros meses de este a\u00f1o. La colocaci\u00f3n en d\u00f3lares -a un plazo de 10 a\u00f1os- fue a una tasa\u2026","rel":"","context":"En \u00abEconom\u00eda\u00bb","block_context":{"text":"Econom\u00eda","link":"http:\/\/www.24baires.com\/?cat=45"},"img":{"alt_text":"bono-ypf.jpg_552074685","src":"https:\/\/i0.wp.com\/www.24baires.com\/wp-content\/uploads\/2013\/03\/bono-ypf.jpg_552074685.jpg?resize=350%2C200","width":350,"height":200,"srcset":"https:\/\/i0.wp.com\/www.24baires.com\/wp-content\/uploads\/2013\/03\/bono-ypf.jpg_552074685.jpg?resize=350%2C200 1x, https:\/\/i0.wp.com\/www.24baires.com\/wp-content\/uploads\/2013\/03\/bono-ypf.jpg_552074685.jpg?resize=525%2C300 1.5x"},"classes":[]},{"id":98460,"url":"http:\/\/www.24baires.com\/?p=98460","url_meta":{"origin":73223,"position":3},"title":"El Gobierno emiti\u00f3 bonos por 12 mil millones de pesos m\u00e1s","author":"AF","date":"31\/10\/2017","format":false,"excerpt":"El Ministerio de Finanzas oficializ\u00f3 la extensi\u00f3n del Boncer 2020, que ya llevaba emitidos casi 19 mil millones de pesos. Ayer firm\u00f3 los papeles para recibir del BID 550 millones de d\u00f3lares m\u00e1s. Luego de criticar la toma de deuda desde el escenario del Centro Cultural Kirchner -\u201cQu\u00e9 madre y\u2026","rel":"","context":"En \u00abEconom\u00eda\u00bb","block_context":{"text":"Econom\u00eda","link":"http:\/\/www.24baires.com\/?cat=45"},"img":{"alt_text":"","src":"https:\/\/i0.wp.com\/www.24baires.com\/wp-content\/uploads\/2016\/05\/macri-2.jpg?resize=350%2C200","width":350,"height":200,"srcset":"https:\/\/i0.wp.com\/www.24baires.com\/wp-content\/uploads\/2016\/05\/macri-2.jpg?resize=350%2C200 1x, https:\/\/i0.wp.com\/www.24baires.com\/wp-content\/uploads\/2016\/05\/macri-2.jpg?resize=525%2C300 1.5x"},"classes":[]},{"id":116542,"url":"http:\/\/www.24baires.com\/?p=116542","url_meta":{"origin":73223,"position":4},"title":"El gobierno lanza una \u00abmegalicitaci\u00f3n\u00bb de bonos para frenar el precio del d\u00f3lar","author":"GB","date":"26\/10\/2020","format":false,"excerpt":"El objetivo del ministro de Econom\u00eda es absorber liquidez del mercado y as\u00ed quitarle presi\u00f3n a la moneda norteamericana Este martes el Ministerio de Econom\u00eda llamar\u00e1 a licitaci\u00f3n para la colocaci\u00f3n de varios t\u00edtulos p\u00fablicos en pesos, con el objetivo de absorber liquidez del mercado y frenar la demanda de\u2026","rel":"","context":"En \u00abEconom\u00eda\u00bb","block_context":{"text":"Econom\u00eda","link":"http:\/\/www.24baires.com\/?cat=45"},"img":{"alt_text":"","src":"https:\/\/i0.wp.com\/www.24baires.com\/wp-content\/uploads\/2020\/05\/guzman-1.jpg?resize=350%2C200","width":350,"height":200,"srcset":"https:\/\/i0.wp.com\/www.24baires.com\/wp-content\/uploads\/2020\/05\/guzman-1.jpg?resize=350%2C200 1x, https:\/\/i0.wp.com\/www.24baires.com\/wp-content\/uploads\/2020\/05\/guzman-1.jpg?resize=525%2C300 1.5x"},"classes":[]},{"id":102785,"url":"http:\/\/www.24baires.com\/?p=102785","url_meta":{"origin":73223,"position":5},"title":"El ministerio de finanzas licitar\u00e1 el lunes bonos por 4 mil millones de d\u00f3lares","author":"GB","date":"15\/06\/2018","format":false,"excerpt":"Lo confirm\u00f3 a trav\u00e9s de la red social twitter. Ser\u00e1 a trav\u00e9s de dos instrumentos, por un lado un bono peso d\u00f3lar con un a\u00f1o de duraci\u00f3n y por el otro un bono a tasa fija en pesos por dos a\u00f1os. El ministerio de finanzas volvi\u00f3 a la orbita del\u2026","rel":"","context":"En \u00abEconom\u00eda\u00bb","block_context":{"text":"Econom\u00eda","link":"http:\/\/www.24baires.com\/?cat=45"},"img":{"alt_text":"","src":"https:\/\/i0.wp.com\/www.24baires.com\/wp-content\/uploads\/2016\/12\/dujovne.jpg?resize=350%2C200","width":350,"height":200,"srcset":"https:\/\/i0.wp.com\/www.24baires.com\/wp-content\/uploads\/2016\/12\/dujovne.jpg?resize=350%2C200 1x, https:\/\/i0.wp.com\/www.24baires.com\/wp-content\/uploads\/2016\/12\/dujovne.jpg?resize=525%2C300 1.5x"},"classes":[]}],"jetpack_sharing_enabled":true,"jetpack_likes_enabled":true,"jetpack_featured_media_url":"","_links":{"self":[{"href":"http:\/\/www.24baires.com\/index.php?rest_route=\/wp\/v2\/posts\/73223","targetHints":{"allow":["GET"]}}],"collection":[{"href":"http:\/\/www.24baires.com\/index.php?rest_route=\/wp\/v2\/posts"}],"about":[{"href":"http:\/\/www.24baires.com\/index.php?rest_route=\/wp\/v2\/types\/post"}],"author":[{"embeddable":true,"href":"http:\/\/www.24baires.com\/index.php?rest_route=\/wp\/v2\/users\/8"}],"replies":[{"embeddable":true,"href":"http:\/\/www.24baires.com\/index.php?rest_route=%2Fwp%2Fv2%2Fcomments&post=73223"}],"version-history":[{"count":1,"href":"http:\/\/www.24baires.com\/index.php?rest_route=\/wp\/v2\/posts\/73223\/revisions"}],"predecessor-version":[{"id":73224,"href":"http:\/\/www.24baires.com\/index.php?rest_route=\/wp\/v2\/posts\/73223\/revisions\/73224"}],"wp:attachment":[{"href":"http:\/\/www.24baires.com\/index.php?rest_route=%2Fwp%2Fv2%2Fmedia&parent=73223"}],"wp:term":[{"taxonomy":"category","embeddable":true,"href":"http:\/\/www.24baires.com\/index.php?rest_route=%2Fwp%2Fv2%2Fcategories&post=73223"},{"taxonomy":"post_tag","embeddable":true,"href":"http:\/\/www.24baires.com\/index.php?rest_route=%2Fwp%2Fv2%2Ftags&post=73223"}],"curies":[{"name":"wp","href":"https:\/\/api.w.org\/{rel}","templated":true}]}}