{"id":73215,"date":"2015-10-06T20:15:46","date_gmt":"2015-10-06T23:15:46","guid":{"rendered":"http:\/\/www.24baires.com\/?p=73215"},"modified":"2015-10-06T20:38:21","modified_gmt":"2015-10-06T23:38:21","slug":"hasta-aca-llegamos-dijo-la-tigresa-acuna-y-se-separo-del-massismo","status":"publish","type":"post","link":"http:\/\/www.24baires.com\/?p=73215","title":{"rendered":"\u00abHasta ac\u00e1 llegamos\u00bb, dijo la &#8216;Tigresa&#8217; Acu\u00f1a y se separ\u00f3 del massismo"},"content":{"rendered":"<p><img data-recalc-dims=\"1\" loading=\"lazy\" decoding=\"async\" class=\"aligncenter size-full wp-image-73216\" src=\"https:\/\/i0.wp.com\/www.24baires.com\/wp-content\/uploads\/2015\/10\/tigresa-acu%C3%B1a.jpg?resize=560%2C307\" alt=\"tigresa acu\u00f1a\" width=\"560\" height=\"307\" srcset=\"https:\/\/i0.wp.com\/www.24baires.com\/wp-content\/uploads\/2015\/10\/tigresa-acu%C3%B1a.jpg?w=560 560w, https:\/\/i0.wp.com\/www.24baires.com\/wp-content\/uploads\/2015\/10\/tigresa-acu%C3%B1a.jpg?resize=300%2C164 300w\" sizes=\"auto, (max-width: 560px) 100vw, 560px\" \/>La concejala de Tres de Febrero Marcela \u201cLa Tigresa\u201d Acu\u00f1a abandon\u00f3 el Frente Renovador para regresar al Frente para la Victoria. La dirigente argument\u00f3 su decisi\u00f3n luego de expresar que Sergio Massa \u201cbaj\u00f3 la orden de apoyar al candidato del PRO\u201d en su distrito.<!--more--><\/p>\n<p>\u201cMassa no dialoga con ning\u00fan dirigente. Adem\u00e1s, lo que en mi caso rebals\u00f3 el vaso fue que Massa, a los concejales de Tres de Febrero, baj\u00f3 la orden de apoyar al candidato del Pro cuando tiene su propio candidato\u201d, remarc\u00f3 Acu\u00f1a en di\u00e1logo con Infocielo.<\/p>\n<p>La lectura pol\u00edtica implica, por un lado, una p\u00e9rdida important\u00edsima para el massismo ya que muchos dirigentes pol\u00edticos consideran a la exdeportista como \u201cuna candidata taquillera\u201d, y por el otro, porque inclina la balanza en un distrito muy peleado.<\/p>\n<p>En este sentido, la edil destac\u00f3 que su regreso al kirchnerismo le permitir\u00e1 \u201ctrabajar muy duramente para que Daniel Scioli sea el pr\u00f3ximo presidente y en primera vuelta\u201d.<\/p>\n<p>Adem\u00e1s, la referente de este distrito augur\u00f3 que \u201cen las pr\u00f3ximas semanas se sumar\u00e1n muchos m\u00e1s compa\u00f1eros al proyecto de Scioli\u201d ya que \u201ccomo peronistas no tenemos nada que ver con el Pro\u201d.<\/p>\n<p>\u201cHasta ac\u00e1 llegamos y no vamos a permitir que el Frente Renovador le haga el caldo gordo al macrismo. Somos peronistas y no tenemos nada que ver con ellos\u201d, concluy\u00f3.<\/p>\n<p>&nbsp;<\/p>\n<p>&nbsp;<\/p>\n<p>&nbsp;<\/p>\n<p>&nbsp;<\/p>\n<p>&nbsp;<\/p>\n<p>&nbsp;<\/p>\n<p>&nbsp;<\/p>\n<p>&nbsp;<\/p>\n<p>&nbsp;<\/p>\n<p>&nbsp;<\/p>\n<p>&nbsp;<\/p>\n<p>&nbsp;<\/p>\n<p>&nbsp;<\/p>\n<p>&nbsp;<\/p>\n<p>&nbsp;<\/p>\n<p>&nbsp;<\/p>\n","protected":false},"excerpt":{"rendered":"<p>La concejala de Tres de Febrero Marcela \u201cLa Tigresa\u201d Acu\u00f1a abandon\u00f3 el Frente Renovador para regresar al Frente para la Victoria. La dirigente argument\u00f3 su decisi\u00f3n luego de expresar que Sergio Massa \u201cbaj\u00f3 la orden de apoyar al candidato del PRO\u201d en su distrito.<\/p>\n","protected":false},"author":8,"featured_media":0,"comment_status":"open","ping_status":"open","sticky":false,"template":"","format":"standard","meta":{"_jetpack_newsletter_access":"","_jetpack_dont_email_post_to_subs":false,"_jetpack_newsletter_tier_id":0,"_jetpack_memberships_contains_paywalled_content":false,"_jetpack_memberships_contains_paid_content":false,"footnotes":""},"categories":[51],"tags":[],"class_list":["post-73215","post","type-post","status-publish","format-standard","hentry","category-politica"],"jetpack_shortlink":"https:\/\/wp.me\/p2JWE0-j2T","jetpack-related-posts":[{"id":47515,"url":"http:\/\/www.24baires.com\/?p=47515","url_meta":{"origin":73215,"position":0},"title":"Tres de Febrero: la Tigresa Acu\u00f1a se pas\u00f3 al Massismo","author":"AF","date":"06\/06\/2014","format":false,"excerpt":"La boxeadora Marcela \"Tigresa\" Acu\u00f1a, concejal de Tres de Febrero, se sum\u00f3 al Frente Renovador y abandon\u00f3 el Frente para la Victoria (FpV) del distrito, que responde al intendente local, Hugo Curto. \"Decidimos acompa\u00f1ar a Sergio Massa, un dirigente joven con gran experiencia de gesti\u00f3n con su paso por la\u2026","rel":"","context":"En \u00abLocales\u00bb","block_context":{"text":"Locales","link":"http:\/\/www.24baires.com\/?cat=38"},"img":{"alt_text":"","src":"https:\/\/i0.wp.com\/www.24baires.com\/wp-content\/uploads\/2014\/06\/1314639601.jpg?resize=350%2C200","width":350,"height":200,"srcset":"https:\/\/i0.wp.com\/www.24baires.com\/wp-content\/uploads\/2014\/06\/1314639601.jpg?resize=350%2C200 1x, https:\/\/i0.wp.com\/www.24baires.com\/wp-content\/uploads\/2014\/06\/1314639601.jpg?resize=525%2C300 1.5x"},"classes":[]},{"id":47855,"url":"http:\/\/www.24baires.com\/?p=47855","url_meta":{"origin":73215,"position":1},"title":"Oficialistas piden la renuncia de la \u00abTigresa\u00bb Acu\u00f1a como concejal","author":"Grupo Sierra","date":"11\/06\/2014","format":false,"excerpt":"En un escrito, se\u00f1alaron: \"Parece olvidar que su llegada al Concejo del distrito se concret\u00f3 de la mano del curtismo al que hoy denosta\". La semana pasada Marcela \"la Tigresa\" Acu\u00f1a, concejal que hab\u00eda sido votada por el Frente Para la Victoria de Tres de Febrero, anunci\u00f3 su pase al\u2026","rel":"","context":"En \u00abPol\u00edtica\u00bb","block_context":{"text":"Pol\u00edtica","link":"http:\/\/www.24baires.com\/?cat=51"},"img":{"alt_text":"duer-acuna_576","src":"https:\/\/i0.wp.com\/www.24baires.com\/wp-content\/uploads\/2012\/12\/duer-acuna_576.jpg?resize=350%2C200","width":350,"height":200,"srcset":"https:\/\/i0.wp.com\/www.24baires.com\/wp-content\/uploads\/2012\/12\/duer-acuna_576.jpg?resize=350%2C200 1x, https:\/\/i0.wp.com\/www.24baires.com\/wp-content\/uploads\/2012\/12\/duer-acuna_576.jpg?resize=525%2C300 1.5x"},"classes":[]},{"id":120519,"url":"http:\/\/www.24baires.com\/?p=120519","url_meta":{"origin":73215,"position":2},"title":"Massa celebr\u00f3 ley que modifica ganancias y pidi\u00f3 apoyo para la de devoluci\u00f3n del IVA","author":"AF","date":"29\/09\/2023","format":false,"excerpt":"El ministro de Econom\u00eda y candidato presidencial de Uni\u00f3n por la Patria (UxP), Sergio Massa, consider\u00f3 hoy como \"un paso fundamental\" contra \"la injusticia\" la eliminaci\u00f3n de la cuarta categor\u00eda del impuesto a las Ganancias, al destacar la sanci\u00f3n de la ley que elimin\u00f3 ese gravamen, y pidi\u00f3 \"apoyo\" para\u2026","rel":"","context":"En \u00abPol\u00edtica\u00bb","block_context":{"text":"Pol\u00edtica","link":"http:\/\/www.24baires.com\/?cat=51"},"img":{"alt_text":"","src":"https:\/\/i0.wp.com\/www.24baires.com\/wp-content\/uploads\/2023\/09\/massa.jpg?resize=350%2C200","width":350,"height":200,"srcset":"https:\/\/i0.wp.com\/www.24baires.com\/wp-content\/uploads\/2023\/09\/massa.jpg?resize=350%2C200 1x, https:\/\/i0.wp.com\/www.24baires.com\/wp-content\/uploads\/2023\/09\/massa.jpg?resize=525%2C300 1.5x, https:\/\/i0.wp.com\/www.24baires.com\/wp-content\/uploads\/2023\/09\/massa.jpg?resize=700%2C400 2x"},"classes":[]},{"id":108574,"url":"http:\/\/www.24baires.com\/?p=108574","url_meta":{"origin":73215,"position":3},"title":"\u201cValoramos la propuesta de Alberto Fern\u00e1ndez\u201d","author":"AF","date":"04\/06\/2019","format":false,"excerpt":"Altos dirigentes del Frente Renovador revelaron a P\u00e1gina\/12 que recibieron \u201ccon mucho inter\u00e9s\u201d la idea de unas PASO abiertas. En un d\u00eda surcado por las versiones m\u00e1s estrafalarias sobre qu\u00e9 quiere de verdad el massismo, altos dirigentes del Frente Renovador accedieron a la consulta de P\u00e1ginaI12. \u201cValoramos con mucho inter\u00e9s\u2026","rel":"","context":"En \u00abSociedad\u00bb","block_context":{"text":"Sociedad","link":"http:\/\/www.24baires.com\/?cat=1"},"img":{"alt_text":"","src":"https:\/\/i0.wp.com\/www.24baires.com\/wp-content\/uploads\/2018\/10\/massa-zamora.jpg?resize=350%2C200","width":350,"height":200,"srcset":"https:\/\/i0.wp.com\/www.24baires.com\/wp-content\/uploads\/2018\/10\/massa-zamora.jpg?resize=350%2C200 1x, https:\/\/i0.wp.com\/www.24baires.com\/wp-content\/uploads\/2018\/10\/massa-zamora.jpg?resize=525%2C300 1.5x"},"classes":[]},{"id":120588,"url":"http:\/\/www.24baires.com\/?p=120588","url_meta":{"origin":73215,"position":4},"title":"Desde el radicalismo advirtieron que Juntos podr\u00eda romperse","author":"GB","date":"25\/10\/2023","format":false,"excerpt":"Dirigentes del radicalismo advirtieron que Juntos por el Cambio podr\u00e1 romperse si el PRO decide apoyar a Javier Milei. Ernesto Sanz, exsenador, expresidente de la Uni\u00f3n C\u00edvica Radical (UCR) y uno de los fundadores de Cambiemos, advirti\u00f3 sobre la posibilidad de una ruptura de la coalici\u00f3n opositora Juntos por el\u2026","rel":"","context":"En \u00abPol\u00edtica\u00bb","block_context":{"text":"Pol\u00edtica","link":"http:\/\/www.24baires.com\/?cat=51"},"img":{"alt_text":"","src":"https:\/\/i0.wp.com\/www.24baires.com\/wp-content\/uploads\/2023\/10\/jxc.jpg?resize=350%2C200","width":350,"height":200,"srcset":"https:\/\/i0.wp.com\/www.24baires.com\/wp-content\/uploads\/2023\/10\/jxc.jpg?resize=350%2C200 1x, https:\/\/i0.wp.com\/www.24baires.com\/wp-content\/uploads\/2023\/10\/jxc.jpg?resize=525%2C300 1.5x, https:\/\/i0.wp.com\/www.24baires.com\/wp-content\/uploads\/2023\/10\/jxc.jpg?resize=700%2C400 2x"},"classes":[]},{"id":10145,"url":"http:\/\/www.24baires.com\/?p=10145","url_meta":{"origin":73215,"position":5},"title":"Carolina Duer venci\u00f3 a \u201cla Tigresa\u201d Acu\u00f1a","author":"Grupo Sierra","date":"22\/12\/2012","format":false,"excerpt":"Entre las \u00faltimas jornadas pugil\u00edsticas del a\u00f1o se destac\u00f3 la de hoy en La Plata, en la que la campeona mundial supermosca, la argentina Carolina Duer, logr\u00f3 la victoria m\u00e1s resonante de su carrera, al imponerse sobre su compatriota, \u201cla Tigresa\u201d.\u00a0 Antes del inicio del combare, la titular de Abuelas\u2026","rel":"","context":"En \u00abDeportes\u00bb","block_context":{"text":"Deportes","link":"http:\/\/www.24baires.com\/?cat=12"},"img":{"alt_text":"","src":"https:\/\/i0.wp.com\/www.24baires.com\/wp-content\/uploads\/2012\/12\/duer-acuna_576.jpg?resize=350%2C200","width":350,"height":200,"srcset":"https:\/\/i0.wp.com\/www.24baires.com\/wp-content\/uploads\/2012\/12\/duer-acuna_576.jpg?resize=350%2C200 1x, https:\/\/i0.wp.com\/www.24baires.com\/wp-content\/uploads\/2012\/12\/duer-acuna_576.jpg?resize=525%2C300 1.5x"},"classes":[]}],"jetpack_sharing_enabled":true,"jetpack_likes_enabled":true,"jetpack_featured_media_url":"","_links":{"self":[{"href":"http:\/\/www.24baires.com\/index.php?rest_route=\/wp\/v2\/posts\/73215","targetHints":{"allow":["GET"]}}],"collection":[{"href":"http:\/\/www.24baires.com\/index.php?rest_route=\/wp\/v2\/posts"}],"about":[{"href":"http:\/\/www.24baires.com\/index.php?rest_route=\/wp\/v2\/types\/post"}],"author":[{"embeddable":true,"href":"http:\/\/www.24baires.com\/index.php?rest_route=\/wp\/v2\/users\/8"}],"replies":[{"embeddable":true,"href":"http:\/\/www.24baires.com\/index.php?rest_route=%2Fwp%2Fv2%2Fcomments&post=73215"}],"version-history":[{"count":1,"href":"http:\/\/www.24baires.com\/index.php?rest_route=\/wp\/v2\/posts\/73215\/revisions"}],"predecessor-version":[{"id":73217,"href":"http:\/\/www.24baires.com\/index.php?rest_route=\/wp\/v2\/posts\/73215\/revisions\/73217"}],"wp:attachment":[{"href":"http:\/\/www.24baires.com\/index.php?rest_route=%2Fwp%2Fv2%2Fmedia&parent=73215"}],"wp:term":[{"taxonomy":"category","embeddable":true,"href":"http:\/\/www.24baires.com\/index.php?rest_route=%2Fwp%2Fv2%2Fcategories&post=73215"},{"taxonomy":"post_tag","embeddable":true,"href":"http:\/\/www.24baires.com\/index.php?rest_route=%2Fwp%2Fv2%2Ftags&post=73215"}],"curies":[{"name":"wp","href":"https:\/\/api.w.org\/{rel}","templated":true}]}}