{"id":73212,"date":"2015-10-06T20:38:42","date_gmt":"2015-10-06T23:38:42","guid":{"rendered":"http:\/\/www.24baires.com\/?p=73212"},"modified":"2015-10-06T20:38:34","modified_gmt":"2015-10-06T23:38:34","slug":"denuncian-a-cariligno-por-irregularidades-en-las-contrataciones","status":"publish","type":"post","link":"http:\/\/www.24baires.com\/?p=73212","title":{"rendered":"Denuncian a Cariligno por irregularidades en las contrataciones"},"content":{"rendered":"<p><strong><img data-recalc-dims=\"1\" loading=\"lazy\" decoding=\"async\" class=\"aligncenter size-full wp-image-15997\" src=\"https:\/\/i0.wp.com\/www.24baires.com\/wp-content\/uploads\/2013\/02\/cariglino.jpg?resize=560%2C315\" alt=\"cariglino\" width=\"560\" height=\"315\" srcset=\"https:\/\/i0.wp.com\/www.24baires.com\/wp-content\/uploads\/2013\/02\/cariglino.jpg?w=560 560w, https:\/\/i0.wp.com\/www.24baires.com\/wp-content\/uploads\/2013\/02\/cariglino.jpg?resize=300%2C168 300w\" sizes=\"auto, (max-width: 560px) 100vw, 560px\" \/>MALVINAS ARGENTINAS-<\/strong>El abogado penalista Jorge Cancio, quien tambi\u00e9n lleva adelante denuncias de familiares por mala praxis del sistema de salud de Malvinas Argentinas, denunci\u00f3 hoy que el intendente del citado partido bonaerense realiz\u00f3 contrataciones directas \u201cque violan claramente toda la legislaci\u00f3n\u201d por lo que pidi\u00f3 que se lo investigue por posible \u201clavado de dinero\u201d.<!--more--><\/p>\n<p>En declaraciones a los medios, Cancio detall\u00f3 que a ra\u00edz de las publicaciones que el municipio de Malvinas Argentina realiz\u00f3 en su p\u00e1gina web descubri\u00f3 \u201cuna serie de contrataciones directas que violan claramente toda la legislaci\u00f3n provincial por varios millones de pesos, cuando el l\u00edmite e para hacer una contrataci\u00f3n directa es de 33.000 pesos\u201d.<\/p>\n<p>\u201cHemos encontrado que el intendente ha pagado 500.000 pesos al grupo Clar\u00edn en concepto de no sabemos qu\u00e9\u201d, enfatiz\u00f3 al detallar algunas de las contrataciones que realiz\u00f3 el intendente de Malvinas Argentinas.<\/p>\n<p>Entre las m\u00e1s at\u00edpicas se encuentran contrataciones directas \u201ca una gomer\u00eda por 900.000 pesos, a estaciones de servicio por 1, 2 y 3 millones de pesos, y por equipamiento m\u00e9dico a una empresa que no existe, por el valor de 600.000 pesos\u201d, ejemplific\u00f3 el abogado.<\/p>\n<p>A su vez, detall\u00f3 que el jefe comunal contrat\u00f3 al municipio de Hurlingham en \u201cvarias licitaciones de 500.000 pesos y 200.000 pesos para la compra de medicamentos, todo esto violando el sistema establecido para compras directas\u201d, sentenci\u00f3.<\/p>\n<p>\u201cSumando todos los hechos da un estimativo de m\u00e1s de 15 millones de pesos en distintas contrataciones totalmente irregulares\u00bb, sostuvo el abogado.<\/p>\n<p>A ra\u00edz de las irregularidades encontradas, Cancio pidi\u00f3 que se investigue a Cariglino en la justicia por \u201cel presunto delito de lavado de dinero\u00bb y expres\u00f3: \u00abNo sabemos el origen de esos fondos, c\u00f3mo se ha efectuado esa compra, o si esas compras existen o si son maniobras para justificar el desv\u00edo de dinero\u201d.<\/p>\n<p>En este sentido, volvi\u00f3 a hacer hincapi\u00e9 en que las contrataciones con irregularidades suman un monto que supera los 15 millones de pesos y en que no solo el intendente es responsable sino tambi\u00e9n \u201csus secretarios y el contador del gobierno municipal\u201d.<\/p>\n<p>El abogado penalista resalt\u00f3 adem\u00e1s que \u201chay que ver si estas empresas existen\u201d porque recorrieron algunos de los domicilios que figuran en la web y no los encontraron.<\/p>\n<p>\u201cEsto es un hecho grave de corrupci\u00f3n que hemos detectado\u201d, subray\u00f3 Cancio, al tiempo que indic\u00f3 que \u201clo normal hubiera sido hacer licitaciones p\u00fablicas y transparentes\u201d.<\/p>\n<p>Finalmente manifest\u00f3 que hay que tener presente que \u00abCariglino estuvo preso por corrupci\u00f3n en el a\u00f1o 2003, 13 d\u00edas y pag\u00f3 500.000 pesos de fianza, pero eso es historia vieja, estas las contrataciones son nuevas\u00bb.<\/p>\n<p>&nbsp;<\/p>\n<p>&nbsp;<\/p>\n<p>&nbsp;<\/p>\n<p>&nbsp;<\/p>\n<p>&nbsp;<\/p>\n<p>&nbsp;<\/p>\n<p>&nbsp;<\/p>\n<p>&nbsp;<\/p>\n<p>&nbsp;<\/p>\n<p>&nbsp;<\/p>\n<p>&nbsp;<\/p>\n<p>&nbsp;<\/p>\n<p>&nbsp;<\/p>\n","protected":false},"excerpt":{"rendered":"<p>MALVINAS ARGENTINAS-El abogado penalista Jorge Cancio, quien tambi\u00e9n lleva adelante denuncias de familiares por mala praxis del sistema de salud de Malvinas Argentinas, denunci\u00f3 hoy que el intendente del citado partido bonaerense realiz\u00f3 contrataciones directas \u201cque violan claramente toda la legislaci\u00f3n\u201d por lo que pidi\u00f3 que se lo investigue por posible \u201clavado de dinero\u201d.<\/p>\n","protected":false},"author":8,"featured_media":0,"comment_status":"open","ping_status":"open","sticky":false,"template":"","format":"standard","meta":{"_jetpack_newsletter_access":"","_jetpack_dont_email_post_to_subs":false,"_jetpack_newsletter_tier_id":0,"_jetpack_memberships_contains_paywalled_content":false,"_jetpack_memberships_contains_paid_content":false,"footnotes":""},"categories":[51],"tags":[],"class_list":["post-73212","post","type-post","status-publish","format-standard","hentry","category-politica"],"jetpack_shortlink":"https:\/\/wp.me\/p2JWE0-j2Q","jetpack-related-posts":[{"id":36363,"url":"http:\/\/www.24baires.com\/?p=36363","url_meta":{"origin":73212,"position":0},"title":"Nuevas denuncias por mala praxis en Malvinas Argentinas","author":"AF","date":"07\/12\/2013","format":false,"excerpt":"Seg\u00fan el abogado Jorge Cancio, \"en el distrito conducido por el massista Jes\u00fas Cariglino se registraron tres nuevos casos de mala praxis en hospitales municipales. \u201cExiste un desprecio a la vida inexplicable\u201d, dijo. Se\u00f1al\u00f3 falta de supervisi\u00f3n y apunt\u00f3 que \u201cel riesgo latente de muerte pone en vilo a una\u2026","rel":"","context":"En \u00abLocales\u00bb","block_context":{"text":"Locales","link":"http:\/\/www.24baires.com\/?cat=38"},"img":{"alt_text":"","src":"","width":0,"height":0},"classes":[]},{"id":5080,"url":"http:\/\/www.24baires.com\/?p=5080","url_meta":{"origin":73212,"position":1},"title":"\u201cEn Malvinas, si no te somet\u00e9s al intendente, ten\u00e9s aprietes amenazas, palos y muerte\u00bb","author":"AF","date":"12\/11\/2012","format":false,"excerpt":"As\u00ed lo asegur\u00f3 el abogado Jorge Cancio, quien representa a concejales del Frente para la Victoria de esa localidad y a familiares de las v\u00edctimas de mala praxis del Hospital \u201cClaudio Zin\u201d, que sufrieron la violencia institucional del intendente Jes\u00fas Cariglino. El abogado Jorge Cancio advirti\u00f3 en las \u00faltimas horas\u2026","rel":"","context":"En \u00abLocales\u00bb","block_context":{"text":"Locales","link":"http:\/\/www.24baires.com\/?cat=38"},"img":{"alt_text":"","src":"https:\/\/i0.wp.com\/www.24baires.com\/wp-content\/uploads\/2012\/11\/Cariglino-300x223.jpg?resize=350%2C200","width":350,"height":200},"classes":[]},{"id":17909,"url":"http:\/\/www.24baires.com\/?p=17909","url_meta":{"origin":73212,"position":2},"title":"Investigar\u00edan penalmente al intendente Cariglino por &#8216;asociaci\u00f3n il\u00edcita&#8217;","author":"AF","date":"09\/03\/2013","format":false,"excerpt":"MALVINAS ARGENTINAS - Marcelo Lapargo, fiscal general de San Martin, deber\u00e1 resolver si hace lugar a un pedido realizado en los \u00faltimos d\u00edas por el titular de la UFI 23 de Malvinas Argentinas, Santiago Cami\u00f1as, para que se investigue penalmente al intendente Jes\u00fas Cariglino como presunto jefe de una asociaci\u00f3n\u2026","rel":"","context":"En \u00abLocales\u00bb","block_context":{"text":"Locales","link":"http:\/\/www.24baires.com\/?cat=38"},"img":{"alt_text":"","src":"","width":0,"height":0},"classes":[]},{"id":112214,"url":"http:\/\/www.24baires.com\/?p=112214","url_meta":{"origin":73212,"position":3},"title":"Denuncian a Macri y a varios ministros por \u00abtraici\u00f3n a la patria\u00bb","author":"GB","date":"24\/09\/2019","format":false,"excerpt":"Es por la entrega de la Soberan\u00eda Argentina al Reino Unido en relaci\u00f3n a la explotaci\u00f3n de recursos naturales, gas hidrocarburos y la libre navegaci\u00f3n del espacio a\u00e9reo. El presidente Mauricio Macri, el ministro de Transporte Guillermo Dietrich, el ministro de Energ\u00eda Gustavo Lopetegui y el canciller Jorge Faurie fueron\u2026","rel":"","context":"En \u00abPol\u00edtica\u00bb","block_context":{"text":"Pol\u00edtica","link":"http:\/\/www.24baires.com\/?cat=51"},"img":{"alt_text":"","src":"https:\/\/i0.wp.com\/www.24baires.com\/wp-content\/uploads\/2019\/09\/Macri-y-ministros.jpg?resize=350%2C200","width":350,"height":200,"srcset":"https:\/\/i0.wp.com\/www.24baires.com\/wp-content\/uploads\/2019\/09\/Macri-y-ministros.jpg?resize=350%2C200 1x, https:\/\/i0.wp.com\/www.24baires.com\/wp-content\/uploads\/2019\/09\/Macri-y-ministros.jpg?resize=525%2C300 1.5x"},"classes":[]},{"id":39771,"url":"http:\/\/www.24baires.com\/?p=39771","url_meta":{"origin":73212,"position":4},"title":"Denunciaron un nuevo caso de abuso policial en Malvinas Argentinas","author":"GB","date":"03\/02\/2014","format":false,"excerpt":"\u201cPareciera que el control de la bonaerense en el municipio lo tiene el intendente\u201d, dijo el abogado Jorge Cancio, tras denunciar la actuaci\u00f3n de dos efectivos que le dispararon a un menor en la rodilla, argumentando que hab\u00eda sido parte de un tiroteo. El abogado Jorge Cancio, de Malvinas Argentinas,\u2026","rel":"","context":"En \u00abPol\u00edtica\u00bb","block_context":{"text":"Pol\u00edtica","link":"http:\/\/www.24baires.com\/?cat=51"},"img":{"alt_text":"","src":"","width":0,"height":0},"classes":[]},{"id":66635,"url":"http:\/\/www.24baires.com\/?p=66635","url_meta":{"origin":73212,"position":5},"title":"Nueva denuncia al sistema de salud de Malvinas Argentinas","author":"AF","date":"27\/05\/2015","format":false,"excerpt":"Vuelven a denunciar al sistema de salud de Malvinas Argentinas, esta vez, por negligencia de m\u00e9dicas que deriv\u00f3 en una nueva muerte en un hospital local: un beb\u00e9\u00a0a punto de nacer muri\u00f3 en el vientre de su madre porque no le realizaron una ces\u00e1rea a tiempo. El abogado Jorge Cancio,\u2026","rel":"","context":"En \u00abLocales\u00bb","block_context":{"text":"Locales","link":"http:\/\/www.24baires.com\/?cat=38"},"img":{"alt_text":"hosp malvinas arg","src":"https:\/\/i0.wp.com\/www.24baires.com\/wp-content\/uploads\/2014\/02\/hosp-malvinas-arg.jpg?resize=350%2C200","width":350,"height":200,"srcset":"https:\/\/i0.wp.com\/www.24baires.com\/wp-content\/uploads\/2014\/02\/hosp-malvinas-arg.jpg?resize=350%2C200 1x, https:\/\/i0.wp.com\/www.24baires.com\/wp-content\/uploads\/2014\/02\/hosp-malvinas-arg.jpg?resize=525%2C300 1.5x"},"classes":[]}],"jetpack_sharing_enabled":true,"jetpack_likes_enabled":true,"jetpack_featured_media_url":"","_links":{"self":[{"href":"http:\/\/www.24baires.com\/index.php?rest_route=\/wp\/v2\/posts\/73212","targetHints":{"allow":["GET"]}}],"collection":[{"href":"http:\/\/www.24baires.com\/index.php?rest_route=\/wp\/v2\/posts"}],"about":[{"href":"http:\/\/www.24baires.com\/index.php?rest_route=\/wp\/v2\/types\/post"}],"author":[{"embeddable":true,"href":"http:\/\/www.24baires.com\/index.php?rest_route=\/wp\/v2\/users\/8"}],"replies":[{"embeddable":true,"href":"http:\/\/www.24baires.com\/index.php?rest_route=%2Fwp%2Fv2%2Fcomments&post=73212"}],"version-history":[{"count":1,"href":"http:\/\/www.24baires.com\/index.php?rest_route=\/wp\/v2\/posts\/73212\/revisions"}],"predecessor-version":[{"id":73213,"href":"http:\/\/www.24baires.com\/index.php?rest_route=\/wp\/v2\/posts\/73212\/revisions\/73213"}],"wp:attachment":[{"href":"http:\/\/www.24baires.com\/index.php?rest_route=%2Fwp%2Fv2%2Fmedia&parent=73212"}],"wp:term":[{"taxonomy":"category","embeddable":true,"href":"http:\/\/www.24baires.com\/index.php?rest_route=%2Fwp%2Fv2%2Fcategories&post=73212"},{"taxonomy":"post_tag","embeddable":true,"href":"http:\/\/www.24baires.com\/index.php?rest_route=%2Fwp%2Fv2%2Ftags&post=73212"}],"curies":[{"name":"wp","href":"https:\/\/api.w.org\/{rel}","templated":true}]}}