{"id":73209,"date":"2015-10-06T19:50:28","date_gmt":"2015-10-06T22:50:28","guid":{"rendered":"http:\/\/www.24baires.com\/?p=73209"},"modified":"2015-10-06T19:22:08","modified_gmt":"2015-10-06T22:22:08","slug":"denuncian-a-macri-por-incompatibilidades-en-las-declaraciones-juradas","status":"publish","type":"post","link":"http:\/\/www.24baires.com\/?p=73209","title":{"rendered":"Denuncian a Macri por incompatibilidades en las declaraciones juradas"},"content":{"rendered":"<p><img data-recalc-dims=\"1\" loading=\"lazy\" decoding=\"async\" class=\"aligncenter size-full wp-image-53420\" src=\"https:\/\/i0.wp.com\/www.24baires.com\/wp-content\/uploads\/2014\/09\/macri-41.jpg?resize=560%2C282\" alt=\"macri 4\" width=\"560\" height=\"282\" srcset=\"https:\/\/i0.wp.com\/www.24baires.com\/wp-content\/uploads\/2014\/09\/macri-41.jpg?w=560 560w, https:\/\/i0.wp.com\/www.24baires.com\/wp-content\/uploads\/2014\/09\/macri-41.jpg?resize=300%2C151 300w\" sizes=\"auto, (max-width: 560px) 100vw, 560px\" \/>El Jefe de gobierno porte\u00f1o y candidato presidencial de Cambiemos, Mauricio Macri, fue denunciado hoy por incompatibilidades en las declaraciones juradas (DDJJ) que present\u00f3 con dos meses de diferencia en dos organismos distintos, acusado por \u00abomisi\u00f3n maliciosa y falsedad ideol\u00f3gica\u00bb, delito que contempla una condena de hasta seis a\u00f1os de c\u00e1rcel.<!--more--><\/p>\n<p>La legisladora porte\u00f1a por Nuevo Encuentro, Gabriela Cerruti, fue quien present\u00f3 el escrito este mediod\u00eda, que recay\u00f3 en el Juzgado Nacional Penal 4 a cargo de Silvia Ramond, quien deber\u00e1 decidir darle curso a la denuncia.<\/p>\n<p>Cerruti compar\u00f3 la declaraci\u00f3n jurada del candidato presidencial de Cambiemos que present\u00f3 el 26 de junio de este a\u00f1o en la Ciudad de Buenos Aires, en requerimiento de la ley porte\u00f1a 4.895 que establece la obligaci\u00f3n del Jefe de Gobierno y otros funcionarios de actualizarla dos veces por a\u00f1o; y el documento que envi\u00f3 a la Oficina Anticorrupci\u00f3n el 29 de septiembre \u00faltimo, en calidad de candidato a ejercer el cargo de presidente.<\/p>\n<p>En el escrito, al que tuvo acceso T\u00e9lam, la legisladora sostiene que \u00aba pesar que ambas declaraciones juradas corresponden al per\u00edodo 2014 y que fueron presentadas con dos meses de diferencia, de su simple confrontaci\u00f3n surge la existencia de diferencias sustanciales entre los activos y pasivos declarados por Mauricio Macri para el mismo per\u00edodo\u00bb.<\/p>\n<p>Por ejemplo, la diferencia de valuaci\u00f3n fiscal de un lote que posee en Tandil: la DDJJ presentada en la Ciudad informa que el inmueble tiene un valor de $319.374 pesos; mientras que en la OA, sostiene que \u00e9ste vale $657.394, m\u00e1s del doble; al igual que otro inmueble en Recoleta del que dice ser propietario en un 30%, en donde en una declaraci\u00f3n menciona un valor de $525.615 pesos; y en la segunda, 1.233.000 pesos.<\/p>\n<p>Similar es la situaci\u00f3n del campo que posee en la localidad uruguaya de Maldonado, valuado en la declaraci\u00f3n que present\u00f3 en la Ciudad en $1.182.552; y ante la Oficina Anticorrupci\u00f3n, por 3.380.400 pesos; y en la primera informa que le realiz\u00f3 mejoras por un monto de 1.277.592 pesos; mientras que esos datos no aparecen en su declaraci\u00f3n presentada en septiembre.<\/p>\n<p>Asimismo, Macri declara cr\u00e9ditos fiscales por 856.797 pesos \u00fanicamente en la DDJJ de la Ciudad; en la misma en la que informa \u00abcr\u00e9ditos varios\u00bb por un monto de 28.249.645 pesos, a diferencia de la que present\u00f3 en la OA, en donde esos cr\u00e9ditos se encuentran individualizados (siendo acreedores el ministro de Hacienda porte\u00f1o N\u00e9stor Grindetti y su amigo y contratista de la Ciudad Nicol\u00e1s Caputo) y ascienden a un valor menor: $20.491.377.<\/p>\n<p>De los datos recabados por Cerruti, tambi\u00e9n se desprenden incompatibilidades en cuanto a lo adeudado por el Jefe de Gobierno; en relaci\u00f3n a su participaci\u00f3n accionaria, el dinero en efectivo que dice poseer, los dep\u00f3sitos en cuentas bancarias en el pa\u00eds y tambi\u00e9n en las cuentas en el exterior que declara Macri.<\/p>\n<p>En concreto, ante la OA declar\u00f3 una cuenta corriente en Estados Unidos por el equivalente a d\u00f3lares de $10,4 millones y otro dep\u00f3sito en Suiza por $7,5 millones, mientras que en la de Ciudad no especifica si dichas cuentas corrientes est\u00e1n radicadas en el pa\u00eds o fuera de \u00e9ste.<\/p>\n<p>En di\u00e1logo con T\u00e9lam, Cerruti sostuvo que la denuncia se realiz\u00f3 por \u00abomisi\u00f3n maliciosa, falsedad ideol\u00f3gica y por negocios incompatibles con la funci\u00f3n p\u00fablica\u00bb; esto \u00faltimo por sus v\u00ednculos con Nicol\u00e1s Caputo, uno de los principales contratistas de la Ciudad de Buenos Aires.<\/p>\n<p>La nueva denuncia que deber\u00e1 afrontar el candidato presidencial de Cambiemos forma parte de las \u00abalrededor de 200\u00bb que se le han realizado durante su gesti\u00f3n al frente del Ejecutivo porte\u00f1o, seg\u00fan destac\u00f3 la legisladora Cerruti, quien record\u00f3 tambi\u00e9n que Macri est\u00e1 procesado por una causa de escuchas ilegales.<\/p>\n<p>Hoy tambi\u00e9n se conoci\u00f3, a trav\u00e9s del diario P\u00e1gina\/12, que los empresarios mendocinos Adri\u00e1n Dalla Torre y Jorge y Roberto Reale, due\u00f1os y directivos de Reale-Dalla Torre Consultores -una de las agencias denunciadas por manejo en la publicidad porte\u00f1a- se encuentran entre los mayores aportantes de la campa\u00f1a de Cambiemos.<\/p>\n<p>\u00abEstamos frente a un entramado que utiliza Mauricio Macri en la Ciudad y ahora quiere seguir haciendo sus negocios privados\u00bb en la naci\u00f3n, destac\u00f3 Cerruti, y sentenci\u00f3: \u00abcon el negocio de la pauta est\u00e1n desviando fondos p\u00fablicos para pagar la campa\u00f1a\u00bb.<br \/>\n\u00abEstaban acostumbrados a la protecci\u00f3n medi\u00e1tica\u00bb, por lo que ahora \u00abno saben responder\u00bb, consider\u00f3.<\/p>\n<p>Cerruti record\u00f3 tambi\u00e9n que la primera denuncia por pauta publicitaria la realiz\u00f3 la ex legisladora Roc\u00edo S\u00e1nchez Andia (Coalici\u00f3n C\u00edvica-ARI) en 2009, y adem\u00e1s, que el entonces \u00absecretario de Medios Gregorio Centuri\u00f3n se suicid\u00f3\u00bb durante el curso de la misma, ante la sospecha de corrupci\u00f3n.<\/p>\n","protected":false},"excerpt":{"rendered":"<p>El Jefe de gobierno porte\u00f1o y candidato presidencial de Cambiemos, Mauricio Macri, fue denunciado hoy por incompatibilidades en las declaraciones juradas (DDJJ) que present\u00f3 con dos meses de diferencia en dos organismos distintos, acusado por \u00abomisi\u00f3n maliciosa y falsedad ideol\u00f3gica\u00bb, delito que contempla una condena de hasta seis a\u00f1os de c\u00e1rcel.<\/p>\n","protected":false},"author":8,"featured_media":0,"comment_status":"open","ping_status":"open","sticky":false,"template":"","format":"standard","meta":{"_jetpack_newsletter_access":"","_jetpack_dont_email_post_to_subs":false,"_jetpack_newsletter_tier_id":0,"_jetpack_memberships_contains_paywalled_content":false,"_jetpack_memberships_contains_paid_content":false,"footnotes":""},"categories":[51],"tags":[],"class_list":["post-73209","post","type-post","status-publish","format-standard","hentry","category-politica"],"jetpack_shortlink":"https:\/\/wp.me\/p2JWE0-j2N","jetpack-related-posts":[{"id":85031,"url":"http:\/\/www.24baires.com\/?p=85031","url_meta":{"origin":73209,"position":0},"title":"El juez Casanello pidi\u00f3 informaci\u00f3n por inconsistencias en las DDJJ de Macri","author":"GB","date":"15\/07\/2016","format":false,"excerpt":"El magistrado elev\u00f3 el pedido a la Procuradur\u00eda de Criminalidad Econ\u00f3mica y Lavado de Activos (Procelac). Macri se encuentra imputado en una causa que investiga los presuntos delitos de evasi\u00f3n fiscal y lavado de activos por no haber informado su participaci\u00f3n en al menos dos empresas offshore. El juez federal\u2026","rel":"","context":"En \u00abPol\u00edtica\u00bb","block_context":{"text":"Pol\u00edtica","link":"http:\/\/www.24baires.com\/?cat=51"},"img":{"alt_text":"macri","src":"https:\/\/i0.wp.com\/www.24baires.com\/wp-content\/uploads\/2016\/05\/macri-2.jpg?resize=350%2C200","width":350,"height":200,"srcset":"https:\/\/i0.wp.com\/www.24baires.com\/wp-content\/uploads\/2016\/05\/macri-2.jpg?resize=350%2C200 1x, https:\/\/i0.wp.com\/www.24baires.com\/wp-content\/uploads\/2016\/05\/macri-2.jpg?resize=525%2C300 1.5x"},"classes":[]},{"id":98409,"url":"http:\/\/www.24baires.com\/?p=98409","url_meta":{"origin":73209,"position":1},"title":"Sobreseyeron al presidente en una causa por enriquecimiento il\u00edcito","author":"GB","date":"29\/10\/2017","format":false,"excerpt":"Por dos a\u00f1os, el Jefe de Estado fue investigado en una causa por enriquecimiento il\u00edcito, negociaciones incompatibles con la funci\u00f3n p\u00fablica y falsificaci\u00f3n de su declaraci\u00f3n jurada. La jueza Elizabeth Paisan, titular del Juzgado Nacional en lo Criminal y Correccional N\u00b0 20, firm\u00f3 el sobreseimiento del presidente Mauricio Macri, quien\u2026","rel":"","context":"En \u00abPol\u00edtica\u00bb","block_context":{"text":"Pol\u00edtica","link":"http:\/\/www.24baires.com\/?cat=51"},"img":{"alt_text":"","src":"https:\/\/i0.wp.com\/www.24baires.com\/wp-content\/uploads\/2017\/02\/macri-conferencia.jpg?resize=350%2C200","width":350,"height":200,"srcset":"https:\/\/i0.wp.com\/www.24baires.com\/wp-content\/uploads\/2017\/02\/macri-conferencia.jpg?resize=350%2C200 1x, https:\/\/i0.wp.com\/www.24baires.com\/wp-content\/uploads\/2017\/02\/macri-conferencia.jpg?resize=525%2C300 1.5x"},"classes":[]},{"id":116805,"url":"http:\/\/www.24baires.com\/?p=116805","url_meta":{"origin":73209,"position":2},"title":"Larreta ratific\u00f3 que ir\u00e1 a la Corte por los fondos de la polic\u00eda porte\u00f1a","author":"AF","date":"01\/12\/2020","format":false,"excerpt":"Pese a que la iniciativa todav\u00eda no fue convertida en ley por el Congreso, el alcalde porte\u00f1o organiz\u00f3 una conferencia de prensa y apunt\u00f3 contra el gobierno nacional. Si bien el proyecto de ley que fija el monto del traspaso de la Polic\u00eda Federal a la Ciudad no se convirti\u00f3\u2026","rel":"","context":"En \u00abLocales\u00bb","block_context":{"text":"Locales","link":"http:\/\/www.24baires.com\/?cat=38"},"img":{"alt_text":"","src":"https:\/\/i0.wp.com\/www.24baires.com\/wp-content\/uploads\/2017\/10\/pe%C3%B1a-larreta.jpg?resize=350%2C200","width":350,"height":200,"srcset":"https:\/\/i0.wp.com\/www.24baires.com\/wp-content\/uploads\/2017\/10\/pe%C3%B1a-larreta.jpg?resize=350%2C200 1x, https:\/\/i0.wp.com\/www.24baires.com\/wp-content\/uploads\/2017\/10\/pe%C3%B1a-larreta.jpg?resize=525%2C300 1.5x"},"classes":[]},{"id":108253,"url":"http:\/\/www.24baires.com\/?p=108253","url_meta":{"origin":73209,"position":3},"title":"Macri se refiri\u00f3 a la f\u00f3rmula presidencial Alberto Fern\u00e1ndez &#8211; CFK","author":"AF","date":"18\/05\/2019","format":false,"excerpt":"Fue durante un acto que transmiti\u00f3 en vivo por las redes sociales. \"Tienen ganas de confrontar, agredir, pelear. Nosotros no, tranquilos\", dijo. Una hora despu\u00e9s de Cristina Kirchner anunciara la f\u00f3rmula de Unidad Ciudadana que competir\u00e1 en las generales de octubre, el presidente Mauricio Macri habl\u00f3 al respecto durante un\u2026","rel":"","context":"En \u00abPol\u00edtica\u00bb","block_context":{"text":"Pol\u00edtica","link":"http:\/\/www.24baires.com\/?cat=51"},"img":{"alt_text":"","src":"https:\/\/i0.wp.com\/www.24baires.com\/wp-content\/uploads\/2016\/02\/macriiiii.jpg?resize=350%2C200","width":350,"height":200,"srcset":"https:\/\/i0.wp.com\/www.24baires.com\/wp-content\/uploads\/2016\/02\/macriiiii.jpg?resize=350%2C200 1x, https:\/\/i0.wp.com\/www.24baires.com\/wp-content\/uploads\/2016\/02\/macriiiii.jpg?resize=525%2C300 1.5x"},"classes":[]},{"id":94718,"url":"http:\/\/www.24baires.com\/?p=94718","url_meta":{"origin":73209,"position":4},"title":"Piden las declaraciones juradas de Macri y Awada por posibles inconsistencias","author":"GB","date":"23\/05\/2017","format":false,"excerpt":"La fiscal Silvana Russi pidi\u00f3 los certificados del Presidente y la Primera Dama a la AFIP en el marco de una causa iniciada por la dirigente Gabriela Cerruti el a\u00f1o pasado. La fiscal de instrucci\u00f3n Silvana Russi pidi\u00f3 a la AFIP las declaraciones juradas de Mauricio Macri y Juliana Awada\u2026","rel":"","context":"En \u00abPol\u00edtica\u00bb","block_context":{"text":"Pol\u00edtica","link":"http:\/\/www.24baires.com\/?cat=51"},"img":{"alt_text":"","src":"https:\/\/i0.wp.com\/www.24baires.com\/wp-content\/uploads\/2017\/04\/macri.jpg?resize=350%2C200","width":350,"height":200,"srcset":"https:\/\/i0.wp.com\/www.24baires.com\/wp-content\/uploads\/2017\/04\/macri.jpg?resize=350%2C200 1x, https:\/\/i0.wp.com\/www.24baires.com\/wp-content\/uploads\/2017\/04\/macri.jpg?resize=525%2C300 1.5x"},"classes":[]},{"id":83538,"url":"http:\/\/www.24baires.com\/?p=83538","url_meta":{"origin":73209,"position":5},"title":"Sabbatella denunci\u00f3 penalmente a Macri por evasi\u00f3n y defraudaci\u00f3n a la administraci\u00f3n p\u00fablica","author":"GB","date":"06\/06\/2016","format":false,"excerpt":"El ex titular de AFSCA present\u00f3 dos denuncias contra el Presidente de la Naci\u00f3n por su participaci\u00f3 societaria en el fideicomiso \"Caminito\". Lo acusa de haberlo beneficiado con una eximici\u00f3n tributaria cuando era jefe de Gobierno porte\u00f1o. Mart\u00edn Sabbatella present\u00f3 dos denuncias penales contra Mauricio Macri por su participaci\u00f3n societaria\u2026","rel":"","context":"En \u00abPol\u00edtica\u00bb","block_context":{"text":"Pol\u00edtica","link":"http:\/\/www.24baires.com\/?cat=51"},"img":{"alt_text":"sabbatella","src":"https:\/\/i0.wp.com\/www.24baires.com\/wp-content\/uploads\/2016\/01\/sabbatella.jpg?resize=350%2C200","width":350,"height":200,"srcset":"https:\/\/i0.wp.com\/www.24baires.com\/wp-content\/uploads\/2016\/01\/sabbatella.jpg?resize=350%2C200 1x, https:\/\/i0.wp.com\/www.24baires.com\/wp-content\/uploads\/2016\/01\/sabbatella.jpg?resize=525%2C300 1.5x"},"classes":[]}],"jetpack_sharing_enabled":true,"jetpack_likes_enabled":true,"jetpack_featured_media_url":"","_links":{"self":[{"href":"http:\/\/www.24baires.com\/index.php?rest_route=\/wp\/v2\/posts\/73209","targetHints":{"allow":["GET"]}}],"collection":[{"href":"http:\/\/www.24baires.com\/index.php?rest_route=\/wp\/v2\/posts"}],"about":[{"href":"http:\/\/www.24baires.com\/index.php?rest_route=\/wp\/v2\/types\/post"}],"author":[{"embeddable":true,"href":"http:\/\/www.24baires.com\/index.php?rest_route=\/wp\/v2\/users\/8"}],"replies":[{"embeddable":true,"href":"http:\/\/www.24baires.com\/index.php?rest_route=%2Fwp%2Fv2%2Fcomments&post=73209"}],"version-history":[{"count":1,"href":"http:\/\/www.24baires.com\/index.php?rest_route=\/wp\/v2\/posts\/73209\/revisions"}],"predecessor-version":[{"id":73210,"href":"http:\/\/www.24baires.com\/index.php?rest_route=\/wp\/v2\/posts\/73209\/revisions\/73210"}],"wp:attachment":[{"href":"http:\/\/www.24baires.com\/index.php?rest_route=%2Fwp%2Fv2%2Fmedia&parent=73209"}],"wp:term":[{"taxonomy":"category","embeddable":true,"href":"http:\/\/www.24baires.com\/index.php?rest_route=%2Fwp%2Fv2%2Fcategories&post=73209"},{"taxonomy":"post_tag","embeddable":true,"href":"http:\/\/www.24baires.com\/index.php?rest_route=%2Fwp%2Fv2%2Ftags&post=73209"}],"curies":[{"name":"wp","href":"https:\/\/api.w.org\/{rel}","templated":true}]}}