{"id":73206,"date":"2015-10-06T19:18:02","date_gmt":"2015-10-06T22:18:02","guid":{"rendered":"http:\/\/www.24baires.com\/?p=73206"},"modified":"2015-10-06T19:18:02","modified_gmt":"2015-10-06T22:18:02","slug":"el-senado-dio-dictamen-al-proyecto-de-ley-para-el-desarrollo-de-la-industria-satelital","status":"publish","type":"post","link":"http:\/\/www.24baires.com\/?p=73206","title":{"rendered":"El Senado dio dictamen al proyecto de Ley para el Desarrollo de la Industria Satelital"},"content":{"rendered":"<p>Se trata del plan que tendr\u00e1 entre sus objetivos proteger las posiciones espaciales del pa\u00eds, construir sat\u00e9lites y desarrollar servicios satelitales. Ahora, ya est\u00e1 listo para ser debatido en el C\u00e1mara alta.<!--more--><\/p>\n<p>El oficialismo le solicit\u00f3 formalmente a la oposici\u00f3n llevar al recinto ma\u00f1ana mismo la cuesti\u00f3n, para lo cual necesitar\u00e1 de un n\u00famero especial para debatir \u201csobre tablas\u201d la iniciativa impulsada por el Poder Ejecutivo Nacional.<\/p>\n<p>El proyecto obtuvo dictamen tras el plenario de las comisiones de Sistemas, Medios de Comunicaci\u00f3n y Libertad de Expresi\u00f3n y de Presupuesto y Hacienda que se llev\u00f3 a cabo esta tarde, donde las \u00fanicas firmas que obtuvo fueron las del Frente para la Victoria (FPV).<\/p>\n<p>\u201cComo bloque, vamos a acompa\u00f1ar este dictamen. Y, si es posible, esperemos que la oposici\u00f3n nos acompa\u00f1e para que podamos debatirlo ma\u00f1ana mismo sobre tablas\u201d, intervino el jefe del bloque del FPV, Miguel Angel Pichetto.<\/p>\n<p>El senador por R\u00edo Negro sostuvo que \u201cesta es la Argentina que no se conoce ni sale en los programas de televisi\u00f3n en los que intervienen periodistas que siembran el des\u00e1nimo en el pa\u00eds\u201d.<\/p>\n<p>Por su parte, el radicalismo inform\u00f3 a trav\u00e9s de sus voceros que decidir\u00e1 en reuni\u00f3n de bloque qu\u00e9 decisi\u00f3n tomar\u00e1 respecto a facilitar o no el debate para ma\u00f1ana.<\/p>\n<p>Durante la reuni\u00f3n fueron consultados el presidente de la Autoridad Federal de Tecnolog\u00edas de la Informaci\u00f3n y las Comunicaciones (Aftic), Norberto Berner; y el presidente de la Empresa Argentina de Soluciones Satelitales Sociedad An\u00f3nima (Arsat), Mat\u00edas Bianchi.<\/p>\n<p>\u201cEste proyecto no es una iniciativa aislada. Tiene la experiencia acumulada de a\u00f1os de trabajo\u201d, destac\u00f3 Berner ante los senadores reunidos en el Sal\u00f3n Azul del Palacio Legislativo.<\/p>\n<p>El funcionario asegur\u00f3 que \u201cel objetivo m\u00e1s importante de todos es darle a Arsat un relanzamiento\u201d, y record\u00f3 que por ello fue presentado el Plan Satelital 2015-2035.<\/p>\n<p>En tanto, Bianchi remarc\u00f3 que \u201cno hay m\u00e1s de diez pa\u00edses que puedan gestionar esta tecnolog\u00eda de fabricar un sat\u00e9lite geoestacionario que se va a ubicar a 36.000 kil\u00f3metros y que va a dar un servicio que tiene que funcionar siempre\u201d.<\/p>\n<p>\u201cNo hay otro pa\u00eds en el Hemisferio Sur que tenga estas capacidades\u201d, insisti\u00f3.<\/p>\n<p>La iniciativa declara de inter\u00e9s nacional el \u201cdesarrollo de la industria satelital como pol\u00edtica de Estado y de prioridad nacional\u201d y aprueba el \u201cPlan Satelital Geoestacionario Argentino 2015-2035\u201d.<\/p>\n<p>El mencionado Plan se inscribe en el lanzamiento de los sat\u00e9lites geoestacionarios desarrollados en la planta de la empresa estatal rionegrina Invap, Arsat-1 -el 16 de octubre de 2014- y Arsat-2, el pasado mi\u00e9rcoles 30 de septiembre.<\/p>\n<p>Asimismo, el Plan prev\u00e9 un programa de fabricaci\u00f3n de sat\u00e9lites para desarrollar seis aparatos de fabricaci\u00f3n h\u00edbrida y el reemplazo de los actuales Arsat 1 y 2 por dos sat\u00e9lites de propulsi\u00f3n completamente el\u00e9ctrica, de \u00faltima generaci\u00f3n.<\/p>\n<p>En el proyecto se proh\u00edbe la transferencia de cualquier parte del 51 por ciento de las acciones Clase \u201cA\u201d que el Estado Argentino posee en Arsat \u201csin previa autorizaci\u00f3n expresa de los dos tercios de los miembros del Congreso de la Naci\u00f3n\u201d.<\/p>\n<p>La misma mayor\u00eda se deber\u00e1 procurar para llevar a cabo \u201ccualquier acto o acci\u00f3n que limite, altere, suprima o modifique el destino, disponibilidad, titularidad, dominio o naturaleza de los recursos esenciales\u201d asignados a las \u201cTecnolog\u00edas de la Informaci\u00f3n y las Comunicaciones y de las Telecomunicaciones\u201d definidos en la Ley de Argentina Digital que pertenezcan a Arsat.<\/p>\n","protected":false},"excerpt":{"rendered":"<p>Se trata del plan que tendr\u00e1 entre sus objetivos proteger las posiciones espaciales del pa\u00eds, construir sat\u00e9lites y desarrollar servicios satelitales. Ahora, ya est\u00e1 listo para ser debatido en el C\u00e1mara alta.<\/p>\n","protected":false},"author":8,"featured_media":0,"comment_status":"open","ping_status":"open","sticky":false,"template":"","format":"standard","meta":{"_jetpack_newsletter_access":"","_jetpack_dont_email_post_to_subs":false,"_jetpack_newsletter_tier_id":0,"_jetpack_memberships_contains_paywalled_content":false,"_jetpack_memberships_contains_paid_content":false,"footnotes":""},"categories":[51],"tags":[],"class_list":["post-73206","post","type-post","status-publish","format-standard","hentry","category-politica"],"jetpack_shortlink":"https:\/\/wp.me\/p2JWE0-j2K","jetpack-related-posts":[{"id":102289,"url":"http:\/\/www.24baires.com\/?p=102289","url_meta":{"origin":73206,"position":0},"title":"El proyecto contra el tarifazo obtuvo dictamen y ser\u00e1 tratado en el Senado","author":"AF","date":"22\/05\/2018","format":false,"excerpt":"Los legisladores opositores avanzaron con la iniciativa para retrotraer las tarifas de servicios a antes de los aumentos aplicados por la gesti\u00f3n de Macri en 2018. El proyecto de ley impulsado por la oposici\u00f3n para retrotraer las tarifas al 1\u00ba de enero de 2018 obtuvo dictamen este martes en un\u2026","rel":"","context":"En \u00abPol\u00edtica\u00bb","block_context":{"text":"Pol\u00edtica","link":"http:\/\/www.24baires.com\/?cat=51"},"img":{"alt_text":"","src":"https:\/\/i0.wp.com\/www.24baires.com\/wp-content\/uploads\/2016\/08\/contra-tarifazo.jpg?resize=350%2C200","width":350,"height":200,"srcset":"https:\/\/i0.wp.com\/www.24baires.com\/wp-content\/uploads\/2016\/08\/contra-tarifazo.jpg?resize=350%2C200 1x, https:\/\/i0.wp.com\/www.24baires.com\/wp-content\/uploads\/2016\/08\/contra-tarifazo.jpg?resize=525%2C300 1.5x"},"classes":[]},{"id":118624,"url":"http:\/\/www.24baires.com\/?p=118624","url_meta":{"origin":73206,"position":1},"title":"El Gobierno destaca que \u00abpor primera vez\u00bb se debate un acuerdo con el FMI en el Congreso","author":"GB","date":"10\/03\/2022","format":false,"excerpt":"La portavoz de la Presidencia, Gabriela Cerruti, destac\u00f3 este jueves que \"por primera vez en Argentina un acuerdo con el FMI se debate en el Congreso\". La portavoz de la Presidencia, Gabriela Cerruti, destac\u00f3 este jueves que \"por primera vez en Argentina un acuerdo con el FMI se debate en\u2026","rel":"","context":"En \u00abPol\u00edtica\u00bb","block_context":{"text":"Pol\u00edtica","link":"http:\/\/www.24baires.com\/?cat=51"},"img":{"alt_text":"","src":"https:\/\/i0.wp.com\/www.24baires.com\/wp-content\/uploads\/2022\/03\/cerruti-fmijpg-300x135.jpg?resize=350%2C200","width":350,"height":200},"classes":[]},{"id":116905,"url":"http:\/\/www.24baires.com\/?p=116905","url_meta":{"origin":73206,"position":2},"title":"El Senado buscar\u00e1 emitir dictamen al proyecto de legalizaci\u00f3n del aborto","author":"GB","date":"17\/12\/2020","format":false,"excerpt":"Los legisladores se reunir\u00e1n este jueves para pasar a la firma el dictamen con la intenci\u00f3n con el objetivo de debatir el proyecto en la sesi\u00f3n del martes 29 de diciembre El plenario de comisiones de Banca de la Mujer, Justicia y Asuntos Penales y de Salud, que tiene a\u2026","rel":"","context":"En \u00abPol\u00edtica\u00bb","block_context":{"text":"Pol\u00edtica","link":"http:\/\/www.24baires.com\/?cat=51"},"img":{"alt_text":"","src":"https:\/\/i0.wp.com\/www.24baires.com\/wp-content\/uploads\/2020\/11\/el-senado-comenzara-tratar-la-ley-del-aporte-extraordinario-el-martes-300x225.jpg?resize=350%2C200","width":350,"height":200},"classes":[]},{"id":105069,"url":"http:\/\/www.24baires.com\/?p=105069","url_meta":{"origin":73206,"position":3},"title":"Gritos e insultos entre diputados por la firma del dictamen del Presupuesto","author":"AF","date":"23\/10\/2018","format":false,"excerpt":"Los opositores estallaron al enterarse de que el oficialismo hab\u00eda convocado a sesi\u00f3n especial para este mi\u00e9rcoles, a las 11, mientras segu\u00edan discutiendo en comisi\u00f3n el proyecto de Presupuesto. El debate del proyecto de ley de Presupuesto 2019 que se lleva a cabo en la Comisi\u00f3n de Presupuesto y Hacienda\u2026","rel":"","context":"En \u00abPol\u00edtica\u00bb","block_context":{"text":"Pol\u00edtica","link":"http:\/\/www.24baires.com\/?cat=51"},"img":{"alt_text":"","src":"https:\/\/i0.wp.com\/www.24baires.com\/wp-content\/uploads\/2018\/10\/DICTAMEN-PRESUPUESTO.jpg?resize=350%2C200","width":350,"height":200,"srcset":"https:\/\/i0.wp.com\/www.24baires.com\/wp-content\/uploads\/2018\/10\/DICTAMEN-PRESUPUESTO.jpg?resize=350%2C200 1x, https:\/\/i0.wp.com\/www.24baires.com\/wp-content\/uploads\/2018\/10\/DICTAMEN-PRESUPUESTO.jpg?resize=525%2C300 1.5x"},"classes":[]},{"id":113502,"url":"http:\/\/www.24baires.com\/?p=113502","url_meta":{"origin":73206,"position":4},"title":"El Frente de Todos obtuvo dictamen de mayor\u00eda al proyecto de Ley de Solidaridad Social","author":"GB","date":"19\/12\/2019","format":false,"excerpt":"El megaproyecto de medidas econ\u00f3micas que envi\u00f3 el Ejecutivo ser\u00e1 tratado este jueves desde las 15 por el Plenario. El interbloque del Frente de Todosde la C\u00e1mara de Diputadosconsigui\u00f3 este mi\u00e9rcoles en un plenario de comisiones las firmas necesarias para emitir el dictamen de mayor\u00eda del proyecto de ley de\u2026","rel":"","context":"En \u00abPol\u00edtica\u00bb","block_context":{"text":"Pol\u00edtica","link":"http:\/\/www.24baires.com\/?cat=51"},"img":{"alt_text":"","src":"https:\/\/i0.wp.com\/www.24baires.com\/wp-content\/uploads\/2018\/06\/diputados.jpg?resize=350%2C200","width":350,"height":200,"srcset":"https:\/\/i0.wp.com\/www.24baires.com\/wp-content\/uploads\/2018\/06\/diputados.jpg?resize=350%2C200 1x, https:\/\/i0.wp.com\/www.24baires.com\/wp-content\/uploads\/2018\/06\/diputados.jpg?resize=525%2C300 1.5x"},"classes":[]},{"id":120484,"url":"http:\/\/www.24baires.com\/?p=120484","url_meta":{"origin":73206,"position":5},"title":"Ganancias: el oficialismo consigui\u00f3 dictamen de mayor\u00eda","author":"AF","date":"18\/09\/2023","format":false,"excerpt":"El proyecto del Gobierno impulsado por Sergio Massa logr\u00f3 el apoyo de sectores de la oposici\u00f3n. El oficialismo lo tratar\u00e1 este martes en el recinto. Con el apoyo de sectores de la oposici\u00f3n, el oficialismo logr\u00f3 emitir un dictamen de mayor\u00eda en la Comisi\u00f3n de Presupuesto sobre el proyecto de\u2026","rel":"","context":"En \u00abEconom\u00eda\u00bb","block_context":{"text":"Econom\u00eda","link":"http:\/\/www.24baires.com\/?cat=45"},"img":{"alt_text":"","src":"https:\/\/i0.wp.com\/www.24baires.com\/wp-content\/uploads\/2023\/09\/WhatsApp-Image-2023-09-18-at-22.39.55.jpeg?resize=350%2C200","width":350,"height":200,"srcset":"https:\/\/i0.wp.com\/www.24baires.com\/wp-content\/uploads\/2023\/09\/WhatsApp-Image-2023-09-18-at-22.39.55.jpeg?resize=350%2C200 1x, https:\/\/i0.wp.com\/www.24baires.com\/wp-content\/uploads\/2023\/09\/WhatsApp-Image-2023-09-18-at-22.39.55.jpeg?resize=525%2C300 1.5x"},"classes":[]}],"jetpack_sharing_enabled":true,"jetpack_likes_enabled":true,"jetpack_featured_media_url":"","_links":{"self":[{"href":"http:\/\/www.24baires.com\/index.php?rest_route=\/wp\/v2\/posts\/73206","targetHints":{"allow":["GET"]}}],"collection":[{"href":"http:\/\/www.24baires.com\/index.php?rest_route=\/wp\/v2\/posts"}],"about":[{"href":"http:\/\/www.24baires.com\/index.php?rest_route=\/wp\/v2\/types\/post"}],"author":[{"embeddable":true,"href":"http:\/\/www.24baires.com\/index.php?rest_route=\/wp\/v2\/users\/8"}],"replies":[{"embeddable":true,"href":"http:\/\/www.24baires.com\/index.php?rest_route=%2Fwp%2Fv2%2Fcomments&post=73206"}],"version-history":[{"count":1,"href":"http:\/\/www.24baires.com\/index.php?rest_route=\/wp\/v2\/posts\/73206\/revisions"}],"predecessor-version":[{"id":73207,"href":"http:\/\/www.24baires.com\/index.php?rest_route=\/wp\/v2\/posts\/73206\/revisions\/73207"}],"wp:attachment":[{"href":"http:\/\/www.24baires.com\/index.php?rest_route=%2Fwp%2Fv2%2Fmedia&parent=73206"}],"wp:term":[{"taxonomy":"category","embeddable":true,"href":"http:\/\/www.24baires.com\/index.php?rest_route=%2Fwp%2Fv2%2Fcategories&post=73206"},{"taxonomy":"post_tag","embeddable":true,"href":"http:\/\/www.24baires.com\/index.php?rest_route=%2Fwp%2Fv2%2Ftags&post=73206"}],"curies":[{"name":"wp","href":"https:\/\/api.w.org\/{rel}","templated":true}]}}